{"id":6722,"date":"2024-06-11T15:44:12","date_gmt":"2024-06-11T15:44:12","guid":{"rendered":"https:\/\/sinasefesm.com\/?p=6722"},"modified":"2024-06-11T15:44:12","modified_gmt":"2024-06-11T15:44:12","slug":"sinasefe-sm-mantem-estado-de-greve","status":"publish","type":"post","link":"https:\/\/sinasefesm.com\/index.php\/2024\/06\/11\/sinasefe-sm-mantem-estado-de-greve\/","title":{"rendered":"Sinasefe SM mant\u00e9m \u2018estado de greve\u2019"},"content":{"rendered":"\n<p>Em assembleia ocorrida na manh\u00e3 desta ter\u00e7a, 11 de junho, no Audit\u00f3rio do Col\u00e9gio Polit\u00e9cnico da UFSM, a base do Sinasefe Santa Maria decidiu manter o estado de greve. Conforme o coordenador-geral da entidade, Jos\u00e9 Ab\u00edlio Lima de Freitas, a categoria vai aguardar as reuni\u00f5es que est\u00e3o previstas para esta semana, entre sindicatos e governo, para avaliar as possibilidades de avan\u00e7o na pauta de reivindica\u00e7\u00f5es.<\/p>\n\n\n\n<p>Uma nova plen\u00e1ria dever\u00e1 ser convocada para analisar o andamento dessas negocia\u00e7\u00f5es ap\u00f3s a reuni\u00e3o da coordena\u00e7\u00e3o do Sinasefe SM, no in\u00edcio da pr\u00f3xima semana.<\/p>\n\n\n\n<figure class=\"wp-block-image size-full is-resized\"><img decoding=\"async\" src=\"https:\/\/sinasefesm.com\/wp-content\/uploads\/2024\/06\/assembleia-3-11.06-1-scaled.jpg\" alt=\"\" class=\"wp-image-6725\" style=\"width:476px;height:auto\"\/><\/figure>\n\n\n\n<p><em>Texto: Fritz Rivail<br>Fotos: Matheus S. Leite<\/em> <em>e Fritz Rivail<\/em><\/p>\n","protected":false},"excerpt":{"rendered":"<p>Em assembleia ocorrida na manh\u00e3 desta ter\u00e7a, 11 de junho, no Audit\u00f3rio do Col\u00e9gio Polit\u00e9cnico da UFSM, a base do Sinasefe Santa Maria decidiu manter o estado de greve. Conforme o coordenador-geral da entidade, Jos\u00e9 Ab\u00edlio Lima de Freitas, a categoria vai aguardar as reuni\u00f5es que est\u00e3o previstas para esta semana, entre sindicatos e governo,<\/p>\n","protected":false},"author":7,"featured_media":6723,"comment_status":"closed","ping_status":"closed","sticky":true,"template":"","format":"standard","meta":{"footnotes":""},"categories":[37,42,45,46],"tags":[],"class_list":{"0":"post-6722","1":"post","2":"type-post","3":"status-publish","4":"format-standard","5":"has-post-thumbnail","7":"category-destaque","8":"category-noticia","9":"category-sindicato","10":"category-uncategorized"},"_links":{"self":[{"href":"https:\/\/sinasefesm.com\/index.php\/wp-json\/wp\/v2\/posts\/6722","targetHints":{"allow":["GET"]}}],"collection":[{"href":"https:\/\/sinasefesm.com\/index.php\/wp-json\/wp\/v2\/posts"}],"about":[{"href":"https:\/\/sinasefesm.com\/index.php\/wp-json\/wp\/v2\/types\/post"}],"author":[{"embeddable":true,"href":"https:\/\/sinasefesm.com\/index.php\/wp-json\/wp\/v2\/users\/7"}],"replies":[{"embeddable":true,"href":"https:\/\/sinasefesm.com\/index.php\/wp-json\/wp\/v2\/comments?post=6722"}],"version-history":[{"count":0,"href":"https:\/\/sinasefesm.com\/index.php\/wp-json\/wp\/v2\/posts\/6722\/revisions"}],"wp:featuredmedia":[{"embeddable":true,"href":"https:\/\/sinasefesm.com\/index.php\/wp-json\/wp\/v2\/media\/6723"}],"wp:attachment":[{"href":"https:\/\/sinasefesm.com\/index.php\/wp-json\/wp\/v2\/media?parent=6722"}],"wp:term":[{"taxonomy":"category","embeddable":true,"href":"https:\/\/sinasefesm.com\/index.php\/wp-json\/wp\/v2\/categories?post=6722"},{"taxonomy":"post_tag","embeddable":true,"href":"https:\/\/sinasefesm.com\/index.php\/wp-json\/wp\/v2\/tags?post=6722"}],"curies":[{"name":"wp","href":"https:\/\/api.w.org\/{rel}","templated":true}]}}