{"id":6728,"date":"2024-06-12T22:28:54","date_gmt":"2024-06-12T22:28:54","guid":{"rendered":"https:\/\/sinasefesm.com\/?p=6728"},"modified":"2024-06-12T22:28:54","modified_gmt":"2024-06-12T22:28:54","slug":"marcha-nas-ruas-defenda-a-educacao-federal","status":"publish","type":"post","link":"https:\/\/sinasefesm.com\/index.php\/2024\/06\/12\/marcha-nas-ruas-defenda-a-educacao-federal\/","title":{"rendered":"Marcha nas ruas defende a educa\u00e7\u00e3o federal"},"content":{"rendered":"\n<p>Nesta ter\u00e7a, 11 de junho, sindicatos e entidades estudantis sa\u00edram \u00e0s ruas de Santa Maria para uma Marcha em Defesa da Educa\u00e7\u00e3o. A manifesta\u00e7\u00e3o saiu da pra\u00e7a dos Bombeiros (cujo nome \u00e9 Jo\u00e3o Pedro Menna Barreto) por volta de 15h, percorrendo algumas ruas centrais da cidade e culminando no Cal\u00e7ad\u00e3o da cidade.<\/p>\n\n\n\n<p>O ato foi organizado pelo Sinasefe, Se\u00e7\u00e3o Sindical do ANDES-SN (Sedufsm), Assufsm, pelo Diret\u00f3rio Central de Estudantes (DCE) e Associa\u00e7\u00e3o de P\u00f3s-Graduandos (APG), ambas as entidades de representa\u00e7\u00e3o estudantil na UFSM.<\/p>\n\n\n\n<p>Portando cartazes e faixas em que expressavam pedidos para que o governo federal prossiga com a negocia\u00e7\u00e3o da greve, que j\u00e1 se estende, em algumas categorias, por tr\u00eas meses, e em outras, com dura\u00e7\u00e3o de aproximadamente dois meses, docentes, t\u00e9cnicos e estudantes caminharam por algumas ruas buscando tamb\u00e9m o apoio da comunidade santa-mariense.<\/p>\n\n\n\n<figure class=\"wp-block-image size-full is-resized\"><img decoding=\"async\" src=\"https:\/\/sinasefesm.com\/wp-content\/uploads\/2024\/06\/Sinasefe-Marcha-11.06-1.jpg\" alt=\"\" class=\"wp-image-6731\" style=\"width:540px;height:auto\"\/><\/figure>\n\n\n\n<p>A expectativa de que o governo mantenha a negocia\u00e7\u00e3o nas reuni\u00f5es marcadas para esta semana e, no caso da pauta salarial, ofere\u00e7a algo a mais que o 0% para 2024, foi um dos pontos trazidos pelo representante do Sinasefe em S\u00e3o Vicente do Sul, Sebasti\u00e3o Saraiva, que usou o microfone localizado em cima do carro de som, durante o ato na pra\u00e7a dos Bombeiros.<\/p>\n\n\n\n<p><em>Texto e foto: Fritz Rivail<br>Sinasefe SM<\/em><\/p>\n","protected":false},"excerpt":{"rendered":"<p>Nesta ter\u00e7a, 11 de junho, sindicatos e entidades estudantis sa\u00edram \u00e0s ruas de Santa Maria para uma Marcha em Defesa da Educa\u00e7\u00e3o. A manifesta\u00e7\u00e3o saiu da pra\u00e7a dos Bombeiros (cujo nome \u00e9 Jo\u00e3o Pedro Menna Barreto) por volta de 15h, percorrendo algumas ruas centrais da cidade e culminando no Cal\u00e7ad\u00e3o da cidade. O ato foi<\/p>\n","protected":false},"author":7,"featured_media":6729,"comment_status":"closed","ping_status":"closed","sticky":true,"template":"","format":"standard","meta":{"footnotes":""},"categories":[37,41,42,45],"tags":[201,213,225],"class_list":{"0":"post-6728","1":"post","2":"type-post","3":"status-publish","4":"format-standard","5":"has-post-thumbnail","7":"category-destaque","8":"category-movimento","9":"category-noticia","10":"category-sindicato","11":"tag-reajuste-salarial","12":"tag-servico-publico","13":"tag-ufsm"},"_links":{"self":[{"href":"https:\/\/sinasefesm.com\/index.php\/wp-json\/wp\/v2\/posts\/6728","targetHints":{"allow":["GET"]}}],"collection":[{"href":"https:\/\/sinasefesm.com\/index.php\/wp-json\/wp\/v2\/posts"}],"about":[{"href":"https:\/\/sinasefesm.com\/index.php\/wp-json\/wp\/v2\/types\/post"}],"author":[{"embeddable":true,"href":"https:\/\/sinasefesm.com\/index.php\/wp-json\/wp\/v2\/users\/7"}],"replies":[{"embeddable":true,"href":"https:\/\/sinasefesm.com\/index.php\/wp-json\/wp\/v2\/comments?post=6728"}],"version-history":[{"count":0,"href":"https:\/\/sinasefesm.com\/index.php\/wp-json\/wp\/v2\/posts\/6728\/revisions"}],"wp:featuredmedia":[{"embeddable":true,"href":"https:\/\/sinasefesm.com\/index.php\/wp-json\/wp\/v2\/media\/6729"}],"wp:attachment":[{"href":"https:\/\/sinasefesm.com\/index.php\/wp-json\/wp\/v2\/media?parent=6728"}],"wp:term":[{"taxonomy":"category","embeddable":true,"href":"https:\/\/sinasefesm.com\/index.php\/wp-json\/wp\/v2\/categories?post=6728"},{"taxonomy":"post_tag","embeddable":true,"href":"https:\/\/sinasefesm.com\/index.php\/wp-json\/wp\/v2\/tags?post=6728"}],"curies":[{"name":"wp","href":"https:\/\/api.w.org\/{rel}","templated":true}]}}