{"id":6750,"date":"2024-06-19T02:09:03","date_gmt":"2024-06-19T02:09:03","guid":{"rendered":"https:\/\/sinasefesm.com\/?p=6750"},"modified":"2024-06-19T02:09:03","modified_gmt":"2024-06-19T02:09:03","slug":"assembleia-avalia-greve-e-elege-delegados-para-a-193a-plena-do-sinasefe","status":"publish","type":"post","link":"https:\/\/sinasefesm.com\/index.php\/2024\/06\/19\/assembleia-avalia-greve-e-elege-delegados-para-a-193a-plena-do-sinasefe\/","title":{"rendered":"Assembleia avalia greve e elege delegados para a 193\u00aa Plena do Sinasefe"},"content":{"rendered":"\n<p>Nesta quarta, 19 de junho, o Sinasefe Santa Maria realiza assembleia, a partir das 14h15 em primeira chamada, e \u00e0s 14h30 em segunda chamada, para deliberar sobre greve e tamb\u00e9m eleger delegados(as) que ir\u00e3o participar da 193\u00aa Plena do Sinasefe. A plen\u00e1ria acontece na sede do Sinasefe Santa Maria, localizada \u00e0 Avenida Rio Branco, n\u00ba 601, sala 02.<br><\/p>\n\n\n\n<p><strong>193\u00aa Plena do Sinasefe<br><\/strong>O Comando Nacional de Greve (CNG) do Sinasefe convocou a sua 193\u00aa Reuni\u00e3o Plena, que ocorrer\u00e1 dias 21 e 22 de junho, de forma h\u00edbrida. O evento ser\u00e1 transmitido a partir do audit\u00f3rio da Fenajufe, em Bras\u00edlia, pela plataforma do Zoom, com link a ser divulgado no momento do credenciamento.<br>A pauta da reuni\u00e3o inclui informes da Dire\u00e7\u00e3o Nacional, do CNG e dos comandos de greve das se\u00e7\u00f5es; tamb\u00e9m constam a an\u00e1lise de conjuntura, an\u00e1lise das propostas do governo e encaminhamentos.<\/p>\n\n\n\n<hr class=\"wp-block-separator has-alpha-channel-opacity\"\/>\n\n\n\n<p><em>Texto: Fritz Rivail<br>Arte: Xain\u00e3 Pitaguary<\/em><\/p>\n","protected":false},"excerpt":{"rendered":"<p>Nesta quarta, 19 de junho, o Sinasefe Santa Maria realiza assembleia, a partir das 14h15 em primeira chamada, e \u00e0s 14h30 em segunda chamada, para deliberar sobre greve e tamb\u00e9m eleger delegados(as) que ir\u00e3o participar da 193\u00aa Plena do Sinasefe. A plen\u00e1ria acontece na sede do Sinasefe Santa Maria, localizada \u00e0 Avenida Rio Branco, n\u00ba<\/p>\n","protected":false},"author":7,"featured_media":6751,"comment_status":"closed","ping_status":"closed","sticky":true,"template":"","format":"standard","meta":{"footnotes":""},"categories":[37,39,42],"tags":[59],"class_list":{"0":"post-6750","1":"post","2":"type-post","3":"status-publish","4":"format-standard","5":"has-post-thumbnail","7":"category-destaque","8":"category-eventos","9":"category-noticia","10":"tag-assembleia"},"_links":{"self":[{"href":"https:\/\/sinasefesm.com\/index.php\/wp-json\/wp\/v2\/posts\/6750","targetHints":{"allow":["GET"]}}],"collection":[{"href":"https:\/\/sinasefesm.com\/index.php\/wp-json\/wp\/v2\/posts"}],"about":[{"href":"https:\/\/sinasefesm.com\/index.php\/wp-json\/wp\/v2\/types\/post"}],"author":[{"embeddable":true,"href":"https:\/\/sinasefesm.com\/index.php\/wp-json\/wp\/v2\/users\/7"}],"replies":[{"embeddable":true,"href":"https:\/\/sinasefesm.com\/index.php\/wp-json\/wp\/v2\/comments?post=6750"}],"version-history":[{"count":0,"href":"https:\/\/sinasefesm.com\/index.php\/wp-json\/wp\/v2\/posts\/6750\/revisions"}],"wp:featuredmedia":[{"embeddable":true,"href":"https:\/\/sinasefesm.com\/index.php\/wp-json\/wp\/v2\/media\/6751"}],"wp:attachment":[{"href":"https:\/\/sinasefesm.com\/index.php\/wp-json\/wp\/v2\/media?parent=6750"}],"wp:term":[{"taxonomy":"category","embeddable":true,"href":"https:\/\/sinasefesm.com\/index.php\/wp-json\/wp\/v2\/categories?post=6750"},{"taxonomy":"post_tag","embeddable":true,"href":"https:\/\/sinasefesm.com\/index.php\/wp-json\/wp\/v2\/tags?post=6750"}],"curies":[{"name":"wp","href":"https:\/\/api.w.org\/{rel}","templated":true}]}}