{"id":6754,"date":"2024-06-20T15:04:31","date_gmt":"2024-06-20T15:04:31","guid":{"rendered":"https:\/\/sinasefesm.com\/?p=6754"},"modified":"2024-06-20T15:04:31","modified_gmt":"2024-06-20T15:04:31","slug":"sinasefe-sm-aprova-fim-do-estado-de-greve","status":"publish","type":"post","link":"https:\/\/sinasefesm.com\/index.php\/2024\/06\/20\/sinasefe-sm-aprova-fim-do-estado-de-greve\/","title":{"rendered":"Sinasefe SM aprova fim do estado de greve"},"content":{"rendered":"\n<p>Em assembleia do Sinasefe Santa Maria realizada na tarde desta quarta, 19 de junho, em sua sede, foi aprovada, por unanimidade, a finaliza\u00e7\u00e3o do estado de greve.<\/p>\n\n\n\n<p>Na outra pauta do encontro, que se referia \u00e0 escolha de delegados\/as para participar da 193\u00aa Plena do Sinasefe Nacional, que acontece dias 21 e 22 de junho, em Bras\u00edlia, de forma h\u00edbrida, foram indicados(as) e referendados(as) como delegados(as): Jos\u00e9 Abilio Lima Freitas pela diretoria; Adriana Silveira Bonum\u00e1 Bortolini, pela assembleia; e Ad\u00e3o Ant\u00f4nio Pilar Damasceno, indicado como observador.<\/p>\n\n\n\n<p><strong>193\u00aa Plena do Sinasefe<\/strong><strong><br><\/strong>O Comando Nacional de Greve (CNG) do Sinasefe convocou a sua 193\u00aa Reuni\u00e3o Plena, que ocorrer\u00e1 dias 21 e 22 de junho, de forma h\u00edbrida. O evento ser\u00e1 transmitido a partir do audit\u00f3rio da Fenajufe, em Bras\u00edlia, pela plataforma Zoom, com link a ser divulgado no momento do credenciamento.<\/p>\n\n\n\n<p>A pauta da reuni\u00e3o inclui informes da Dire\u00e7\u00e3o Nacional, do CNG e dos comandos de greve das se\u00e7\u00f5es; tamb\u00e9m consta a an\u00e1lise de conjuntura, an\u00e1lise das propostas do governo e encaminhamentos.<\/p>\n\n\n\n<p><em>Texto: Fritz Rivail<br>Imagens: Arquivo pessoal<\/em><em><\/em><\/p>\n","protected":false},"excerpt":{"rendered":"<p>Em assembleia do Sinasefe Santa Maria realizada na tarde desta quarta, 19 de junho, em sua sede, foi aprovada, por unanimidade, a finaliza\u00e7\u00e3o do estado de greve. Na outra pauta do encontro, que se referia \u00e0 escolha de delegados\/as para participar da 193\u00aa Plena do Sinasefe Nacional, que acontece dias 21 e 22 de junho,<\/p>\n","protected":false},"author":7,"featured_media":6755,"comment_status":"closed","ping_status":"closed","sticky":true,"template":"","format":"standard","meta":{"footnotes":""},"categories":[37,42,45],"tags":[59,187,225],"class_list":{"0":"post-6754","1":"post","2":"type-post","3":"status-publish","4":"format-standard","5":"has-post-thumbnail","7":"category-destaque","8":"category-noticia","9":"category-sindicato","10":"tag-assembleia","11":"tag-plenaria-nacional","12":"tag-ufsm"},"_links":{"self":[{"href":"https:\/\/sinasefesm.com\/index.php\/wp-json\/wp\/v2\/posts\/6754","targetHints":{"allow":["GET"]}}],"collection":[{"href":"https:\/\/sinasefesm.com\/index.php\/wp-json\/wp\/v2\/posts"}],"about":[{"href":"https:\/\/sinasefesm.com\/index.php\/wp-json\/wp\/v2\/types\/post"}],"author":[{"embeddable":true,"href":"https:\/\/sinasefesm.com\/index.php\/wp-json\/wp\/v2\/users\/7"}],"replies":[{"embeddable":true,"href":"https:\/\/sinasefesm.com\/index.php\/wp-json\/wp\/v2\/comments?post=6754"}],"version-history":[{"count":0,"href":"https:\/\/sinasefesm.com\/index.php\/wp-json\/wp\/v2\/posts\/6754\/revisions"}],"wp:featuredmedia":[{"embeddable":true,"href":"https:\/\/sinasefesm.com\/index.php\/wp-json\/wp\/v2\/media\/6755"}],"wp:attachment":[{"href":"https:\/\/sinasefesm.com\/index.php\/wp-json\/wp\/v2\/media?parent=6754"}],"wp:term":[{"taxonomy":"category","embeddable":true,"href":"https:\/\/sinasefesm.com\/index.php\/wp-json\/wp\/v2\/categories?post=6754"},{"taxonomy":"post_tag","embeddable":true,"href":"https:\/\/sinasefesm.com\/index.php\/wp-json\/wp\/v2\/tags?post=6754"}],"curies":[{"name":"wp","href":"https:\/\/api.w.org\/{rel}","templated":true}]}}