{"id":6780,"date":"2024-06-28T18:57:53","date_gmt":"2024-06-28T18:57:53","guid":{"rendered":"https:\/\/sinasefesm.com\/?p=6780"},"modified":"2024-06-28T18:57:53","modified_gmt":"2024-06-28T18:57:53","slug":"sinasefe-assina-termos-de-acordo-com-o-governo-federal","status":"publish","type":"post","link":"https:\/\/sinasefesm.com\/index.php\/2024\/06\/28\/sinasefe-assina-termos-de-acordo-com-o-governo-federal\/","title":{"rendered":"Sinasefe assina Termos de Acordo com o Governo Federal\u00a0"},"content":{"rendered":"\n<p>Na \u00faltima quinta-feira, 27 de junho, em Bras\u00edlia-DF, a Dire\u00e7\u00e3o Nacional do sindicato assinou dois Termos de Acordo com o Minist\u00e9rio da Gest\u00e3o e da Inova\u00e7\u00e3o em Servi\u00e7os P\u00fablicos (MGI), um referente \u00e0 carreira dos T\u00e9cnico-Administrativos em Educa\u00e7\u00e3o (TAEs) e dos docentes do Ensino B\u00e1sico, T\u00e9cnico e Tecnol\u00f3gico (EBTT). A assinatura dos documentos era exig\u00eancia do Sinasefe para finalizar o movimento paredista, que teve in\u00edcio h\u00e1 86 dias. At\u00e9 tr\u00eas de julho, os sindicalizados devem retornar, integralmente, \u00e0s suas atividades.<\/p>\n\n\n\n<figure class=\"wp-block-gallery has-nested-images columns-default is-cropped wp-block-gallery-1 is-layout-flex wp-block-gallery-is-layout-flex\">\n<figure class=\"wp-block-image size-large\"><img decoding=\"async\" data-id=\"6781\" src=\"https:\/\/sinasefesm.com\/wp-content\/uploads\/2024\/06\/WhatsApp-Image-2024-06-28-at-15.54.36-1.jpeg\" alt=\"\" class=\"wp-image-6781\"\/><\/figure>\n\n\n\n<figure class=\"wp-block-image size-large\"><img decoding=\"async\" data-id=\"6782\" src=\"https:\/\/sinasefesm.com\/wp-content\/uploads\/2024\/06\/WhatsApp-Image-2024-06-28-at-15.54.35-1.jpeg\" alt=\"\" class=\"wp-image-6782\"\/><\/figure>\n\n\n\n<figure class=\"wp-block-image size-large\"><img decoding=\"async\" data-id=\"6783\" src=\"https:\/\/sinasefesm.com\/wp-content\/uploads\/2024\/06\/WhatsApp-Image-2024-06-28-at-15.54.36.jpeg\" alt=\"\" class=\"wp-image-6783\"\/><\/figure>\n\n\n\n<figure class=\"wp-block-image size-large\"><img decoding=\"async\" data-id=\"6784\" src=\"https:\/\/sinasefesm.com\/wp-content\/uploads\/2024\/06\/WhatsApp-Image-2024-06-28-at-15.54.34.jpeg\" alt=\"\" class=\"wp-image-6784\"\/><\/figure>\n\n\n\n<figure class=\"wp-block-image size-large\"><img decoding=\"async\" data-id=\"6785\" src=\"https:\/\/sinasefesm.com\/wp-content\/uploads\/2024\/06\/WhatsApp-Image-2024-06-28-at-15.54.33.jpeg\" alt=\"\" class=\"wp-image-6785\"\/><\/figure>\n<\/figure>\n\n\n\n<p>Os Termos de Acordo discorrem acerca da reestrutura\u00e7\u00e3o das carreiras, atendendo, ao menos em partes, as exig\u00eancias reivindicadas durante a greve. Saiba mais sobre as medidas propostas pela gest\u00e3o Lula <a href=\"https:\/\/sinasefesm.com\/sinasefe-nacional-suspende-greve\/\">aqui<\/a>.<\/p>\n\n\n\n<p>Em nome do Sinasefe Nacional, estiveram presentes na cerim\u00f4nia de assinatura dos documentos: Artemis Martins (coordenadora geral do SINASEFE), Euza Raquel (integrante da CND-SINASEFE), Grazielle Fel\u00edcio (integrante da CNS-SINASEFE), Leewertton Marreiro (integrante da CNS-SINASEFE), Manoel Porto Jr. (secret\u00e1rio-adjunto de pol\u00edticas educacionais do SINASEFE) e William Carvalho (integrante da CNS-SINASEFE).<\/p>\n\n\n\n<p>Confira, abaixo, os Termos de Acordo na \u00edntegra:<\/p>\n\n\n\n<div data-wp-interactive=\"core\/file\" class=\"wp-block-file\"><object data-wp-bind--hidden=\"!state.hasPdfPreview\" hidden class=\"wp-block-file__embed\" data=\"https:\/\/sinasefesm.com\/wp-content\/uploads\/2024\/06\/20240627TERMOGREVEPCCTAE.pdf\" type=\"application\/pdf\" style=\"width:100%;height:600px\" aria-label=\"Incorporado de TERMOPCCTAE.\"><\/object><a id=\"wp-block-file--media-43e4cf50-9a1e-44ac-885a-c0d22b7a550b\" href=\"https:\/\/sinasefesm.com\/wp-content\/uploads\/2024\/06\/20240627TERMOGREVEPCCTAE.pdf\">TERMOPCCTAE<\/a><a href=\"https:\/\/sinasefesm.com\/wp-content\/uploads\/2024\/06\/20240627TERMOGREVEPCCTAE.pdf\" class=\"wp-block-file__button wp-element-button\" download aria-describedby=\"wp-block-file--media-43e4cf50-9a1e-44ac-885a-c0d22b7a550b\">Baixar<\/a><\/div>\n\n\n\n<div data-wp-interactive=\"core\/file\" class=\"wp-block-file\"><object data-wp-bind--hidden=\"!state.hasPdfPreview\" hidden class=\"wp-block-file__embed\" data=\"https:\/\/sinasefesm.com\/wp-content\/uploads\/2024\/06\/20240627TERMOGREVEPCCMFEBTT-1.pdf\" type=\"application\/pdf\" style=\"width:100%;height:600px\" aria-label=\"Incorporado de TERMOPCCMFEBTT.\"><\/object><a id=\"wp-block-file--media-d11411d2-03cf-49d6-b793-4e36cb668556\" href=\"https:\/\/sinasefesm.com\/wp-content\/uploads\/2024\/06\/20240627TERMOGREVEPCCMFEBTT-1.pdf\">TERMOPCCMFEBTT<\/a><a href=\"https:\/\/sinasefesm.com\/wp-content\/uploads\/2024\/06\/20240627TERMOGREVEPCCMFEBTT-1.pdf\" class=\"wp-block-file__button wp-element-button\" download aria-describedby=\"wp-block-file--media-d11411d2-03cf-49d6-b793-4e36cb668556\">Baixar<\/a><\/div>\n\n\n\n<hr class=\"wp-block-separator has-alpha-channel-opacity\"\/>\n\n\n\n<p><em>*com informa\u00e7\u00f5es do Sinasefe Nacional<\/em><\/p>\n\n\n\n<p><em>Texto: Laurent Keller<\/em><\/p>\n\n\n\n<p><em>Imagens: Sinasefe Nacional<\/em><\/p>\n","protected":false},"excerpt":{"rendered":"<p>Na \u00faltima quinta-feira, 27 de junho, em Bras\u00edlia-DF, a Dire\u00e7\u00e3o Nacional do sindicato assinou dois Termos de Acordo com o Minist\u00e9rio da Gest\u00e3o e da Inova\u00e7\u00e3o em Servi\u00e7os P\u00fablicos (MGI), um referente \u00e0 carreira dos T\u00e9cnico-Administrativos em Educa\u00e7\u00e3o (TAEs) e dos docentes do Ensino B\u00e1sico, T\u00e9cnico e Tecnol\u00f3gico (EBTT). A assinatura dos documentos era exig\u00eancia<\/p>\n","protected":false},"author":5,"featured_media":6788,"comment_status":"closed","ping_status":"closed","sticky":true,"template":"","format":"standard","meta":{"footnotes":""},"categories":[37,41,42],"tags":[255,259,183,280],"class_list":{"0":"post-6780","1":"post","2":"type-post","3":"status-publish","4":"format-standard","5":"has-post-thumbnail","7":"category-destaque","8":"category-movimento","9":"category-noticia","10":"tag-ebtt","11":"tag-governo-federal","12":"tag-pcctae","13":"tag-termos-de-acordo"},"_links":{"self":[{"href":"https:\/\/sinasefesm.com\/index.php\/wp-json\/wp\/v2\/posts\/6780","targetHints":{"allow":["GET"]}}],"collection":[{"href":"https:\/\/sinasefesm.com\/index.php\/wp-json\/wp\/v2\/posts"}],"about":[{"href":"https:\/\/sinasefesm.com\/index.php\/wp-json\/wp\/v2\/types\/post"}],"author":[{"embeddable":true,"href":"https:\/\/sinasefesm.com\/index.php\/wp-json\/wp\/v2\/users\/5"}],"replies":[{"embeddable":true,"href":"https:\/\/sinasefesm.com\/index.php\/wp-json\/wp\/v2\/comments?post=6780"}],"version-history":[{"count":0,"href":"https:\/\/sinasefesm.com\/index.php\/wp-json\/wp\/v2\/posts\/6780\/revisions"}],"wp:featuredmedia":[{"embeddable":true,"href":"https:\/\/sinasefesm.com\/index.php\/wp-json\/wp\/v2\/media\/6788"}],"wp:attachment":[{"href":"https:\/\/sinasefesm.com\/index.php\/wp-json\/wp\/v2\/media?parent=6780"}],"wp:term":[{"taxonomy":"category","embeddable":true,"href":"https:\/\/sinasefesm.com\/index.php\/wp-json\/wp\/v2\/categories?post=6780"},{"taxonomy":"post_tag","embeddable":true,"href":"https:\/\/sinasefesm.com\/index.php\/wp-json\/wp\/v2\/tags?post=6780"}],"curies":[{"name":"wp","href":"https:\/\/api.w.org\/{rel}","templated":true}]}}