{"id":6791,"date":"2024-07-01T13:48:23","date_gmt":"2024-07-01T13:48:23","guid":{"rendered":"https:\/\/sinasefesm.com\/?p=6791"},"modified":"2024-07-01T13:48:23","modified_gmt":"2024-07-01T13:48:23","slug":"gt-do-sinasefe-sm-reflete-sobre-temas-de-politicas-educacionais","status":"publish","type":"post","link":"https:\/\/sinasefesm.com\/index.php\/2024\/07\/01\/gt-do-sinasefe-sm-reflete-sobre-temas-de-politicas-educacionais\/","title":{"rendered":"GT do Sinasefe SM reflete sobre temas de pol\u00edticas educacionais"},"content":{"rendered":"\n<p>Na \u00faltima sexta, 28 de junho, integrantes do <em>GT Pol\u00edticas Educacionais e Culturais<\/em> do Sinasefe Santa Maria reuniram-se no turno da tarde no audit\u00f3rio do Est\u00fadio SAB, Pr\u00e9dio 05E do Col\u00e9gio T\u00e9cnico Industrial (CTISM\/UFSM).<\/p>\n\n\n\n<p>A pauta do encontro era debater tem\u00e1ticas diretamente relacionadas \u00e0s pol\u00edticas educacionais de \u00e2mbito nacional do Sinasefe, tais como, ensino m\u00e9dio integrado e forma\u00e7\u00e3o inicial e continuada de professoras e professores da Educa\u00e7\u00e3o Profissional e Tecnol\u00f3gica (EPT).<\/p>\n\n\n\n<figure class=\"wp-block-image size-full is-resized\"><img decoding=\"async\" src=\"https:\/\/sinasefesm.com\/wp-content\/uploads\/2024\/07\/sinasefe-GT-28.06.jpg\" alt=\"\" class=\"wp-image-6793\" style=\"width:420px;height:auto\"\/><\/figure>\n\n\n\n<p>Ao longo do debate, as duas tem\u00e1ticas convergiram para um ponto central, que \u00e9 a necessidade de forma\u00e7\u00e3o, tanto do\/a discente, que carece do princ\u00edpio educativo do trabalho e, tamb\u00e9m, do\/a docente, que precisa constantemente repensar as suas pr\u00e1ticas, tanto na sua \u00e1rea de conhecimento espec\u00edfico, como tamb\u00e9m num campo mais abrangente da educa\u00e7\u00e3o, o dos saberes did\u00e1tico-pol\u00edtico-pedag\u00f3gicos.<\/p>\n\n\n\n<p>Na atividade desta sexta-feira participaram representantes do CTISM, do Col\u00e9gio Polit\u00e9cnico, da UFSM, do Col\u00e9gio Militar e do Instituto Federal Farroupilha, campus de S\u00e3o Vicente do Sul.<\/p>\n\n\n\n<figure class=\"wp-block-image size-full is-resized\"><img decoding=\"async\" src=\"https:\/\/sinasefesm.com\/wp-content\/uploads\/2024\/07\/Sinasefe-GT-28.06-3.jpg\" alt=\"\" class=\"wp-image-6794\" style=\"width:452px;height:auto\"\/><\/figure>\n\n\n\n<p>A pr\u00f3xima reuni\u00e3o do Grupo de Trabalho do Sinasefe Santa Maria acontecer\u00e1 no dia 12 de julho, \u00e0s 14h30min, na sala de reuni\u00f5es da Pr\u00f3-Reitoria de Assuntos Estudantis (PRAE), no pr\u00e9dio 40D da UFSM. A coordena\u00e7\u00e3o do GT convida \u00e0 participa\u00e7\u00e3o de todos\/as das discuss\u00f5es como forma de fortalecimento do Grupo.<\/p>\n\n\n\n<p><em>Texto: Fritz Rivail<br>Fotos: Arquivo pessoal<\/em><\/p>\n","protected":false},"excerpt":{"rendered":"<p>Na \u00faltima sexta, 28 de junho, integrantes do GT Pol\u00edticas Educacionais e Culturais do Sinasefe Santa Maria reuniram-se no turno da tarde no audit\u00f3rio do Est\u00fadio SAB, Pr\u00e9dio 05E do Col\u00e9gio T\u00e9cnico Industrial (CTISM\/UFSM). A pauta do encontro era debater tem\u00e1ticas diretamente relacionadas \u00e0s pol\u00edticas educacionais de \u00e2mbito nacional do Sinasefe, tais como, ensino m\u00e9dio<\/p>\n","protected":false},"author":7,"featured_media":6792,"comment_status":"closed","ping_status":"closed","sticky":true,"template":"","format":"standard","meta":{"footnotes":""},"categories":[37,39,41,42,45],"tags":[],"class_list":{"0":"post-6791","1":"post","2":"type-post","3":"status-publish","4":"format-standard","5":"has-post-thumbnail","7":"category-destaque","8":"category-eventos","9":"category-movimento","10":"category-noticia","11":"category-sindicato"},"_links":{"self":[{"href":"https:\/\/sinasefesm.com\/index.php\/wp-json\/wp\/v2\/posts\/6791","targetHints":{"allow":["GET"]}}],"collection":[{"href":"https:\/\/sinasefesm.com\/index.php\/wp-json\/wp\/v2\/posts"}],"about":[{"href":"https:\/\/sinasefesm.com\/index.php\/wp-json\/wp\/v2\/types\/post"}],"author":[{"embeddable":true,"href":"https:\/\/sinasefesm.com\/index.php\/wp-json\/wp\/v2\/users\/7"}],"replies":[{"embeddable":true,"href":"https:\/\/sinasefesm.com\/index.php\/wp-json\/wp\/v2\/comments?post=6791"}],"version-history":[{"count":0,"href":"https:\/\/sinasefesm.com\/index.php\/wp-json\/wp\/v2\/posts\/6791\/revisions"}],"wp:featuredmedia":[{"embeddable":true,"href":"https:\/\/sinasefesm.com\/index.php\/wp-json\/wp\/v2\/media\/6792"}],"wp:attachment":[{"href":"https:\/\/sinasefesm.com\/index.php\/wp-json\/wp\/v2\/media?parent=6791"}],"wp:term":[{"taxonomy":"category","embeddable":true,"href":"https:\/\/sinasefesm.com\/index.php\/wp-json\/wp\/v2\/categories?post=6791"},{"taxonomy":"post_tag","embeddable":true,"href":"https:\/\/sinasefesm.com\/index.php\/wp-json\/wp\/v2\/tags?post=6791"}],"curies":[{"name":"wp","href":"https:\/\/api.w.org\/{rel}","templated":true}]}}