{"id":6797,"date":"2024-07-04T00:09:00","date_gmt":"2024-07-04T00:09:00","guid":{"rendered":"https:\/\/sinasefesm.com\/?p=6797"},"modified":"2024-07-04T00:09:00","modified_gmt":"2024-07-04T00:09:00","slug":"as-conquistas-garantidas-pela-greve-da-educacao-federal","status":"publish","type":"post","link":"https:\/\/sinasefesm.com\/index.php\/2024\/07\/04\/as-conquistas-garantidas-pela-greve-da-educacao-federal\/","title":{"rendered":"As conquistas garantidas pela greve da educa\u00e7\u00e3o federal"},"content":{"rendered":"\n<p>Depois de quase tr\u00eas meses em greve (iniciada em 3 de abril e finalizada em 22 de junho), o Sinasefe, em conjunto com outros sindicatos ligados \u00e0 educa\u00e7\u00e3o p\u00fablica, enfim chegou a um acordo com o governo federal, que garantiu uma s\u00e9rie de reivindica\u00e7\u00f5es para a categoria. Por meio dos <a href=\"https:\/\/sinasefesm.com\/sinasefe-assina-termos-de-acordo-com-o-governo-federal\/\">Termos de Acordo<\/a>, assinados dia 27 de junho, foram aprovadas mudan\u00e7as para docentes da carreira Ensino B\u00e1sico, T\u00e9cnico e Tecnol\u00f3gico (EBTT) e T\u00e9cnico-Administrativos em Educa\u00e7\u00e3o (TAEs), al\u00e9m de investimentos para as institui\u00e7\u00f5es federais de ensino.&nbsp;<\/p>\n\n\n\n<p>Em rela\u00e7\u00e3o aos Institutos Federais, R$ 120,7 milh\u00f5es ser\u00e3o destinados \u00e0 recomposi\u00e7\u00e3o e, at\u00e9 2026, mais R$ 3,9 bilh\u00f5es de investimentos, enquanto para as universidades federais, ser\u00e3o R$ 279 milh\u00f5es voltados \u00e0 recomposi\u00e7\u00e3o e R$ 5,5 bilh\u00f5es a investimentos, incluindo os hospitais universit\u00e1rios. Al\u00e9m disso, houve a aprova\u00e7\u00e3o da Lei da Pol\u00edtica Nacional de Assist\u00eancia Estudantil (PNAES), pol\u00edtica voltada a garantir a perman\u00eancia estudantil de alunos de baixa renda na educa\u00e7\u00e3o superior e na educa\u00e7\u00e3o profissional tecnol\u00f3gica. A medida deve garantir aux\u00edlios \u00e0 moradia, \u00e0 alimenta\u00e7\u00e3o, ao transporte, \u00e0 sa\u00fade, \u00e0 inclus\u00e3o digital, \u00e0 cultura, ao esporte, \u00e0 creche e ao apoio pedag\u00f3gico, segundo informa\u00e7\u00f5es do <a href=\"https:\/\/www.gov.br\/mec\/pt-br\/assuntos\/noticias\/2024\/junho\/mec-implementara-politica-nacional-de-assistencia-estudantil\">governo federal<\/a>.&nbsp;<\/p>\n\n\n\n<figure class=\"wp-block-image size-full\"><img decoding=\"async\" src=\"https:\/\/sinasefesm.com\/wp-content\/uploads\/2024\/07\/004.jpg\" alt=\"\" class=\"wp-image-6799\"\/><figcaption class=\"wp-element-caption\">Momento de assinatura dos Termos de Acordo.<\/figcaption><\/figure>\n\n\n\n<p class=\"has-medium-font-size\"><strong>Conquistas da carreira TAE<\/strong><\/p>\n\n\n\n<p>Dentre os principais avan\u00e7os voltados aos TAEs, o Coordenador Geral da se\u00e7\u00e3o sindical de Santa Maria, Jos\u00e9 Ab\u00edlio de Freitas, destaca a reestrutura\u00e7\u00e3o dos sal\u00e1rios e da carreira, que ter\u00e1 avan\u00e7os principalmente em rela\u00e7\u00e3o \u00e0 progress\u00e3o de carreira (steps), que aumentar\u00e1 da taxa atual de 3,9% para 4% em janeiro de 2025 e para 4,1% em abril de 2026. O Coordenador da se\u00e7\u00e3o local traz um exemplo para esclarecer:<em> \u2018\u2019 ser\u00e1 feita uma redistribui\u00e7\u00e3o de acordo com cada fun\u00e7\u00e3o, em rela\u00e7\u00e3o \u00e0 escolaridade. Um assistente de aluno, por exemplo, \u00e9 atualmente n\u00edvel C, que \u00e9 ensino fundamental, Com as altera\u00e7\u00f5es, passar\u00e1 a ser n\u00edvel D, que \u00e9 n\u00edvel m\u00e9dio. Porque o concurso para assistente de aluno exige n\u00edvel m\u00e9dio\u2019\u2019, <\/em>esclarece Ab\u00edlio de Freitas.<em>&nbsp;<\/em><\/p>\n\n\n\n<p>Tamb\u00e9m para a carreira dos TAEs, a partir de abril de 2026 ser\u00e1 implementado o Reconhecimento de Saberes e Compet\u00eancias (RSC), com o objetivo de garantir mais valoriza\u00e7\u00e3o ao trabalho da categoria. Al\u00e9m disso, o Termo de Acordo da carreira inclui a recomposi\u00e7\u00e3o dos aposentados, concursos de int\u00e9rpretes de libras (N\u00edvel E) e jornada de trabalho de 6 horas ininterruptas (30 horas semanais) sem redu\u00e7\u00e3o da remunera\u00e7\u00e3o.&nbsp;<\/p>\n\n\n\n<p>Abaixo, confira na \u00edntegra as altera\u00e7\u00f5es assinadas para os TAEs.<\/p>\n\n\n\n<div data-wp-interactive=\"core\/file\" class=\"wp-block-file\"><object data-wp-bind--hidden=\"!state.hasPdfPreview\" hidden class=\"wp-block-file__embed\" data=\"https:\/\/sinasefesm.com\/wp-content\/uploads\/2024\/07\/20240627TERMOGREVEPCCTAE.pdf\" type=\"application\/pdf\" style=\"width:100%;height:600px\" aria-label=\"Incorporado de TERMO_PCCTAE.\"><\/object><a id=\"wp-block-file--media-da0e2cd5-feb8-4113-9138-9f9629fdbae0\" href=\"https:\/\/sinasefesm.com\/wp-content\/uploads\/2024\/07\/20240627TERMOGREVEPCCTAE.pdf\">TERMO_PCCTAE<\/a><a href=\"https:\/\/sinasefesm.com\/wp-content\/uploads\/2024\/07\/20240627TERMOGREVEPCCTAE.pdf\" class=\"wp-block-file__button wp-element-button\" download aria-describedby=\"wp-block-file--media-da0e2cd5-feb8-4113-9138-9f9629fdbae0\">Baixar<\/a><\/div>\n\n\n\n<p>Apesar dos avan\u00e7os, Ab\u00edlio de Freitas lembra que ainda h\u00e1 pelo que lutar: \u2018\u2019<em>continuamos com muitas demandas, como aquele fosso que existe na grade salarial, entre o n\u00edvel D e o E. Mas enfim, nem tudo conseguimos ganhar dentro de uma greve.<\/em>\u2019\u2019<\/p>\n\n\n\n<p class=\"has-medium-font-size\"><strong>Conquistas da carreira EBTT<\/strong><\/p>\n\n\n\n<p>Assim como para os TAEs, docentes do EBTTEBTT ter\u00e3o reestrutura\u00e7\u00e3o nas carreiras e recomposi\u00e7\u00e3o nos sal\u00e1rios. Em rela\u00e7\u00e3o \u00e0 progress\u00e3o de carreiras, h\u00e1 aumentos previstos para 2025 e 2026. Confira as porcentagens no documento abaixo:&nbsp;<\/p>\n\n\n\n<div data-wp-interactive=\"core\/file\" class=\"wp-block-file\"><object data-wp-bind--hidden=\"!state.hasPdfPreview\" hidden class=\"wp-block-file__embed\" data=\"https:\/\/sinasefesm.com\/wp-content\/uploads\/2024\/07\/20240627TERMOGREVEPCCMFEBTT-1.pdf\" type=\"application\/pdf\" style=\"width:100%;height:600px\" aria-label=\"Incorporado de TERMO_PCCMFEBTT.\"><\/object><a id=\"wp-block-file--media-bfa3803f-f813-4b27-871a-7804d155feac\" href=\"https:\/\/sinasefesm.com\/wp-content\/uploads\/2024\/07\/20240627TERMOGREVEPCCMFEBTT-1.pdf\">TERMO_PCCMFEBTT<\/a><a href=\"https:\/\/sinasefesm.com\/wp-content\/uploads\/2024\/07\/20240627TERMOGREVEPCCMFEBTT-1.pdf\" class=\"wp-block-file__button wp-element-button\" download aria-describedby=\"wp-block-file--media-bfa3803f-f813-4b27-871a-7804d155feac\">Baixar<\/a><\/div>\n\n\n\n<p>Os professores conquistaram tamb\u00e9m a revoga\u00e7\u00e3o da <a href=\"https:\/\/www.ifsp.edu.br\/images\/pdf\/PORTARIA_N_983_DE_18_DE_NOVEMBRO_DE_2020_-_PORTARIA_N_983_DE_18_DE_NOVEMBRO_DE_2020_-_DOU_-_Imprensa_Nacional.pdf\">Portaria n\u00b0 983\/2020<\/a>, demanda reivindicada desde governos anteriores; a n\u00e3o exig\u00eancia do <a href=\"https:\/\/sinasefesm.com\/segue-dialogo-na-ufsm-para-evitar-ponto-eletronico-a-docente-ebtt\/\">ponto eletr\u00f4nico<\/a>, medida que desconsiderava o tempo de trabalho dos docentes fora do ambiente escolar; a articula\u00e7\u00e3o de regras nacionais padronizadas para a progress\u00e3o dos docentes; fora outras demandas listadas no documento acima.&nbsp;<\/p>\n\n\n\n<p class=\"has-medium-font-size\"><strong>A import\u00e2ncia da unidade dos sindicatos<\/strong><\/p>\n\n\n\n<p>Para al\u00e9m das conquistas garantidas documentalmente, Ab\u00edlio de Freitas acredita ser importante destacar a uni\u00e3o sindical entre Sinasefe, Fasubra e Andes para a garantia das conquistas. \u2018\u2019<em>Eu achei muito importante essa greve para mobiliza\u00e7\u00e3o interna, por conta da grande uni\u00e3o que houve entre os sindicatos, caminhando juntos e colocando a unidade em primeiro lugar<\/em>\u2019\u2019, refor\u00e7a o Coordenador. Sem a for\u00e7a e organiza\u00e7\u00e3o sindical, as reivindica\u00e7\u00f5es n\u00e3o seriam estabelecidas.<\/p>\n\n\n\n<figure class=\"wp-block-gallery has-nested-images columns-default is-cropped wp-block-gallery-1 is-layout-flex wp-block-gallery-is-layout-flex\">\n<figure class=\"wp-block-image size-large\"><img decoding=\"async\" data-id=\"6802\" src=\"https:\/\/sinasefesm.com\/wp-content\/uploads\/2024\/07\/20240611_153448.jpg\" alt=\"\" class=\"wp-image-6802\"\/><\/figure>\n\n\n\n<figure class=\"wp-block-image size-large\"><img decoding=\"async\" data-id=\"6803\" src=\"https:\/\/sinasefesm.com\/wp-content\/uploads\/2024\/07\/Imagem-do-WhatsApp-de-2024-06-27-as-17.14.37_fd702a86.jpg\" alt=\"\" class=\"wp-image-6803\"\/><\/figure>\n\n\n\n<figure class=\"wp-block-image size-large\"><img decoding=\"async\" data-id=\"6804\" src=\"https:\/\/sinasefesm.com\/wp-content\/uploads\/2024\/07\/Imagem-do-WhatsApp-de-2024-06-27-as-17.14.36_d06f383d.jpg\" alt=\"\" class=\"wp-image-6804\"\/><\/figure>\n\n\n\n<figure class=\"wp-block-image size-large\"><img decoding=\"async\" data-id=\"6805\" src=\"https:\/\/sinasefesm.com\/wp-content\/uploads\/2024\/07\/Imagem-do-WhatsApp-de-2024-06-27-as-17.14.37_fe2db862.jpg\" alt=\"\" class=\"wp-image-6805\"\/><\/figure>\n<figcaption class=\"blocks-gallery-caption wp-element-caption\">Registros de manifesta\u00e7\u00f5es feitas durante a greve.<\/figcaption><\/figure>\n\n\n\n<hr class=\"wp-block-separator has-alpha-channel-opacity\"\/>\n\n\n\n<p><em>Texto: Laurent Keller<\/em><\/p>\n\n\n\n<p><em>Imagens: Sinasefe Nacional<\/em><\/p>\n\n\n\n<p><em>Edi\u00e7\u00e3o: Fritz Rivail<\/em><\/p>\n","protected":false},"excerpt":{"rendered":"<p>Depois de quase tr\u00eas meses em greve (iniciada em 3 de abril e finalizada em 22 de junho), o Sinasefe, em conjunto com outros sindicatos ligados \u00e0 educa\u00e7\u00e3o p\u00fablica, enfim chegou a um acordo com o governo federal, que garantiu uma s\u00e9rie de reivindica\u00e7\u00f5es para a categoria. Por meio dos Termos de Acordo, assinados dia<\/p>\n","protected":false},"author":5,"featured_media":6798,"comment_status":"closed","ping_status":"closed","sticky":true,"template":"","format":"standard","meta":{"footnotes":""},"categories":[37,42],"tags":[255,260,155,183,281],"class_list":{"0":"post-6797","1":"post","2":"type-post","3":"status-publish","4":"format-standard","5":"has-post-thumbnail","7":"category-destaque","8":"category-noticia","9":"tag-ebtt","10":"tag-greve","11":"tag-institutos-federais","12":"tag-pcctae","13":"tag-universidades"},"_links":{"self":[{"href":"https:\/\/sinasefesm.com\/index.php\/wp-json\/wp\/v2\/posts\/6797","targetHints":{"allow":["GET"]}}],"collection":[{"href":"https:\/\/sinasefesm.com\/index.php\/wp-json\/wp\/v2\/posts"}],"about":[{"href":"https:\/\/sinasefesm.com\/index.php\/wp-json\/wp\/v2\/types\/post"}],"author":[{"embeddable":true,"href":"https:\/\/sinasefesm.com\/index.php\/wp-json\/wp\/v2\/users\/5"}],"replies":[{"embeddable":true,"href":"https:\/\/sinasefesm.com\/index.php\/wp-json\/wp\/v2\/comments?post=6797"}],"version-history":[{"count":0,"href":"https:\/\/sinasefesm.com\/index.php\/wp-json\/wp\/v2\/posts\/6797\/revisions"}],"wp:featuredmedia":[{"embeddable":true,"href":"https:\/\/sinasefesm.com\/index.php\/wp-json\/wp\/v2\/media\/6798"}],"wp:attachment":[{"href":"https:\/\/sinasefesm.com\/index.php\/wp-json\/wp\/v2\/media?parent=6797"}],"wp:term":[{"taxonomy":"category","embeddable":true,"href":"https:\/\/sinasefesm.com\/index.php\/wp-json\/wp\/v2\/categories?post=6797"},{"taxonomy":"post_tag","embeddable":true,"href":"https:\/\/sinasefesm.com\/index.php\/wp-json\/wp\/v2\/tags?post=6797"}],"curies":[{"name":"wp","href":"https:\/\/api.w.org\/{rel}","templated":true}]}}