{"id":6808,"date":"2024-07-05T20:17:12","date_gmt":"2024-07-05T20:17:12","guid":{"rendered":"https:\/\/sinasefesm.com\/?p=6808"},"modified":"2024-07-05T20:17:12","modified_gmt":"2024-07-05T20:17:12","slug":"sinasefe-explica-situacao-do-decreto-1590-1995-e-das-alteracoes-publicadas-em-03-07","status":"publish","type":"post","link":"https:\/\/sinasefesm.com\/index.php\/2024\/07\/05\/sinasefe-explica-situacao-do-decreto-1590-1995-e-das-alteracoes-publicadas-em-03-07\/","title":{"rendered":"SINASEFE explica situa\u00e7\u00e3o do Decreto 1590\/1995 e das altera\u00e7\u00f5es publicadas em 03\/07"},"content":{"rendered":"\n<p>O SINASEFE foi surpreendido negativamente ontem (04\/07) pelo Governo Federal, com a publica\u00e7\u00e3o do&nbsp;<a href=\"https:\/\/www.planalto.gov.br\/ccivil_03\/_ato2023-2026\/2024\/decreto\/D12093.htm\" target=\"_blank\" rel=\"noreferrer noopener\">Decreto n\u00ba 12.093\/2024<\/a>&nbsp;(em 03\/07), que alterou o&nbsp;<a href=\"https:\/\/www.planalto.gov.br\/ccivil_03\/decreto\/D1590.htm\" target=\"_blank\" rel=\"noreferrer noopener\">Decreto n\u00ba 1.590\/1995<\/a>&nbsp;no tocante ao controle de frequ\u00eancia no servi\u00e7o p\u00fablico.<\/p>\n\n\n\n<p>Esper\u00e1vamos de imediato o cumprimento do&nbsp;<a href=\"https:\/\/sinasefe.org.br\/site\/download\/termo-de-acordo-no-10-greve-2024-reestruturacao-do-pccmf-ebtt\/\" target=\"_blank\" rel=\"noreferrer noopener\">Termo de Acordo n\u00ba 10\/2024<\/a>&nbsp;(assinado entre Governo, SINASEFE e&nbsp;<a href=\"https:\/\/www.andes.org.br\/\" target=\"_blank\" rel=\"noreferrer noopener\">Andes-SN<\/a>), com a contempla\u00e7\u00e3o dos docentes do&nbsp;<a href=\"https:\/\/www.planalto.gov.br\/ccivil_03\/_ato2011-2014\/2012\/lei\/l12772.htm\" target=\"_blank\" rel=\"noreferrer noopener\">EBTT<\/a>&nbsp;no Decreto \u2013 mas no&nbsp;<a href=\"https:\/\/www.planalto.gov.br\/ccivil_03\/_ato2023-2026\/2024\/decreto\/D12093.htm\" target=\"_blank\" rel=\"noreferrer noopener\">texto de 03\/07<\/a>, isso n\u00e3o foi atendido.<\/p>\n\n\n\n<p>Nosso sindicato entrou, imediatamente, em contato com o Minist\u00e9rio da Educa\u00e7\u00e3o (MEC) e com o Minist\u00e9rio da Gest\u00e3o e da Inova\u00e7\u00e3o em Servi\u00e7os P\u00fablicos (MGI), para saber o que de fato aconteceu. E fomos informados que o Decreto 12.093\/2024&nbsp;<strong>n\u00e3o diz respeito ao nosso Acordo de&nbsp;<a href=\"https:\/\/sinasefe.org.br\/site\/greve-2024\/\" target=\"_blank\" rel=\"noreferrer noopener\">Greve<\/a><\/strong>, mas trata de demandas represadas do Minist\u00e9rio do Trabalho e Emprego (MTE).<\/p>\n\n\n\n<p>A dispensa de controle de frequ\u00eancia pelos docentes EBTT ser\u00e1 efetivada pelo Governo Lula.&nbsp;<strong>O texto que valida isso j\u00e1 foi escrito pelo MEC e se encontra, atualmente, nas m\u00e3os do setor jur\u00eddico do MGI, para em seguida ser remetido ao Minist\u00e9rio da Casa Civil.<\/strong><\/p>\n\n\n\n<p>O SINASEFE quer que os Acordos de Greve sejam cumpridos, acredita que os Termos de Acordo&nbsp;<a href=\"https:\/\/sinasefe.org.br\/site\/sinasefe-assina-acordos-e-categoria-retoma-atividades-ate-03-07\/\" target=\"_blank\" rel=\"noreferrer noopener\">assinados em 27\/06<\/a>&nbsp;j\u00e1 poderiam estar em implementa\u00e7\u00e3o e v\u00ea como uma&nbsp;<em>preocupa\u00e7\u00e3o a mais<\/em>&nbsp;esse comportamento&nbsp;<em>imprudente<\/em>&nbsp;do Governo.<\/p>\n\n\n\n<p>Da nossa parte, todo(a) sindicalizado(a) pode ter a mais absoluta certeza de que estamos cobrando o cumprimento e implementa\u00e7\u00e3o de cada item do que assinamos em 27\/06. Estamos atentos e vigilantes. Saiba mais no v\u00eddeo acima, gravado por David Lob\u00e3o (coordenador geral) e Ivo da Silva (secret\u00e1rio jur\u00eddico).<\/p>\n\n\n\n<p>Confira mais informa\u00e7\u00f5es no v\u00eddeo abaixo:<\/p>\n\n\n\n<figure class=\"wp-block-embed is-type-video is-provider-youtube wp-block-embed-youtube wp-embed-aspect-16-9 wp-has-aspect-ratio\"><div class=\"wp-block-embed__wrapper\">\n<iframe title=\"SINASEFE explica situa\u00e7\u00e3o do Decreto 1590\/1995 e das altera\u00e7\u00f5es publicadas em 03\/07\/2024\" width=\"768\" height=\"432\" src=\"https:\/\/www.youtube.com\/embed\/j-EJgIDZAv4?feature=oembed\" frameborder=\"0\" allow=\"accelerometer; autoplay; clipboard-write; encrypted-media; gyroscope; picture-in-picture; web-share\" referrerpolicy=\"strict-origin-when-cross-origin\" allowfullscreen><\/iframe>\n<\/div><\/figure>\n\n\n\n<hr class=\"wp-block-separator has-alpha-channel-opacity\"\/>\n\n\n\n<p><em>*com informa\u00e7\u00f5es do Sinasefe Nacional<\/em><\/p>\n","protected":false},"excerpt":{"rendered":"<p>O SINASEFE foi surpreendido negativamente ontem (04\/07) pelo Governo Federal, com a publica\u00e7\u00e3o do&nbsp;Decreto n\u00ba 12.093\/2024&nbsp;(em 03\/07), que alterou o&nbsp;Decreto n\u00ba 1.590\/1995&nbsp;no tocante ao controle de frequ\u00eancia no servi\u00e7o p\u00fablico. Esper\u00e1vamos de imediato o cumprimento do&nbsp;Termo de Acordo n\u00ba 10\/2024&nbsp;(assinado entre Governo, SINASEFE e&nbsp;Andes-SN), com a contempla\u00e7\u00e3o dos docentes do&nbsp;EBTT&nbsp;no Decreto \u2013 mas no&nbsp;texto de<\/p>\n","protected":false},"author":5,"featured_media":6809,"comment_status":"closed","ping_status":"closed","sticky":true,"template":"","format":"standard","meta":{"footnotes":""},"categories":[37,42],"tags":[249],"class_list":{"0":"post-6808","1":"post","2":"type-post","3":"status-publish","4":"format-standard","5":"has-post-thumbnail","7":"category-destaque","8":"category-noticia","9":"tag-decreto-1590-1995"},"_links":{"self":[{"href":"https:\/\/sinasefesm.com\/index.php\/wp-json\/wp\/v2\/posts\/6808","targetHints":{"allow":["GET"]}}],"collection":[{"href":"https:\/\/sinasefesm.com\/index.php\/wp-json\/wp\/v2\/posts"}],"about":[{"href":"https:\/\/sinasefesm.com\/index.php\/wp-json\/wp\/v2\/types\/post"}],"author":[{"embeddable":true,"href":"https:\/\/sinasefesm.com\/index.php\/wp-json\/wp\/v2\/users\/5"}],"replies":[{"embeddable":true,"href":"https:\/\/sinasefesm.com\/index.php\/wp-json\/wp\/v2\/comments?post=6808"}],"version-history":[{"count":0,"href":"https:\/\/sinasefesm.com\/index.php\/wp-json\/wp\/v2\/posts\/6808\/revisions"}],"wp:featuredmedia":[{"embeddable":true,"href":"https:\/\/sinasefesm.com\/index.php\/wp-json\/wp\/v2\/media\/6809"}],"wp:attachment":[{"href":"https:\/\/sinasefesm.com\/index.php\/wp-json\/wp\/v2\/media?parent=6808"}],"wp:term":[{"taxonomy":"category","embeddable":true,"href":"https:\/\/sinasefesm.com\/index.php\/wp-json\/wp\/v2\/categories?post=6808"},{"taxonomy":"post_tag","embeddable":true,"href":"https:\/\/sinasefesm.com\/index.php\/wp-json\/wp\/v2\/tags?post=6808"}],"curies":[{"name":"wp","href":"https:\/\/api.w.org\/{rel}","templated":true}]}}