{"id":6817,"date":"2024-07-18T12:34:45","date_gmt":"2024-07-18T12:34:45","guid":{"rendered":"https:\/\/sinasefesm.com\/?p=6817"},"modified":"2024-07-18T12:34:45","modified_gmt":"2024-07-18T12:34:45","slug":"a-situacao-da-mulher-negra-latino-americana-e-caribenha-e-a-educacao-antirracista","status":"publish","type":"post","link":"https:\/\/sinasefesm.com\/index.php\/2024\/07\/18\/a-situacao-da-mulher-negra-latino-americana-e-caribenha-e-a-educacao-antirracista\/","title":{"rendered":"A situa\u00e7\u00e3o da mulher negra latino-americana e caribenha e a educa\u00e7\u00e3o antirracista"},"content":{"rendered":"\n<p>Na quinta-feira, dia 25\/07, dia da Mulher Negra Latino-Americana e Caribenha e Dia de Tereza de Benguela, o Sinasefe realizar\u00e1 uma forma\u00e7\u00e3o em tempo real, entre 19h e 21h, via\u00a0<a href=\"https:\/\/www.youtube.com\/watch?v=WrPw3KrGWJQ&amp;ab_channel=SINASEFE\" target=\"_blank\" rel=\"noreferrer noopener\">You Tube<\/a>\u00a0e\u00a0<a href=\"https:\/\/www.facebook.com\/events\/1017271950005883\" target=\"_blank\" rel=\"noreferrer noopener\">Facebook<\/a>.\u00a0<em><strong>A luta antirracista no SINASEFE:<\/strong>\u00a0a situa\u00e7\u00e3o da mulher negra latino-americana e caribenha e a educa\u00e7\u00e3o antirracista<\/em>, ser\u00e1 a tem\u00e1tica do evento. A organiza\u00e7\u00e3o da\u00a0<em>live<\/em>\u00a0formativa \u00e9 da Coordena\u00e7\u00e3o de Pol\u00edticas para Mulheres, em conjunto com as coordena\u00e7\u00f5es de Combate \u00e0s Opress\u00f5es e de Forma\u00e7\u00e3o Pol\u00edtica do SINASEFE.<\/p>\n\n\n\n<p>O certificado de participa\u00e7\u00e3o ser\u00e1 enviado para as pessoas que preencherem o formul\u00e1rio divulgado no momento da live.<\/p>\n\n\n\n<p>Em 25 de julho comemora-se o&nbsp;Dia da Mulher Negra, Latino-americana e Caribenha, data reconhecida pela Organiza\u00e7\u00e3o das Na\u00e7\u00f5es Unidas (ONU) em 1992. No Brasil, desde 2014, a data tamb\u00e9m celebra o Dia Nacional de Tereza de Benguela, lembrando a l\u00edder quilombola que viveu no s\u00e9culo 18 e foi morta em uma emboscada.<\/p>\n\n\n\n<h3 class=\"wp-block-heading\">Sobre a forma\u00e7\u00e3o AO VIVO<\/h3>\n\n\n\n<p>O tema em pauta ser\u00e1&nbsp;<em><strong>A luta antirracista no SINASEFE:<\/strong>&nbsp;a situa\u00e7\u00e3o da mulher negra latino-americana e caribenha e a educa\u00e7\u00e3o antirracista<\/em>. A media\u00e7\u00e3o ser\u00e1 feita por Andr\u00e9a Moraes (secret\u00e1ria-adjunta de pol\u00edticas para mulheres) e Katiuscia Pinheiro (secret\u00e1ria de combate \u00e0s opress\u00f5es).<\/p>\n\n\n\n<p>As palestrantes convidadas ser\u00e3o: Caroline Jango e Jacqueline Botelho.<\/p>\n\n\n\n<p>Caroline \u00e9 pedagoga graduada pela Universidade Estadual de Campinas (2008), p\u00f3s-graduada em Gest\u00e3o de Neg\u00f3cios pelo Senac \u2013 Campinas (2010), possui mestrado (2012) e doutorado (2018) em Educa\u00e7\u00e3o, tamb\u00e9m pela Unicamp, com per\u00edodo de Est\u00e1gio Doutoral no Centro de Estudos Sociais da Universidade de Coimbra. \u00c9 Pedagoga no Instituto Federal de S\u00e3o Paulo (IFSP), atualmente no cargo de Diretora Geral do Campus Hortol\u00e2ndia. \u00c9 membra fundadora do N\u00facleo de Estudos Afro-brasileiros e Ind\u00edgenas do IFSP, desde 2015, e membra do Grupo de Pesquisa DiS (Diferen\u00e7as e Subjetividades na Educa\u00e7\u00e3o \u2013 Unicamp), desde 2006, foi membra eleita do Conselho Superior do IFSP (2019-2020). Autora do livro&nbsp;<em>Aqui tem racismo!: um estudo das representa\u00e7\u00f5es sociais e das identidades das crian\u00e7as negras na escola<\/em>. Tem experi\u00eancia com forma\u00e7\u00e3o docente na gradua\u00e7\u00e3o e p\u00f3s-gradua\u00e7\u00e3o. Atua principalmente nos seguintes temas: Educa\u00e7\u00e3o antirracista, Representa\u00e7\u00e3o Social, Escola, Hist\u00f3ria Africana e Afro-brasileira, Preconceito Racial, Forma\u00e7\u00e3o Docente e Pol\u00edtica P\u00fablica.<\/p>\n\n\n\n<p>Jacqueline \u00e9 professora da Escola de Servi\u00e7o Social da UFF\/Niter\u00f3i. Assistente Social, graduada pela UERJ. Doutora em Servi\u00e7o Social pelo PPGSS(UERJ). Mestre em Pol\u00edticas P\u00fablicas e Forma\u00e7\u00e3o Humana pelo PPFH\/UERJ. Desenvolve pesquisas sobre Quest\u00e3o Agr\u00e1ria no Brasil, Educa\u00e7\u00e3o, Quest\u00e3o \u00c9tnico- Racial no Brasil, Povos e Comunidades Tradicionais e lutas sociais no Brasil. Coordenadora do N\u00facleo de Pesquisa e Extens\u00e3o sobre Projetos Societ\u00e1rios, Educa\u00e7\u00e3o e Quest\u00e3o Agr\u00e1ria na Forma\u00e7\u00e3o Social Brasileira (Nepeq), vinculado \u00e0 Escola de Servi\u00e7o Social da UFF, onde desenvolve como principais atividades: Curso de Extens\u00e3o Quest\u00e3o Agr\u00e1ria, territ\u00f3rio e cultura negra: particularidades da forma\u00e7\u00e3o social brasileira(\u201cAquilombar-se\u201d), Projeto de Extens\u00e3o: Movimentos Sociais, Trabalho e Educa\u00e7\u00e3o: lutas sociais por um projeto emancipat\u00f3rio, Pesquisa:\u00a0<em>\u201cQuest\u00e3o Racial, Trabalho e Educa\u00e7\u00e3o: o protagonismo de negros(as) na luta em defesa da escola p\u00fablica\u201d<\/em>, Pesquisa \u201c<em>Movimentos Sociais, Participa\u00e7\u00e3o Popular e Educa\u00e7\u00e3o do Campo\u201d<\/em>\u00a0e Ciclo de Leituras Antirracistas Carolina Maria de Jesus (Nepeq\/UFF).<\/p>\n\n\n\n<hr class=\"wp-block-separator has-alpha-channel-opacity\"\/>\n\n\n\n<p><em>*com informa\u00e7\u00f5es e imagem do Sinasefe Nacional<\/em><\/p>\n","protected":false},"excerpt":{"rendered":"<p>Na quinta-feira, dia 25\/07, dia da Mulher Negra Latino-Americana e Caribenha e Dia de Tereza de Benguela, o Sinasefe realizar\u00e1 uma forma\u00e7\u00e3o em tempo real, entre 19h e 21h, via\u00a0You Tube\u00a0e\u00a0Facebook.\u00a0A luta antirracista no SINASEFE:\u00a0a situa\u00e7\u00e3o da mulher negra latino-americana e caribenha e a educa\u00e7\u00e3o antirracista, ser\u00e1 a tem\u00e1tica do evento. A organiza\u00e7\u00e3o da\u00a0live\u00a0formativa \u00e9<\/p>\n","protected":false},"author":5,"featured_media":6818,"comment_status":"closed","ping_status":"closed","sticky":true,"template":"","format":"standard","meta":{"footnotes":""},"categories":[37,39,42],"tags":[253,163],"class_list":{"0":"post-6817","1":"post","2":"type-post","3":"status-publish","4":"format-standard","5":"has-post-thumbnail","7":"category-destaque","8":"category-eventos","9":"category-noticia","10":"tag-dia-da-mulher-negra-latino-americana-e-caribenha","11":"tag-live"},"_links":{"self":[{"href":"https:\/\/sinasefesm.com\/index.php\/wp-json\/wp\/v2\/posts\/6817","targetHints":{"allow":["GET"]}}],"collection":[{"href":"https:\/\/sinasefesm.com\/index.php\/wp-json\/wp\/v2\/posts"}],"about":[{"href":"https:\/\/sinasefesm.com\/index.php\/wp-json\/wp\/v2\/types\/post"}],"author":[{"embeddable":true,"href":"https:\/\/sinasefesm.com\/index.php\/wp-json\/wp\/v2\/users\/5"}],"replies":[{"embeddable":true,"href":"https:\/\/sinasefesm.com\/index.php\/wp-json\/wp\/v2\/comments?post=6817"}],"version-history":[{"count":0,"href":"https:\/\/sinasefesm.com\/index.php\/wp-json\/wp\/v2\/posts\/6817\/revisions"}],"wp:featuredmedia":[{"embeddable":true,"href":"https:\/\/sinasefesm.com\/index.php\/wp-json\/wp\/v2\/media\/6818"}],"wp:attachment":[{"href":"https:\/\/sinasefesm.com\/index.php\/wp-json\/wp\/v2\/media?parent=6817"}],"wp:term":[{"taxonomy":"category","embeddable":true,"href":"https:\/\/sinasefesm.com\/index.php\/wp-json\/wp\/v2\/categories?post=6817"},{"taxonomy":"post_tag","embeddable":true,"href":"https:\/\/sinasefesm.com\/index.php\/wp-json\/wp\/v2\/tags?post=6817"}],"curies":[{"name":"wp","href":"https:\/\/api.w.org\/{rel}","templated":true}]}}