{"id":6822,"date":"2024-07-19T14:07:11","date_gmt":"2024-07-19T14:07:11","guid":{"rendered":"https:\/\/sinasefesm.com\/?p=6822"},"modified":"2024-07-19T14:07:11","modified_gmt":"2024-07-19T14:07:11","slug":"direcao-nacional-do-sinasefe-reune-se-com-o-mec","status":"publish","type":"post","link":"https:\/\/sinasefesm.com\/index.php\/2024\/07\/19\/direcao-nacional-do-sinasefe-reune-se-com-o-mec\/","title":{"rendered":"Dire\u00e7\u00e3o nacional do Sinasefe re\u00fane-se com o MEC"},"content":{"rendered":"\n<p>Integrantes da dire\u00e7\u00e3o nacional do Sinasefe reuniram-se com representantes do Minist\u00e9rio da Educa\u00e7\u00e3o (MEC) na \u00faltima quarta, 17 de julho. O encontro ocorreu depois que o sindicato reivindicou, em documento, que o \u00f3rg\u00e3o do governo respondesse o motivo de ainda n\u00e3o terem sido postos em pr\u00e1tica itens do acordo de greve considerados \u2018imediatos\u2019. A reuni\u00e3o foi marcada ap\u00f3s duas solicita\u00e7\u00f5es do sindicato nacional, feitas&nbsp;<a href=\"https:\/\/sinasefe.org.br\/site\/194a-plena-profissionais-de-libras-e-duvidas-sobre-acordos-confira-resumo-do-plantao-semanal\/\" target=\"_blank\" rel=\"noreferrer noopener\">em 11 de julho&nbsp;<\/a>e em&nbsp;<a href=\"https:\/\/sinasefe.org.br\/site\/acordos-de-greve-sindicato-reforca-cobranca-de-itens-imediatos\/\" target=\"_blank\" rel=\"noreferrer noopener\">16 de julho<\/a>.<\/p>\n\n\n\n<p>Os participantes da reuni\u00e3o apresentam informe da atividade destacando quatro pontos relacionados ao&nbsp;<a href=\"https:\/\/sinasefe.org.br\/site\/comissoes-do-sinasefe-analisam-acordos-e-divulgam-tabelas-salariais\/\" target=\"_blank\" rel=\"noreferrer noopener\">Termo de Acordo n\u00ba 10<\/a>: revoga\u00e7\u00e3o da Portaria 983\/2020, participa\u00e7\u00e3o de sindicatos no&nbsp;<a href=\"https:\/\/sinasefe.org.br\/site\/mec-retira-sinasefe-capes-e-comunidade-do-cprsc\/\" target=\"_blank\" rel=\"noreferrer noopener\">CPRSC<\/a>, controle de frequ\u00eancia (Decreto 1590\/1995) e aglutina\u00e7\u00e3o na malha salarial docente.<\/p>\n\n\n\n<p><strong>Revoga\u00e7\u00e3o da Portaria 983\/20<\/strong><\/p>\n\n\n\n<p>Em rela\u00e7\u00e3o \u00e0 revoga\u00e7\u00e3o dessa Portaria, a alega\u00e7\u00e3o do governo \u00e9 de que houve problema na reda\u00e7\u00e3o dos novos termos. Isso est\u00e1 sendo visto pela assessoria jur\u00eddica e, assim que estiver pronta a nova reda\u00e7\u00e3o, vai para a assinatura do Ministro da Educa\u00e7\u00e3o.<\/p>\n\n\n\n<p><strong>Recomposi\u00e7\u00e3o do Conselho do RSC<\/strong><\/p>\n\n\n\n<p>Conforme o relato da reuni\u00e3o, existe o compromisso do governo de recolocar no Conselho que trata do Reconhecimento de Saberes e Compet\u00eancias (RSC) todos os sindicatos que dele foram exclu\u00eddos pelo governo anterior. A reda\u00e7\u00e3o que vai possibilitar essa retomada tamb\u00e9m estaria apenas aguardando a assinatura do ministro Camilo Santana.<\/p>\n\n\n\n<p><strong>Decreto 1590\/95<\/strong><\/p>\n\n\n\n<p>Sobre esse decreto, que trata da dispensa do controle de frequ\u00eancia de professores\/as EBTT, a explica\u00e7\u00e3o do MEC \u00e9 de que as demandas que cabiam a esse minist\u00e9rio j\u00e1 foram conclu\u00eddas. Agora, a minuta de decreto encontra-se no Minist\u00e9rio da Gest\u00e3o e Inova\u00e7\u00e3o (MGI), para an\u00e1lise da assessoria jur\u00eddica. Aguarda-se a assinatura por parte da ministra Ester Dweck, que depois a remeter\u00e1 para a Casa Civil da Presid\u00eancia, que ent\u00e3o publicar\u00e1 no Di\u00e1rio Oficial da Uni\u00e3o.<\/p>\n\n\n\n<p><strong>Aglutina\u00e7\u00e3o dos n\u00edveis<\/strong><\/p>\n\n\n\n<p>O governo apresentou proposta, que teve a concord\u00e2ncia do sindicato, de que servidores\/as que tivessem tr\u00eas anos passariam direto para o atual D3 1 e, os\/as demais iriam para o D entrada para completar os seus tr\u00eas anos. Diante disso, o Sinasefe est\u00e1 exigindo o compromisso do governo por escrito.<\/p>\n\n\n\n<p>Conforme David Lob\u00e3o, o governo se comprometeu at\u00e9 o dia 31 de julho resolver todas as pend\u00eancias citadas acima. Caso n\u00e3o estejam resolvidas at\u00e9 l\u00e1, o MEC chamar\u00e1 uma reuni\u00e3o em 31 de julho.<\/p>\n\n\n\n<p>Participaram da reuni\u00e3o de quarta, 17 de julho, David Lob\u00e3o (coordenador-geral) e Eurico de Souza (secret\u00e1rio-adjunto de combate \u00e0s opress\u00f5es), representando o Sinasefe; pelo MEC, participou a coordenadora-Geral de Desenvolvimento de Pessoas da Rede Federal da Educa\u00e7\u00e3o Profissional, Cient\u00edfica e Tecnol\u00f3gica, Silvilene Souza da Silva.<\/p>\n\n\n\n<p><br><em>Texto: Fritz Rivail<\/em><\/p>\n\n\n\n<p><em>Fonte e foto: Sinasefe Nacional<\/em><\/p>\n","protected":false},"excerpt":{"rendered":"<p>Integrantes da dire\u00e7\u00e3o nacional do Sinasefe reuniram-se com representantes do Minist\u00e9rio da Educa\u00e7\u00e3o (MEC) na \u00faltima quarta, 17 de julho. O encontro ocorreu depois que o sindicato reivindicou, em documento, que o \u00f3rg\u00e3o do governo respondesse o motivo de ainda n\u00e3o terem sido postos em pr\u00e1tica itens do acordo de greve considerados \u2018imediatos\u2019. A reuni\u00e3o<\/p>\n","protected":false},"author":7,"featured_media":6823,"comment_status":"closed","ping_status":"closed","sticky":true,"template":"","format":"standard","meta":{"footnotes":""},"categories":[37,42,45],"tags":[260,167,201,213],"class_list":{"0":"post-6822","1":"post","2":"type-post","3":"status-publish","4":"format-standard","5":"has-post-thumbnail","7":"category-destaque","8":"category-noticia","9":"category-sindicato","10":"tag-greve","11":"tag-mec","12":"tag-reajuste-salarial","13":"tag-servico-publico"},"_links":{"self":[{"href":"https:\/\/sinasefesm.com\/index.php\/wp-json\/wp\/v2\/posts\/6822","targetHints":{"allow":["GET"]}}],"collection":[{"href":"https:\/\/sinasefesm.com\/index.php\/wp-json\/wp\/v2\/posts"}],"about":[{"href":"https:\/\/sinasefesm.com\/index.php\/wp-json\/wp\/v2\/types\/post"}],"author":[{"embeddable":true,"href":"https:\/\/sinasefesm.com\/index.php\/wp-json\/wp\/v2\/users\/7"}],"replies":[{"embeddable":true,"href":"https:\/\/sinasefesm.com\/index.php\/wp-json\/wp\/v2\/comments?post=6822"}],"version-history":[{"count":0,"href":"https:\/\/sinasefesm.com\/index.php\/wp-json\/wp\/v2\/posts\/6822\/revisions"}],"wp:featuredmedia":[{"embeddable":true,"href":"https:\/\/sinasefesm.com\/index.php\/wp-json\/wp\/v2\/media\/6823"}],"wp:attachment":[{"href":"https:\/\/sinasefesm.com\/index.php\/wp-json\/wp\/v2\/media?parent=6822"}],"wp:term":[{"taxonomy":"category","embeddable":true,"href":"https:\/\/sinasefesm.com\/index.php\/wp-json\/wp\/v2\/categories?post=6822"},{"taxonomy":"post_tag","embeddable":true,"href":"https:\/\/sinasefesm.com\/index.php\/wp-json\/wp\/v2\/tags?post=6822"}],"curies":[{"name":"wp","href":"https:\/\/api.w.org\/{rel}","templated":true}]}}