{"id":6825,"date":"2024-07-22T12:36:26","date_gmt":"2024-07-22T12:36:26","guid":{"rendered":"https:\/\/sinasefesm.com\/?p=6825"},"modified":"2024-07-22T12:36:26","modified_gmt":"2024-07-22T12:36:26","slug":"fonasefe-lista-5-retrocessos-da-reforma-do-novo-ensino-medio","status":"publish","type":"post","link":"https:\/\/sinasefesm.com\/index.php\/2024\/07\/22\/fonasefe-lista-5-retrocessos-da-reforma-do-novo-ensino-medio\/","title":{"rendered":"Fonasefe lista 5 retrocessos da Reforma do Novo Ensino M\u00e9dio"},"content":{"rendered":"\n<p>No dia 09\/07 a C\u00e2mara dos Deputados aprovou o\u00a0<a href=\"https:\/\/www.camara.leg.br\/proposicoesWeb\/fichadetramitacao?idProposicao=2399598\" target=\"_blank\" rel=\"noreferrer noopener\">PL n\u00ba 5.230\/2023<\/a>, que altera o \u201cNovo\u201d Ensino M\u00e9dio, e enviou o tema para san\u00e7\u00e3o presidencial. A vota\u00e7\u00e3o da proposta foi inclu\u00edda na pauta de \u00faltima hora pelo relator, deputado Mendon\u00e7a Filho (Uni\u00e3o-PE), em manobra que contou com o apoio do presidente da Casa, Arthur Lira (PP-AL). O F\u00f3rum das Entidades Nacionais de Servidores P\u00fablicos Federais (Fonasefe) divulgou, nesta ter\u00e7a-feira (16\/07), material destacando cinco retrocessos que a nova medida traz para o Ensino M\u00e9dio no pa\u00eds.<\/p>\n\n\n\n<p>Confira os principais ataques:<br>1) Retirada do Espanhol das disciplinas obrigat\u00f3rias;<\/p>\n\n\n\n<p>2) O texto aprovado deixa mais abrangente o uso do ensino \u00e0 dist\u00e2ncia;<\/p>\n\n\n\n<p>3) Amplia as possibilidades de contrata\u00e7\u00e3o de profissionais com &#8220;not\u00f3rio saber&#8221;, ou seja, sem forma\u00e7\u00e3o oficial;<\/p>\n\n\n\n<p>4) Enem vai abordar conte\u00fados das disciplinas obrigat\u00f3rias e dos itiner\u00e1rios formativos a partir de 2027;<\/p>\n\n\n\n<p>5) Derrubada da trava da exig\u00eancia de 70% da carga hor\u00e1ria total para as disciplinas obrigat\u00f3rias.<\/p>\n\n\n\n<p><\/p>\n\n\n\n<h3 class=\"wp-block-heading\">Opini\u00e3o do SINASEFE<\/h3>\n\n\n\n<p><em>\u201cLutaremos para que o presidente Lula vete pontos nocivos do projeto e indicamos a luta para que o\u00a0<a href=\"https:\/\/sinasefe.org.br\/site\/pl-2601-2023-e-a-revogacao-do-nem-12-07-as-19h\/\">Projeto de Lei n\u00ba 2601\/2023<\/a>\u00a0seja apreciado, para que, de fato, ocorra a revoga\u00e7\u00e3o da contrarreforma representada pelo Novo Ensino M\u00e9dio (NEM)\u201d<\/em>\u00a0destaca a Coordena\u00e7\u00e3o de Pol\u00edticas Educacionais e Culturais do SINASEFE.<\/p>\n\n\n\n<hr class=\"wp-block-separator has-alpha-channel-opacity\"\/>\n\n\n\n<p><em>*com informa\u00e7\u00f5es e imagem do Sinasefe Nacional.<\/em><\/p>\n","protected":false},"excerpt":{"rendered":"<p>No dia 09\/07 a C\u00e2mara dos Deputados aprovou o\u00a0PL n\u00ba 5.230\/2023, que altera o \u201cNovo\u201d Ensino M\u00e9dio, e enviou o tema para san\u00e7\u00e3o presidencial. A vota\u00e7\u00e3o da proposta foi inclu\u00edda na pauta de \u00faltima hora pelo relator, deputado Mendon\u00e7a Filho (Uni\u00e3o-PE), em manobra que contou com o apoio do presidente da Casa, Arthur Lira (PP-AL).<\/p>\n","protected":false},"author":5,"featured_media":6826,"comment_status":"closed","ping_status":"closed","sticky":true,"template":"","format":"standard","meta":{"footnotes":""},"categories":[37,42],"tags":[178,277],"class_list":{"0":"post-6825","1":"post","2":"type-post","3":"status-publish","4":"format-standard","5":"has-post-thumbnail","7":"category-destaque","8":"category-noticia","9":"tag-novo-ensino-medio","10":"tag-reforma-do-novo-ensino-medio"},"_links":{"self":[{"href":"https:\/\/sinasefesm.com\/index.php\/wp-json\/wp\/v2\/posts\/6825","targetHints":{"allow":["GET"]}}],"collection":[{"href":"https:\/\/sinasefesm.com\/index.php\/wp-json\/wp\/v2\/posts"}],"about":[{"href":"https:\/\/sinasefesm.com\/index.php\/wp-json\/wp\/v2\/types\/post"}],"author":[{"embeddable":true,"href":"https:\/\/sinasefesm.com\/index.php\/wp-json\/wp\/v2\/users\/5"}],"replies":[{"embeddable":true,"href":"https:\/\/sinasefesm.com\/index.php\/wp-json\/wp\/v2\/comments?post=6825"}],"version-history":[{"count":0,"href":"https:\/\/sinasefesm.com\/index.php\/wp-json\/wp\/v2\/posts\/6825\/revisions"}],"wp:featuredmedia":[{"embeddable":true,"href":"https:\/\/sinasefesm.com\/index.php\/wp-json\/wp\/v2\/media\/6826"}],"wp:attachment":[{"href":"https:\/\/sinasefesm.com\/index.php\/wp-json\/wp\/v2\/media?parent=6825"}],"wp:term":[{"taxonomy":"category","embeddable":true,"href":"https:\/\/sinasefesm.com\/index.php\/wp-json\/wp\/v2\/categories?post=6825"},{"taxonomy":"post_tag","embeddable":true,"href":"https:\/\/sinasefesm.com\/index.php\/wp-json\/wp\/v2\/tags?post=6825"}],"curies":[{"name":"wp","href":"https:\/\/api.w.org\/{rel}","templated":true}]}}