{"id":6828,"date":"2024-07-25T15:58:22","date_gmt":"2024-07-25T15:58:22","guid":{"rendered":"https:\/\/sinasefesm.com\/?p=6828"},"modified":"2024-07-25T15:58:22","modified_gmt":"2024-07-25T15:58:22","slug":"participe-da-assembleia-geral-extraordinaria-nesta-sexta-feira-26","status":"publish","type":"post","link":"https:\/\/sinasefesm.com\/index.php\/2024\/07\/25\/participe-da-assembleia-geral-extraordinaria-nesta-sexta-feira-26\/","title":{"rendered":"Participe da Assembleia Geral Extraordin\u00e1ria nesta sexta-feira (26)"},"content":{"rendered":"\n<p>Nesta sexta-feira, 26 de julho, o Sinasefe de Santa Maria realizar\u00e1, de modo virtual via Google Meet, uma Assembleia Extraordin\u00e1ria para eleger os delegados que representar\u00e3o a se\u00e7\u00e3o sindical na 194\u00b0 Plen\u00e1ria Nacional. A escolha dos nomes ser\u00e1 feita a partir das 14h15, primeira chamada. A segunda chamada ser\u00e1 \u00e0s 14h30.<\/p>\n\n\n\n<p>Para acompanhar a decis\u00e3o, basta acessar o link de acesso ao Google Meet, que ser\u00e1 disponibilizado pelo sindicato diretamente aos e-mails dos sindicalizados e das sindicalizadas, \u00e0s 14h do dia 26.<\/p>\n\n\n\n<p class=\"has-medium-font-size\"><strong>194\u00b0 Plen\u00e1ria Nacional<\/strong><\/p>\n\n\n\n<p>A pr\u00f3xima edi\u00e7\u00e3o da Plena est\u00e1 marcada para ocorrer nos dias 27 e 28 de julho, em formato h\u00edbrido: presencialmente, em Bras\u00edlia-DF, e via Zoom. A avalia\u00e7\u00e3o da greve de 2024 e o plano de lutas s\u00e3o os destaques na pauta do evento.<\/p>\n\n\n\n<hr class=\"wp-block-separator has-alpha-channel-opacity\"\/>\n\n\n\n<p>Texto: Laurent Keller<\/p>\n\n\n\n<p>Imagem: Xain\u00e3 Pitaguary&nbsp;<\/p>\n","protected":false},"excerpt":{"rendered":"<p>Nesta sexta-feira, 26 de julho, o Sinasefe de Santa Maria realizar\u00e1, de modo virtual via Google Meet, uma Assembleia Extraordin\u00e1ria para eleger os delegados que representar\u00e3o a se\u00e7\u00e3o sindical na 194\u00b0 Plen\u00e1ria Nacional. A escolha dos nomes ser\u00e1 feita a partir das 14h15, primeira chamada. A segunda chamada ser\u00e1 \u00e0s 14h30. Para acompanhar a decis\u00e3o,<\/p>\n","protected":false},"author":5,"featured_media":6829,"comment_status":"closed","ping_status":"closed","sticky":true,"template":"","format":"standard","meta":{"footnotes":""},"categories":[37,39,42],"tags":[244,187],"class_list":{"0":"post-6828","1":"post","2":"type-post","3":"status-publish","4":"format-standard","5":"has-post-thumbnail","7":"category-destaque","8":"category-eventos","9":"category-noticia","10":"tag-assembleia-geral","11":"tag-plenaria-nacional"},"_links":{"self":[{"href":"https:\/\/sinasefesm.com\/index.php\/wp-json\/wp\/v2\/posts\/6828","targetHints":{"allow":["GET"]}}],"collection":[{"href":"https:\/\/sinasefesm.com\/index.php\/wp-json\/wp\/v2\/posts"}],"about":[{"href":"https:\/\/sinasefesm.com\/index.php\/wp-json\/wp\/v2\/types\/post"}],"author":[{"embeddable":true,"href":"https:\/\/sinasefesm.com\/index.php\/wp-json\/wp\/v2\/users\/5"}],"replies":[{"embeddable":true,"href":"https:\/\/sinasefesm.com\/index.php\/wp-json\/wp\/v2\/comments?post=6828"}],"version-history":[{"count":0,"href":"https:\/\/sinasefesm.com\/index.php\/wp-json\/wp\/v2\/posts\/6828\/revisions"}],"wp:featuredmedia":[{"embeddable":true,"href":"https:\/\/sinasefesm.com\/index.php\/wp-json\/wp\/v2\/media\/6829"}],"wp:attachment":[{"href":"https:\/\/sinasefesm.com\/index.php\/wp-json\/wp\/v2\/media?parent=6828"}],"wp:term":[{"taxonomy":"category","embeddable":true,"href":"https:\/\/sinasefesm.com\/index.php\/wp-json\/wp\/v2\/categories?post=6828"},{"taxonomy":"post_tag","embeddable":true,"href":"https:\/\/sinasefesm.com\/index.php\/wp-json\/wp\/v2\/tags?post=6828"}],"curies":[{"name":"wp","href":"https:\/\/api.w.org\/{rel}","templated":true}]}}