{"id":6832,"date":"2024-08-02T13:36:02","date_gmt":"2024-08-02T13:36:02","guid":{"rendered":"https:\/\/sinasefesm.com\/?p=6832"},"modified":"2024-08-02T13:36:02","modified_gmt":"2024-08-02T13:36:02","slug":"portaria-983-2020-e-revogada","status":"publish","type":"post","link":"https:\/\/sinasefesm.com\/index.php\/2024\/08\/02\/portaria-983-2020-e-revogada\/","title":{"rendered":"Portaria 983\/2020 \u00e9 revogada"},"content":{"rendered":"\n<p>Uma das\u00a0<a href=\"https:\/\/sinasefe.org.br\/site\/cng-sinasefe-lista-conquistas-do-movimento-paredista-2024\/\" target=\"_blank\" rel=\"noreferrer noopener\">conquistas<\/a>\u00a0da nossa\u00a0<a href=\"https:\/\/sinasefe.org.br\/site\/greve-2024\/\" target=\"_blank\" rel=\"noreferrer noopener\">greve 2024<\/a>\u00a0come\u00e7ou a se concretizar nesta quinta-feira (01\/08):\u00a0<strong>a\u00a0<a href=\"https:\/\/sinasefe.org.br\/site\/atividade-docente-cnd-divulga-analise-comparativa-de-portarias\/\" target=\"_blank\" rel=\"noreferrer noopener\">Portaria n\u00b0 983\/2020<\/a><\/strong>, elaborada pelo (des)governo Bolsonaro e que prejudicava a atividade docente,\u00a0<strong>est\u00e1 oficialmente\u00a0<a href=\"https:\/\/www.in.gov.br\/en\/web\/dou\/-\/portaria-n-750-de-30-de-julho-de-2024-575659991\" target=\"_blank\" rel=\"noreferrer noopener\">revogada<\/a>!<\/strong> A\u00a0publica\u00e7\u00e3o, datada de 30\/07, foi publicada na edi\u00e7\u00e3o de ontem (01\/08) do\u00a0<a href=\"https:\/\/www.in.gov.br\/servicos\/diario-oficial-da-uniao\" target=\"_blank\" rel=\"noreferrer noopener\">Di\u00e1rio Oficial da Uni\u00e3o<\/a>\u00a0(DOU), assinada pelo ministro da Educa\u00e7\u00e3o Camilo Santana.<\/p>\n\n\n\n<p>No lugar do regramento da Portaria 983\/2020, entrar\u00e1 em vig\u00eancia, de modo transit\u00f3rio pelo prazo de 60 dias, a&nbsp;<a href=\"https:\/\/www.in.gov.br\/en\/web\/dou\/-\/portaria-n-750-de-30-de-julho-de-2024-575659991\" target=\"_blank\" rel=\"noreferrer noopener\">Portaria 750\/2024<\/a>&nbsp;\u2013 em breve, a&nbsp;<a href=\"https:\/\/sinasefe.org.br\/site\/comissoes\/cnd\/\" target=\"_blank\" rel=\"noreferrer noopener\">Comiss\u00e3o Nacional Docente<\/a>&nbsp;(CND) do SINASEFE divulgar\u00e1 posicionamento sobre o novo texto.<\/p>\n\n\n\n<p>Essa revoga\u00e7\u00e3o atende uma importante pauta da base docente do nosso sindicato, que vinha lutando contra a Portaria 983 desde sua publica\u00e7\u00e3o, em novembro de 2020.&nbsp;<strong>E ela s\u00f3 foi poss\u00edvel gra\u00e7as \u00e0 greve que fizemos neste ano, constando como um dos itens do&nbsp;<a href=\"https:\/\/sinasefe.org.br\/site\/download\/termo-de-acordo-no-10-greve-2024-reestruturacao-do-pccmf-ebtt\/\" target=\"_blank\" rel=\"noreferrer noopener\">Termo de Acordo n\u00ba 10\/2024<\/a>.<\/strong><\/p>\n\n\n\n<p>O SINASEFE, que\u00a0<a href=\"https:\/\/sinasefe.org.br\/site\/lula-cumpra-os-acordos-de-greve\/\" target=\"_blank\" rel=\"noreferrer noopener\">se re\u00fane na manh\u00e3 de hoje<\/a>\u00a0com o Minist\u00e9rio da Educa\u00e7\u00e3o (MEC), vai cobrar agora que o Grupo de Trabalho (GT) para elabora\u00e7\u00e3o do novo texto, que ficar\u00e1 em definitivo no lugar das Portarias 983\/2020 e 750\/2024, seja estabelecido o quanto antes, com a participa\u00e7\u00e3o do nosso sindicato, para que possamos pautar as demandas e os anseios da nossa base.<\/p>\n\n\n\n<p>Deixamos nossos parab\u00e9ns e agradecimentos a todos e todas que fizeram a greve de 2024: sem a mobiliza\u00e7\u00e3o da base no movimento paredista que fizemos, essa revoga\u00e7\u00e3o n\u00e3o seria poss\u00edvel.\u00a0<strong>J\u00e1 tivemos greves sem conquistas, mas nunca tivemos conquistas sem greve!<\/strong><\/p>\n\n\n\n<hr class=\"wp-block-separator has-alpha-channel-opacity\"\/>\n\n\n\n<p><em>*com informa\u00e7\u00f5es e imagem do Sinasefe Nacional<\/em><\/p>\n","protected":false},"excerpt":{"rendered":"<p>Uma das\u00a0conquistas\u00a0da nossa\u00a0greve 2024\u00a0come\u00e7ou a se concretizar nesta quinta-feira (01\/08):\u00a0a\u00a0Portaria n\u00b0 983\/2020, elaborada pelo (des)governo Bolsonaro e que prejudicava a atividade docente,\u00a0est\u00e1 oficialmente\u00a0revogada! A\u00a0publica\u00e7\u00e3o, datada de 30\/07, foi publicada na edi\u00e7\u00e3o de ontem (01\/08) do\u00a0Di\u00e1rio Oficial da Uni\u00e3o\u00a0(DOU), assinada pelo ministro da Educa\u00e7\u00e3o Camilo Santana. No lugar do regramento da Portaria 983\/2020, entrar\u00e1 em vig\u00eancia,<\/p>\n","protected":false},"author":5,"featured_media":6833,"comment_status":"closed","ping_status":"closed","sticky":true,"template":"","format":"standard","meta":{"footnotes":""},"categories":[37,42],"tags":[194],"class_list":{"0":"post-6832","1":"post","2":"type-post","3":"status-publish","4":"format-standard","5":"has-post-thumbnail","7":"category-destaque","8":"category-noticia","9":"tag-portaria-no-983"},"_links":{"self":[{"href":"https:\/\/sinasefesm.com\/index.php\/wp-json\/wp\/v2\/posts\/6832","targetHints":{"allow":["GET"]}}],"collection":[{"href":"https:\/\/sinasefesm.com\/index.php\/wp-json\/wp\/v2\/posts"}],"about":[{"href":"https:\/\/sinasefesm.com\/index.php\/wp-json\/wp\/v2\/types\/post"}],"author":[{"embeddable":true,"href":"https:\/\/sinasefesm.com\/index.php\/wp-json\/wp\/v2\/users\/5"}],"replies":[{"embeddable":true,"href":"https:\/\/sinasefesm.com\/index.php\/wp-json\/wp\/v2\/comments?post=6832"}],"version-history":[{"count":0,"href":"https:\/\/sinasefesm.com\/index.php\/wp-json\/wp\/v2\/posts\/6832\/revisions"}],"wp:featuredmedia":[{"embeddable":true,"href":"https:\/\/sinasefesm.com\/index.php\/wp-json\/wp\/v2\/media\/6833"}],"wp:attachment":[{"href":"https:\/\/sinasefesm.com\/index.php\/wp-json\/wp\/v2\/media?parent=6832"}],"wp:term":[{"taxonomy":"category","embeddable":true,"href":"https:\/\/sinasefesm.com\/index.php\/wp-json\/wp\/v2\/categories?post=6832"},{"taxonomy":"post_tag","embeddable":true,"href":"https:\/\/sinasefesm.com\/index.php\/wp-json\/wp\/v2\/tags?post=6832"}],"curies":[{"name":"wp","href":"https:\/\/api.w.org\/{rel}","templated":true}]}}