{"id":6843,"date":"2024-08-21T13:10:37","date_gmt":"2024-08-21T13:10:37","guid":{"rendered":"https:\/\/sinasefesm.com\/?p=6843"},"modified":"2024-08-21T13:10:37","modified_gmt":"2024-08-21T13:10:37","slug":"sinasefe-reclama-cumprimento-do-acordo-de-greve","status":"publish","type":"post","link":"https:\/\/sinasefesm.com\/index.php\/2024\/08\/21\/sinasefe-reclama-cumprimento-do-acordo-de-greve\/","title":{"rendered":"Sinasefe reclama cumprimento dos acordos de greve"},"content":{"rendered":"\n<p>A \u00faltima sexta-feira (16\/08) marcou os 50 dias das\u00a0<a href=\"https:\/\/sinasefe.org.br\/site\/sinasefe-assina-acordos-e-categoria-retoma-atividades-ate-03-07\/\" target=\"_blank\" rel=\"noreferrer noopener\">assinaturas dos Termos de Acordo<\/a>\u00a0<a href=\"https:\/\/sinasefe.org.br\/site\/download\/termo-de-acordo-no-10-greve-2024-reestruturacao-do-pccmf-ebtt\/\" target=\"_blank\" rel=\"noreferrer noopener\">n\u00ba 10\/2024<\/a>\u00a0(para docentes) e\u00a0<a href=\"https:\/\/sinasefe.org.br\/site\/download\/termo-de-acordo-no-11-greve-2024-reestruturacao-do-pcctae\/\" target=\"_blank\" rel=\"noreferrer noopener\">n\u00ba 11\/2024<\/a>\u00a0(para t\u00e9cnico-administrativos), que fizeram com que SINASEFE, Andes-SN e Fasubra suspendessem a greve unificada da Educa\u00e7\u00e3o Federal.<\/p>\n\n\n\n<p>Os avan\u00e7os conquistados com esses dois Termos de Acordo foram fruto de uma longa e exaustiva luta das tr\u00eas entidades classistas da Educa\u00e7\u00e3o Federal e, principalmente, das suas bases \u2013 que foram as reais protagonistas da maior greve da hist\u00f3ria.<\/p>\n\n\n\n<p>Muitas demandas dos Termos de Acordo deveriam ser contempladas de maneira imediata e\/ou em curto prazo. Mas isso n\u00e3o ocorreu.<\/p>\n\n\n\n<p>At\u00e9 agora, o Governo Lula apenas&nbsp;<a href=\"https:\/\/sinasefe.org.br\/site\/conquista-da-categoria-portaria-983-2020-foi-revogada\/\" target=\"_blank\" rel=\"noreferrer noopener\">respondeu parcialmente a demanda relativa \u00e0 revoga\u00e7\u00e3o da Portaria 983\/2020<\/a>, que ainda necessita de um Grupo de Trabalho que, at\u00e9 o momento, n\u00e3o foi criado, para elaborar o texto que ficar\u00e1 em vig\u00eancia definitiva \u2013 visto que a&nbsp;<a href=\"https:\/\/sinasefe.org.br\/site\/revogacao-da-portaria-983-2020-confira-a-analise-da-cnd-sinasefe\/\" target=\"_blank\" rel=\"noreferrer noopener\">Portaria 750\/2024<\/a>&nbsp;tem car\u00e1ter meramente transit\u00f3rio.<\/p>\n\n\n\n<p>O SINASEFE n\u00e3o est\u00e1 satisfeito e nem confort\u00e1vel com essa postura do Governo. Por isso, foi aprovado na\u00a0<a href=\"https:\/\/sinasefe.org.br\/site\/194a-plena-deliberacoes-aprovadas\/\" target=\"_blank\" rel=\"noreferrer noopener\">194\u00aa Plen\u00e1ria Nacional<\/a>\u00a0que ser\u00e1 realizado um grande ato, durante o\u00a0<a href=\"http:\/\/sinasefe.org.br\/consinasefe\" target=\"_blank\" rel=\"noreferrer noopener\">36\u00ba CONSINASEFE<\/a>, para cobrar o efetivo cumprimento dos Termos de Acordo n\u00ba 10\/2024 e n\u00ba 11\/2024.<\/p>\n\n\n\n<p>Assista neste v\u00eddeo o recado de Artemis Martins (<a href=\"https:\/\/sinasefe.org.br\/site\/documentos\/direcao-nacional\/coordenacao-geral\/\" target=\"_blank\" rel=\"noreferrer noopener\">coordenadora geral<\/a>\u00a0do SINASEFE) sobre este tema.<\/p>\n\n\n\n<p>Fonte: Sinasefe nacional<\/p>\n\n\n\n<p>Edi\u00e7\u00e3o: Fritz Rivail<\/p>\n","protected":false},"excerpt":{"rendered":"<p>A \u00faltima sexta-feira (16\/08) marcou os 50 dias das\u00a0assinaturas dos Termos de Acordo\u00a0n\u00ba 10\/2024\u00a0(para docentes) e\u00a0n\u00ba 11\/2024\u00a0(para t\u00e9cnico-administrativos), que fizeram com que SINASEFE, Andes-SN e Fasubra suspendessem a greve unificada da Educa\u00e7\u00e3o Federal. Os avan\u00e7os conquistados com esses dois Termos de Acordo foram fruto de uma longa e exaustiva luta das tr\u00eas entidades classistas da<\/p>\n","protected":false},"author":7,"featured_media":6844,"comment_status":"closed","ping_status":"closed","sticky":true,"template":"","format":"standard","meta":{"footnotes":""},"categories":[37,41,42,45],"tags":[187,213],"class_list":{"0":"post-6843","1":"post","2":"type-post","3":"status-publish","4":"format-standard","5":"has-post-thumbnail","7":"category-destaque","8":"category-movimento","9":"category-noticia","10":"category-sindicato","11":"tag-plenaria-nacional","12":"tag-servico-publico"},"_links":{"self":[{"href":"https:\/\/sinasefesm.com\/index.php\/wp-json\/wp\/v2\/posts\/6843","targetHints":{"allow":["GET"]}}],"collection":[{"href":"https:\/\/sinasefesm.com\/index.php\/wp-json\/wp\/v2\/posts"}],"about":[{"href":"https:\/\/sinasefesm.com\/index.php\/wp-json\/wp\/v2\/types\/post"}],"author":[{"embeddable":true,"href":"https:\/\/sinasefesm.com\/index.php\/wp-json\/wp\/v2\/users\/7"}],"replies":[{"embeddable":true,"href":"https:\/\/sinasefesm.com\/index.php\/wp-json\/wp\/v2\/comments?post=6843"}],"version-history":[{"count":0,"href":"https:\/\/sinasefesm.com\/index.php\/wp-json\/wp\/v2\/posts\/6843\/revisions"}],"wp:featuredmedia":[{"embeddable":true,"href":"https:\/\/sinasefesm.com\/index.php\/wp-json\/wp\/v2\/media\/6844"}],"wp:attachment":[{"href":"https:\/\/sinasefesm.com\/index.php\/wp-json\/wp\/v2\/media?parent=6843"}],"wp:term":[{"taxonomy":"category","embeddable":true,"href":"https:\/\/sinasefesm.com\/index.php\/wp-json\/wp\/v2\/categories?post=6843"},{"taxonomy":"post_tag","embeddable":true,"href":"https:\/\/sinasefesm.com\/index.php\/wp-json\/wp\/v2\/tags?post=6843"}],"curies":[{"name":"wp","href":"https:\/\/api.w.org\/{rel}","templated":true}]}}