{"id":6848,"date":"2024-08-27T15:05:53","date_gmt":"2024-08-27T15:05:53","guid":{"rendered":"https:\/\/sinasefesm.com\/?p=6848"},"modified":"2024-08-27T15:05:53","modified_gmt":"2024-08-27T15:05:53","slug":"sinasefe-sm-participou-de-evento-que-debateu-carreira","status":"publish","type":"post","link":"https:\/\/sinasefesm.com\/index.php\/2024\/08\/27\/sinasefe-sm-participou-de-evento-que-debateu-carreira\/","title":{"rendered":"Sinasefe SM participou de evento que debateu carreira"},"content":{"rendered":"\n<p>O Sinasefe Santa Maria esteve representado no XXV Encontro da Regional RS do ANDES-Sindicato Nacional, que debateu um aperfei\u00e7oamento na proposta de carreira que o ANDES-SN possui desde 2011, e que trata da unifica\u00e7\u00e3o das carreiras do Magist\u00e9rio Superior e EBTT das Institui\u00e7\u00f5es Federais de Ensino.<\/p>\n\n\n\n<p>O tesoureiro-geral, professor Claudio Renato Kelling, participou do evento que aconteceu na sexta (23\/08) \u00e0 noite e no s\u00e1bado (24\/08) na sede da Se\u00e7\u00e3o Sindical dos Docentes da UFSM (Sedufsm), a convite do pr\u00f3prio sindicato docente.<\/p>\n\n\n\n<p>Para o diretor do Sinasefe SM, o debate \u00e9 de extrema import\u00e2ncia, mesmo que n\u00e3o seja consensual em toda a categoria. Na vis\u00e3o de Claudio, quando se aborda a constru\u00e7\u00e3o de uma carreira unificada, \u00e9 preciso que sejam inclu\u00eddos aspectos que garantam um comprometimento com o trip\u00e9 ensino, pesquisa e extens\u00e3o.<\/p>\n\n\n\n<figure class=\"wp-block-image size-full is-resized\"><img decoding=\"async\" src=\"https:\/\/sinasefesm.com\/wp-content\/uploads\/2024\/08\/Claudio-1.jpg\" alt=\"\" class=\"wp-image-6854\" style=\"width:605px;height:auto\"\/><\/figure>\n\n\n\n<p>Al\u00e9m disso, ressalta o tesoureiro-geral do Sinasefe SM, quando se pensa na unifica\u00e7\u00e3o das carreiras (Magist\u00e9rio Superior, EBTT), o foco n\u00e3o pode ser apenas na quest\u00e3o da melhoria remunerat\u00f3ria, mas tamb\u00e9m, que sejam inclu\u00eddas quest\u00f5es relacionadas ao mundo do trabalho, garantindo qualidade no ensino e tamb\u00e9m qualidade de vida. Portanto, ressalta Claudio, participar em espa\u00e7os que debatam a carreira torna-se fundamental, tendo em vista que ajuda no amadurecimento do tema.<\/p>\n\n\n\n<p><br><em>Texto: Fritz Rivail<br>Fotos: Sedufsm<\/em><\/p>\n","protected":false},"excerpt":{"rendered":"<p>O Sinasefe Santa Maria esteve representado no XXV Encontro da Regional RS do ANDES-Sindicato Nacional, que debateu um aperfei\u00e7oamento na proposta de carreira que o ANDES-SN possui desde 2011, e que trata da unifica\u00e7\u00e3o das carreiras do Magist\u00e9rio Superior e EBTT das Institui\u00e7\u00f5es Federais de Ensino. O tesoureiro-geral, professor Claudio Renato Kelling, participou do evento<\/p>\n","protected":false},"author":7,"featured_media":6849,"comment_status":"closed","ping_status":"closed","sticky":true,"template":"","format":"standard","meta":{"footnotes":""},"categories":[37,42,45],"tags":[75,155,225],"class_list":{"0":"post-6848","1":"post","2":"type-post","3":"status-publish","4":"format-standard","5":"has-post-thumbnail","7":"category-destaque","8":"category-noticia","9":"category-sindicato","10":"tag-carreira-ebtt","11":"tag-institutos-federais","12":"tag-ufsm"},"_links":{"self":[{"href":"https:\/\/sinasefesm.com\/index.php\/wp-json\/wp\/v2\/posts\/6848","targetHints":{"allow":["GET"]}}],"collection":[{"href":"https:\/\/sinasefesm.com\/index.php\/wp-json\/wp\/v2\/posts"}],"about":[{"href":"https:\/\/sinasefesm.com\/index.php\/wp-json\/wp\/v2\/types\/post"}],"author":[{"embeddable":true,"href":"https:\/\/sinasefesm.com\/index.php\/wp-json\/wp\/v2\/users\/7"}],"replies":[{"embeddable":true,"href":"https:\/\/sinasefesm.com\/index.php\/wp-json\/wp\/v2\/comments?post=6848"}],"version-history":[{"count":0,"href":"https:\/\/sinasefesm.com\/index.php\/wp-json\/wp\/v2\/posts\/6848\/revisions"}],"wp:featuredmedia":[{"embeddable":true,"href":"https:\/\/sinasefesm.com\/index.php\/wp-json\/wp\/v2\/media\/6849"}],"wp:attachment":[{"href":"https:\/\/sinasefesm.com\/index.php\/wp-json\/wp\/v2\/media?parent=6848"}],"wp:term":[{"taxonomy":"category","embeddable":true,"href":"https:\/\/sinasefesm.com\/index.php\/wp-json\/wp\/v2\/categories?post=6848"},{"taxonomy":"post_tag","embeddable":true,"href":"https:\/\/sinasefesm.com\/index.php\/wp-json\/wp\/v2\/tags?post=6848"}],"curies":[{"name":"wp","href":"https:\/\/api.w.org\/{rel}","templated":true}]}}