{"id":6858,"date":"2024-09-02T23:54:59","date_gmt":"2024-09-02T23:54:59","guid":{"rendered":"https:\/\/sinasefesm.com\/?p=6858"},"modified":"2024-09-02T23:54:59","modified_gmt":"2024-09-02T23:54:59","slug":"colegio-politecnico-da-ufsm-o-terceiro-melhor-do-pais","status":"publish","type":"post","link":"https:\/\/sinasefesm.com\/index.php\/2024\/09\/02\/colegio-politecnico-da-ufsm-o-terceiro-melhor-do-pais\/","title":{"rendered":"Col\u00e9gio Polit\u00e9cnico da UFSM, o terceiro melhor do pa\u00eds\u00a0"},"content":{"rendered":"\n<p>Recentemente, a empresa de inova\u00e7\u00e3o educacional, <a href=\"https:\/\/www.ufsm.br\/unidades-universitarias\/politecnico\/2024\/06\/18\/colegio-politecnico-esta-entre-as-melhores-escolas-de-ensino-medio-do-brasil-com-base-nas-notas-do-enem\">AIO Educa\u00e7\u00e3o<\/a>, divulgou um <em>ranking <\/em>das melhores escolas brasileiras, com base no desempenho de seus alunos no Exame Nacional do Ensino M\u00e9dio (Enem) de 2023. Segundo o levantamento, o Col\u00e9gio Polit\u00e9cnico da UFSM foi classificado como a terceira melhor institui\u00e7\u00e3o p\u00fablica do pa\u00eds, com uma m\u00e9dia geral de 711,7 pontos na avalia\u00e7\u00e3o objetiva com reda\u00e7\u00e3o. A posi\u00e7\u00e3o \u00e9 resultado do pioneirismo da escola em implementar o novo modelo de Ensino M\u00e9dio e do padr\u00e3o de ensino diferenciado, que uma institui\u00e7\u00e3o de ensino federal pode proporcionar, segundo docentes do Polit\u00e9cnico.<\/p>\n\n\n\n<p>O ranking classifica as institui\u00e7\u00f5es com base nas m\u00e9dias mais altas obtidas pelos alunos no Exame Nacional do Ensino M\u00e9dio. Para isso, a empresa AIO Educa\u00e7\u00e3o possui acesso aos microdados do Enem, fornecidos pelo Instituto Nacional de Estudos e Pesquisas Educacionais An\u00edsio Teixeira (INEP), do Minist\u00e9rio da Educa\u00e7\u00e3o. Desse modo, s\u00e3o consideradas as m\u00e9dias das notas das provas objetivas e de reda\u00e7\u00e3o do Enem de cada escola. As escolas s\u00e3o agrupadas em categorias conforme o n\u00famero de alunos participantes e a inclus\u00e3o ou n\u00e3o da nota da reda\u00e7\u00e3o.&nbsp;<\/p>\n\n\n\n<p>Ocupando a primeira e segunda posi\u00e7\u00e3o do <em>ranking <\/em>nacional das escolas p\u00fablicas, respectivamente, est\u00e3o a escola Popular Madre Maria Villac, de Teresina Piau\u00ed, que obteve uma nota 724,1, e o Col\u00e9gio Tiradentes de Iju\u00ed, que obteve uma m\u00e9dia geral de 714,7. Quando se olha as escolas p\u00fablicas e tamb\u00e9m col\u00e9gios privados, o Polit\u00e9cnico ficou em 45\u00ba lugar nacionalmente e em 1\u00ba lugar em Santa Maria.<\/p>\n\n\n\n<p>Para a Diretora da Institui\u00e7\u00e3o, Marta Ende, \u00e9 motivo de muita alegria: \u2018\u2019<em>estar na gest\u00e3o do Col\u00e9gio Polit\u00e9cnico ao mesmo tempo em que \u00e9 uma grande responsabilidade com in\u00fameros desafios, tamb\u00e9m \u00e9 uma oportunidade de contribuir para potencializar o que a institui\u00e7\u00e3o tem de melhor, criando oportunidades para formar um n\u00famero cada vez maior de pessoas que possam desempenhar um papel transformador para elas mesmas e para a sociedade como um todo<\/em>\u2019\u2019, relata a gestora.<\/p>\n\n\n\n<p><strong>Benef\u00edcios de um ensino m\u00e9dio dentro do ambiente universit\u00e1rio<\/strong><\/p>\n\n\n\n<p>O Col\u00e9gio Polit\u00e9cnico est\u00e1 localizado dentro do <em>campus <\/em>sede da UFSM, o que permite aos seus estudantes desfrutarem de uma s\u00e9rie de benef\u00edcios que acad\u00eamicos do ensino superior t\u00eam acesso, como usufruir das bibliotecas, dos espa\u00e7os esportivos do <em>campus<\/em>, dos Restaurantes Universit\u00e1rios e demais aux\u00edlios disponibilizados. <\/p>\n\n\n\n<p>Somando a isso, a Secret\u00e1ria de Pessoal e docente do Polit\u00e9cnico, Cl\u00e1udia do Amaral, destaca a qualidade de trabalho dos professores do n\u00edvel federal, pois existe uma disparidade quando se compara com as esferas estadual e municipal, por exemplo: \u2018\u2019<em>al\u00e9m de uma equipe de professores super capacitados e preparados, os docentes do Poli t\u00eam a vantagem de n\u00e3o serem t\u00e3o desvalorizados, ainda que a gente passe por uma desvaloriza\u00e7\u00e3o salarial de muito tempo, visto a greve que aconteceu h\u00e1 pouco. Mas, apesar disso, ainda temos uma remunera\u00e7\u00e3o digna, que, de certa forma, nos motiva mais para o trabalho. Nem se compara com um professor do estado, que, \u00e0s vezes, tem uma carga hor\u00e1ria excessiva. N\u00f3s temos a dedica\u00e7\u00e3o exclusiva, que tamb\u00e9m colabora com o nosso trabalho<\/em>\u2019\u2019, explica Cl\u00e1udia.\u00a0<\/p>\n\n\n\n<p>Nesse sentido, a Secret\u00e1ria comenta que os docentes podem se dedicar ao detalhamento do planejamento de a\u00e7\u00f5es culturais com os estudantes, incentivando-os a participar de olimp\u00edadas e eventos, como \u00e9 o caso da Jornada Acad\u00eamica Integrada (JAI) Jovem, em que o pensamento cient\u00edfico \u00e9 estimulado. Assim, os alunos se desenvolvem desde o ensino m\u00e9dio a partir dos tr\u00eas pilares de uma Universidade: o ensino, a pesquisa e a extens\u00e3o.<\/p>\n\n\n\n<p>No entendimento de Cl\u00e1udia, resultados positivos como o do <em>ranking <\/em>da AIO Educa\u00e7\u00e3o s\u00e3o apenas consequ\u00eancia desse trabalho desenvolvido desde o primeiro ano do ensino m\u00e9dio: \u2018\u2019<em>Com certeza esse resultado nos orgulha muito, mas nunca \u00e9 uma busca, o resultado do Enem n\u00e3o \u00e9 uma busca. Embora as pessoas sejam atra\u00eddas ao Col\u00e9gio por esses resultados, acreditamos que ele se deve a essa forma\u00e7\u00e3o mais integral. Ent\u00e3o, nesse sentido que eu me sinto feliz, porque o ranking mostra que o nosso trabalho voltado para uma forma\u00e7\u00e3o integral, cr\u00edtica e humanizadora est\u00e1 dando certo.\u2019<\/em>\u2019 <\/p>\n\n\n\n<p> <\/p>\n\n\n\n<figure class=\"wp-block-gallery has-nested-images columns-default is-cropped wp-block-gallery-1 is-layout-flex wp-block-gallery-is-layout-flex\">\n<figure class=\"wp-block-image size-large\"><img decoding=\"async\" data-id=\"6859\" src=\"https:\/\/sinasefesm.com\/wp-content\/uploads\/2024\/09\/PHOTO-2023-09-21-12-04-05-1-1024x576-1.jpg\" alt=\"\" class=\"wp-image-6859\"\/><\/figure>\n\n\n\n<figure class=\"wp-block-image size-large\"><img decoding=\"async\" data-id=\"6860\" src=\"https:\/\/sinasefesm.com\/wp-content\/uploads\/2024\/09\/Paises-02-853x1024-1.jpg\" alt=\"\" class=\"wp-image-6860\"\/><\/figure>\n\n\n\n<figure class=\"wp-block-image size-large\"><img decoding=\"async\" data-id=\"6861\" src=\"https:\/\/sinasefesm.com\/wp-content\/uploads\/2024\/09\/Paises-04-1024x576-1.jpg\" alt=\"\" class=\"wp-image-6861\"\/><\/figure>\n<\/figure>\n\n\n\n<p><strong>Pioneirismo na implementa\u00e7\u00e3o do Novo Ensino M\u00e9dio (NEM)<\/strong><\/p>\n\n\n\n<p>A boa coloca\u00e7\u00e3o do Polit\u00e9cnico entre as escolas brasileiras se deve tamb\u00e9m a maneira diferenciada e precursora de se implementar o Novo Ensino M\u00e9dio, segundo o Vice-Diretor da Institui\u00e7\u00e3o, Moacir Bolzan, explicou: \u2018\u2019<em>durante os anos de 2021, 2022 e 2023 executamos e vivenciamos um planejamento que iniciou em 2017 e culminou em 2020 com uma nova proposta de ensino m\u00e9dio, colocada em pr\u00e1tica a partir de 2021. Neste planejamento mobilizamos o melhor do preparo e esfor\u00e7o dos nossos docentes para construirmos um padr\u00e3o educacional respons\u00e1vel capaz de oferecer aos estudantes o protagonismo no processo de aprender, valendo-se da autonomia did\u00e1tico-pedag\u00f3gica-metodol\u00f3gica que temos, para cumprirmos com muita efici\u00eancia, para al\u00e9m dos ditames legais oferecidos pelas novas Diretrizes Curriculares Nacionais (Resolu\u00e7\u00e3o 03\/2018 CNE)<\/em>\u2019\u2019, comenta Bolzan.&nbsp;<\/p>\n\n\n\n<p>Nesse sentido, construiu-se uma Base Nacional Comum Curricular (BNCC) com um itiner\u00e1rio que contempla atividades interdisciplinares, nas \u00e1reas de Linguagens, Matem\u00e1tica, Ci\u00eancias da Natureza e Ci\u00eancias Sociais e Humanas, aliado a atividades multidisciplinares no formato de projetos colaborativos, com tem\u00e1ticas previstas na legisla\u00e7\u00e3o, como alimenta\u00e7\u00e3o saud\u00e1vel, quest\u00f5es de g\u00eanero, envelhecimento, dentre outros exemplos comentados pelo Vice-Diretor. Portanto, o Polit\u00e9cnico optou por n\u00e3o desenvolver apenas um itiner\u00e1rio espec\u00edfico, mas sim um que integrasse diversas \u00e1reas, considerando que o estudante de ensino m\u00e9dio vive uma fase da vida em que precisa explorar conhecimentos diversos, aprendendo um pouco de cada disciplina. Assim, entende-se que os estudantes saem do Col\u00e9gio mais capacitados para a vida adulta e para a escolha profissional.<\/p>\n\n\n\n<figure class=\"wp-block-gallery has-nested-images columns-default is-cropped wp-block-gallery-2 is-layout-flex wp-block-gallery-is-layout-flex\">\n<figure class=\"wp-block-image size-large\"><img decoding=\"async\" data-id=\"6862\" src=\"https:\/\/sinasefesm.com\/wp-content\/uploads\/2024\/09\/20240314_134236-1024x461-1.jpg\" alt=\"\" class=\"wp-image-6862\"\/><\/figure>\n\n\n\n<figure class=\"wp-block-image size-large\"><img decoding=\"async\" data-id=\"6863\" src=\"https:\/\/sinasefesm.com\/wp-content\/uploads\/2024\/09\/20240321_135041-1024x461-1.jpg\" alt=\"\" class=\"wp-image-6863\"\/><\/figure>\n<\/figure>\n\n\n\n<p><strong>Vagas abertas<\/strong><\/p>\n\n\n\n<p>Aos interessados em realizar o ensino m\u00e9dio no Col\u00e9gio Polit\u00e9cnico ou no Col\u00e9gio T\u00e9cnico Industrial de Santa Maria (CTISM), que tamb\u00e9m est\u00e1 inserido na UFSM, podem se inscrever no concurso para ingressar nas escolas no primeiro semestre de 2025. Os estudantes s\u00e3o selecionados via prova de m\u00faltipla escolha, com data marcada para ocorrer em primeiro de dezembro (01\/12). As inscri\u00e7\u00f5es para o processo seletivo precisam ser feitas at\u00e9 dia quatro de novembro (04\/11), pelo <em>link <\/em>dispon\u00edvel <a href=\"https:\/\/www.ufsm.br\/outros-orgaos\/cebtt\">aqui<\/a>. Mais informa\u00e7\u00f5es podem ser obtidas pelo <a href=\"https:\/\/www.ufsm.br\/unidades-universitarias\/politecnico\/2024\/08\/12\/ensino-medio-e-cursos-tecnicos-da-ufsm-estao-com-inscricoes-abertas-para-ingresso-em-2025\">edital<\/a>.<\/p>\n\n\n\n<hr class=\"wp-block-separator has-alpha-channel-opacity\"\/>\n\n\n\n<p><strong><em>Texto: Laurent Keller<\/em><\/strong><\/p>\n\n\n\n<p><strong><em>Imagens: acervo do Col\u00e9gio Polit\u00e9cnico<\/em><\/strong><\/p>\n\n\n\n<p><strong><em>Edi\u00e7\u00e3o: Fritz Rivail<\/em><\/strong><\/p>\n","protected":false},"excerpt":{"rendered":"<p>Recentemente, a empresa de inova\u00e7\u00e3o educacional, AIO Educa\u00e7\u00e3o, divulgou um ranking das melhores escolas brasileiras, com base no desempenho de seus alunos no Exame Nacional do Ensino M\u00e9dio (Enem) de 2023. Segundo o levantamento, o Col\u00e9gio Polit\u00e9cnico da UFSM foi classificado como a terceira melhor institui\u00e7\u00e3o p\u00fablica do pa\u00eds, com uma m\u00e9dia geral de 711,7<\/p>\n","protected":false},"author":5,"featured_media":6864,"comment_status":"closed","ping_status":"closed","sticky":true,"template":"","format":"standard","meta":{"footnotes":""},"categories":[37,42],"tags":[84,124,178,225],"class_list":{"0":"post-6858","1":"post","2":"type-post","3":"status-publish","4":"format-standard","5":"has-post-thumbnail","7":"category-destaque","8":"category-noticia","9":"tag-colegio-politecnico","10":"tag-ensino-medio","11":"tag-novo-ensino-medio","12":"tag-ufsm"},"_links":{"self":[{"href":"https:\/\/sinasefesm.com\/index.php\/wp-json\/wp\/v2\/posts\/6858","targetHints":{"allow":["GET"]}}],"collection":[{"href":"https:\/\/sinasefesm.com\/index.php\/wp-json\/wp\/v2\/posts"}],"about":[{"href":"https:\/\/sinasefesm.com\/index.php\/wp-json\/wp\/v2\/types\/post"}],"author":[{"embeddable":true,"href":"https:\/\/sinasefesm.com\/index.php\/wp-json\/wp\/v2\/users\/5"}],"replies":[{"embeddable":true,"href":"https:\/\/sinasefesm.com\/index.php\/wp-json\/wp\/v2\/comments?post=6858"}],"version-history":[{"count":0,"href":"https:\/\/sinasefesm.com\/index.php\/wp-json\/wp\/v2\/posts\/6858\/revisions"}],"wp:featuredmedia":[{"embeddable":true,"href":"https:\/\/sinasefesm.com\/index.php\/wp-json\/wp\/v2\/media\/6864"}],"wp:attachment":[{"href":"https:\/\/sinasefesm.com\/index.php\/wp-json\/wp\/v2\/media?parent=6858"}],"wp:term":[{"taxonomy":"category","embeddable":true,"href":"https:\/\/sinasefesm.com\/index.php\/wp-json\/wp\/v2\/categories?post=6858"},{"taxonomy":"post_tag","embeddable":true,"href":"https:\/\/sinasefesm.com\/index.php\/wp-json\/wp\/v2\/tags?post=6858"}],"curies":[{"name":"wp","href":"https:\/\/api.w.org\/{rel}","templated":true}]}}