{"id":6866,"date":"2024-09-03T13:22:09","date_gmt":"2024-09-03T13:22:09","guid":{"rendered":"https:\/\/sinasefesm.com\/?p=6866"},"modified":"2024-09-03T13:22:09","modified_gmt":"2024-09-03T13:22:09","slug":"ato-em-brasilia-dia-5-de-setembro-cobra-execucao-de-acordos-de-greve","status":"publish","type":"post","link":"https:\/\/sinasefesm.com\/index.php\/2024\/09\/03\/ato-em-brasilia-dia-5-de-setembro-cobra-execucao-de-acordos-de-greve\/","title":{"rendered":"Ato no dia 5 de setembro cobra acordos de greve"},"content":{"rendered":"\n<p>Na quinta, 5 de setembro, o Sinasefe nacional realiza um ato p\u00fablico, em Bras\u00edlia, para cobrar o cumprimento dos acordos de greve assinados com o governo federal. A manifesta\u00e7\u00e3o ocorrer\u00e1 <a href=\"https:\/\/sinasefe.org.br\/consinasefe\/2024\/08\/28\/programacao-completa-do-36o-consinasefe\/\" target=\"_blank\" rel=\"noreferrer noopener\">durante a abertura<\/a>\u00a0do <a href=\"https:\/\/sinasefe.org.br\/consinasefe\" target=\"_blank\" rel=\"noreferrer noopener\">Congresso do SINASEFE<\/a> (36\u00ba Consinasefe). Na semana que passou, o sindicato solicitou uma reuni\u00e3o com o Minist\u00e9rio da Gest\u00e3o e Inova\u00e7\u00e3o (MGI), mas n\u00e3o foi atendido.<\/p>\n\n\n\n<p>Ap\u00f3s mais de dois meses das&nbsp;<a href=\"https:\/\/sinasefe.org.br\/site\/sinasefe-assina-acordos-e-categoria-retoma-atividades-ate-03-07\" target=\"_blank\" rel=\"noreferrer noopener\">assinaturas dos Termos de Acordo<\/a>&nbsp;<a href=\"https:\/\/sinasefe.org.br\/site\/download\/termo-de-acordo-no-10-greve-2024-reestruturacao-do-pccmf-ebtt\" target=\"_blank\" rel=\"noreferrer noopener\">n\u00ba 10\/2024<\/a>&nbsp;(para docentes) e&nbsp;<a href=\"https:\/\/sinasefe.org.br\/site\/download\/termo-de-acordo-no-11-greve-2024-reestruturacao-do-pcctae\" target=\"_blank\" rel=\"noreferrer noopener\">n\u00ba 11\/2024<\/a>&nbsp;(para t\u00e9cnico-administrativos), o Governo Lula segue sem cumprir o que foi assinado.<\/p>\n\n\n\n<p>Quest\u00f5es que deveriam ser de execu\u00e7\u00e3o imediata ainda n\u00e3o foram atendidas pelo Governo, como:<br>&#8211; o fim do ponto eletr\u00f4nico para docentes da carreira EBTT;- o retorno das reuni\u00f5es do&nbsp;<a href=\"https:\/\/sinasefe.org.br\/site\/documentos\/comissoes-e-conselhos\/comissao-nacional-docente\/cprsc\" target=\"_blank\" rel=\"noreferrer noopener\">Conselho Permanente para Reconhecimento de Saberes e Compet\u00eancias<\/a>&nbsp;(CPRSC);- o in\u00edcio do GT que vai editar o texto substitutivo das Portarias&nbsp;<a href=\"https:\/\/sinasefe.org.br\/site\/atividade-docente-cnd-divulga-analise-comparativa-de-portarias\/\" target=\"_blank\" rel=\"noreferrer noopener\">983\/2020<\/a>&nbsp;e&nbsp;<a href=\"https:\/\/sinasefe.org.br\/site\/revogacao-da-portaria-983-2020-confira-a-analise-da-cnd-sinasefe\/\" target=\"_blank\" rel=\"noreferrer noopener\">750\/2024<\/a>.<\/p>\n\n\n\n<p><em>Texto: Fritz Rivail com informa\u00e7\u00f5es do Sinasefe Nacional<\/em><\/p>\n","protected":false},"excerpt":{"rendered":"<p>Na quinta, 5 de setembro, o Sinasefe nacional realiza um ato p\u00fablico, em Bras\u00edlia, para cobrar o cumprimento dos acordos de greve assinados com o governo federal. A manifesta\u00e7\u00e3o ocorrer\u00e1 durante a abertura\u00a0do Congresso do SINASEFE (36\u00ba Consinasefe). Na semana que passou, o sindicato solicitou uma reuni\u00e3o com o Minist\u00e9rio da Gest\u00e3o e Inova\u00e7\u00e3o (MGI),<\/p>\n","protected":false},"author":7,"featured_media":6867,"comment_status":"closed","ping_status":"closed","sticky":true,"template":"","format":"standard","meta":{"footnotes":""},"categories":[37,39,41,42],"tags":[213],"class_list":{"0":"post-6866","1":"post","2":"type-post","3":"status-publish","4":"format-standard","5":"has-post-thumbnail","7":"category-destaque","8":"category-eventos","9":"category-movimento","10":"category-noticia","11":"tag-servico-publico"},"_links":{"self":[{"href":"https:\/\/sinasefesm.com\/index.php\/wp-json\/wp\/v2\/posts\/6866","targetHints":{"allow":["GET"]}}],"collection":[{"href":"https:\/\/sinasefesm.com\/index.php\/wp-json\/wp\/v2\/posts"}],"about":[{"href":"https:\/\/sinasefesm.com\/index.php\/wp-json\/wp\/v2\/types\/post"}],"author":[{"embeddable":true,"href":"https:\/\/sinasefesm.com\/index.php\/wp-json\/wp\/v2\/users\/7"}],"replies":[{"embeddable":true,"href":"https:\/\/sinasefesm.com\/index.php\/wp-json\/wp\/v2\/comments?post=6866"}],"version-history":[{"count":0,"href":"https:\/\/sinasefesm.com\/index.php\/wp-json\/wp\/v2\/posts\/6866\/revisions"}],"wp:featuredmedia":[{"embeddable":true,"href":"https:\/\/sinasefesm.com\/index.php\/wp-json\/wp\/v2\/media\/6867"}],"wp:attachment":[{"href":"https:\/\/sinasefesm.com\/index.php\/wp-json\/wp\/v2\/media?parent=6866"}],"wp:term":[{"taxonomy":"category","embeddable":true,"href":"https:\/\/sinasefesm.com\/index.php\/wp-json\/wp\/v2\/categories?post=6866"},{"taxonomy":"post_tag","embeddable":true,"href":"https:\/\/sinasefesm.com\/index.php\/wp-json\/wp\/v2\/tags?post=6866"}],"curies":[{"name":"wp","href":"https:\/\/api.w.org\/{rel}","templated":true}]}}