{"id":6874,"date":"2024-09-04T14:05:32","date_gmt":"2024-09-04T14:05:32","guid":{"rendered":"https:\/\/sinasefesm.com\/?p=6874"},"modified":"2024-09-04T14:05:32","modified_gmt":"2024-09-04T14:05:32","slug":"36o-consinasefe-inicia-nesta-quinta-5-de-setembro","status":"publish","type":"post","link":"https:\/\/sinasefesm.com\/index.php\/2024\/09\/04\/36o-consinasefe-inicia-nesta-quinta-5-de-setembro\/","title":{"rendered":"36\u00ba Consinasefe inicia nesta quinta, 5 de setembro"},"content":{"rendered":"\n<p>Come\u00e7a nesta quinta, 5 de setembro, \u00e0s 9h, em Bras\u00edlia, o 36\u00ba Congresso Nacional do Sinasefe (Consinasefe). O evento ser\u00e1 precedido por um<a href=\"https:\/\/sinasefesm.com\/ato-em-brasilia-dia-5-de-setembro-cobra-execucao-de-acordos-de-greve\/\"> ato c<\/a>onjunto com outras entidades, em que ser\u00e1 cobrado o cumprimento dos acordos de greve. O manifesto ser\u00e1 nas proximidades do Minist\u00e9rio da Gest\u00e3o e da Inova\u00e7\u00e3o em Servi\u00e7os P\u00fablicos (MGI), na capital federal.<\/p>\n\n\n\n<p>O tema central do Consinasefe \u00e9 \u201c<em>Fortalecer o Sinasefe para enfrentar a precariza\u00e7\u00e3o da educa\u00e7\u00e3o p\u00fablica e a pol\u00edtica neoliberal<\/em>\u201d. Est\u00e3o previstas, na programa\u00e7\u00e3o do encontro, mesas pautando temas como: Pol\u00edticas Educacionais, Carreira, Combate \u00e0s Opress\u00f5es e Sa\u00fade das(os) trabalhadoras(es). As discuss\u00f5es estendem-se at\u00e9 domingo, 8 de setembro.<\/p>\n\n\n\n<p>Veja <strong><a href=\"https:\/\/sinasefe.org.br\/consinasefe\/2024\/09\/03\/veja-as-mesas-e-palestrantes-do-36o-consinasefe\/\">aqui <\/a><\/strong>as mesas e palestrantes do Congresso e tamb\u00e9m a programa\u00e7\u00e3o completa<br><br><em>Texto: Fritz Rivail com informa\u00e7\u00f5es do Sinasefe nacional<\/em><\/p>\n","protected":false},"excerpt":{"rendered":"<p>Come\u00e7a nesta quinta, 5 de setembro, \u00e0s 9h, em Bras\u00edlia, o 36\u00ba Congresso Nacional do Sinasefe (Consinasefe). O evento ser\u00e1 precedido por um ato conjunto com outras entidades, em que ser\u00e1 cobrado o cumprimento dos acordos de greve. O manifesto ser\u00e1 nas proximidades do Minist\u00e9rio da Gest\u00e3o e da Inova\u00e7\u00e3o em Servi\u00e7os P\u00fablicos (MGI), na<\/p>\n","protected":false},"author":7,"featured_media":6875,"comment_status":"closed","ping_status":"closed","sticky":true,"template":"","format":"standard","meta":{"footnotes":""},"categories":[42,45],"tags":[],"class_list":{"0":"post-6874","1":"post","2":"type-post","3":"status-publish","4":"format-standard","5":"has-post-thumbnail","7":"category-noticia","8":"category-sindicato"},"_links":{"self":[{"href":"https:\/\/sinasefesm.com\/index.php\/wp-json\/wp\/v2\/posts\/6874","targetHints":{"allow":["GET"]}}],"collection":[{"href":"https:\/\/sinasefesm.com\/index.php\/wp-json\/wp\/v2\/posts"}],"about":[{"href":"https:\/\/sinasefesm.com\/index.php\/wp-json\/wp\/v2\/types\/post"}],"author":[{"embeddable":true,"href":"https:\/\/sinasefesm.com\/index.php\/wp-json\/wp\/v2\/users\/7"}],"replies":[{"embeddable":true,"href":"https:\/\/sinasefesm.com\/index.php\/wp-json\/wp\/v2\/comments?post=6874"}],"version-history":[{"count":0,"href":"https:\/\/sinasefesm.com\/index.php\/wp-json\/wp\/v2\/posts\/6874\/revisions"}],"wp:featuredmedia":[{"embeddable":true,"href":"https:\/\/sinasefesm.com\/index.php\/wp-json\/wp\/v2\/media\/6875"}],"wp:attachment":[{"href":"https:\/\/sinasefesm.com\/index.php\/wp-json\/wp\/v2\/media?parent=6874"}],"wp:term":[{"taxonomy":"category","embeddable":true,"href":"https:\/\/sinasefesm.com\/index.php\/wp-json\/wp\/v2\/categories?post=6874"},{"taxonomy":"post_tag","embeddable":true,"href":"https:\/\/sinasefesm.com\/index.php\/wp-json\/wp\/v2\/tags?post=6874"}],"curies":[{"name":"wp","href":"https:\/\/api.w.org\/{rel}","templated":true}]}}