{"id":6879,"date":"2024-09-11T14:29:30","date_gmt":"2024-09-11T14:29:30","guid":{"rendered":"https:\/\/sinasefesm.com\/?p=6879"},"modified":"2024-09-11T14:29:30","modified_gmt":"2024-09-11T14:29:30","slug":"36o-consinasefe-elegeu-a-proxima-direcao-nacional-do-sindicato","status":"publish","type":"post","link":"https:\/\/sinasefesm.com\/index.php\/2024\/09\/11\/36o-consinasefe-elegeu-a-proxima-direcao-nacional-do-sindicato\/","title":{"rendered":"36\u00ba Consinasefe elegeu a pr\u00f3xima dire\u00e7\u00e3o nacional do sindicato"},"content":{"rendered":"\n<p>Entre os dias cinco e oito de setembro, ocorreu em Bras\u00edlia-DF, a 36\u00aa edi\u00e7\u00e3o do Congresso Eleitoral do Sinasefe (Consinasefe), com a tem\u00e1tica \u201cFortalecer o Sinasefe para Enfrentar a Precariza\u00e7\u00e3o da Educa\u00e7\u00e3o P\u00fablica e a Pol\u00edtica Neoliberal\u201d. Os mais de 700 participantes de diversos locais do pa\u00eds ajudaram a&nbsp; eleger o Conselho Fiscal, o Conselho de \u00c9tica e a 15\u00aa Dire\u00e7\u00e3o Nacional (DN) Colegiada, que devem vigorar durante o bi\u00eanio 2024-2026.<\/p>\n\n\n\n<figure class=\"wp-block-gallery has-nested-images columns-default is-cropped wp-block-gallery-1 is-layout-flex wp-block-gallery-is-layout-flex\">\n<figure class=\"wp-block-image size-large\"><img decoding=\"async\" data-id=\"6883\" src=\"https:\/\/sinasefesm.com\/wp-content\/uploads\/2024\/09\/20240905_092332.jpg\" alt=\"\" class=\"wp-image-6883\"\/><\/figure>\n\n\n\n<figure class=\"wp-block-image size-large\"><img decoding=\"async\" data-id=\"6884\" src=\"https:\/\/sinasefesm.com\/wp-content\/uploads\/2024\/09\/36consinasefedia320.jpeg\" alt=\"\" class=\"wp-image-6884\"\/><\/figure>\n\n\n\n<figure class=\"wp-block-image size-large\"><img decoding=\"async\" data-id=\"6885\" src=\"https:\/\/sinasefesm.com\/wp-content\/uploads\/2024\/09\/20240905_100935.jpg\" alt=\"\" class=\"wp-image-6885\"\/><\/figure>\n\n\n\n<figure class=\"wp-block-image size-large\"><img decoding=\"async\" data-id=\"6886\" src=\"https:\/\/sinasefesm.com\/wp-content\/uploads\/2024\/09\/20240905_095502.jpg\" alt=\"\" class=\"wp-image-6886\"\/><\/figure>\n\n\n\n<figure class=\"wp-block-image size-large\"><img decoding=\"async\" data-id=\"6887\" src=\"https:\/\/sinasefesm.com\/wp-content\/uploads\/2024\/09\/20240905_095740.jpg\" alt=\"\" class=\"wp-image-6887\"\/><\/figure>\n\n\n\n<figure class=\"wp-block-image size-large\"><img decoding=\"async\" data-id=\"6889\" src=\"https:\/\/sinasefesm.com\/wp-content\/uploads\/2024\/09\/c3eb1c4c-9751-4f39-85a7-623d35f60382.jpeg\" alt=\"\" class=\"wp-image-6889\"\/><\/figure>\n\n\n\n<figure class=\"wp-block-image size-large\"><img decoding=\"async\" data-id=\"6890\" src=\"https:\/\/sinasefesm.com\/wp-content\/uploads\/2024\/09\/876ca8d1-b612-4281-a665-303ba462e2c1.jpeg\" alt=\"\" class=\"wp-image-6890\"\/><\/figure>\n\n\n\n<figure class=\"wp-block-image size-large\"><img decoding=\"async\" data-id=\"6891\" src=\"https:\/\/sinasefesm.com\/wp-content\/uploads\/2024\/09\/5a38101d-cb2a-4eec-ba0b-36f93a94551e.jpeg\" alt=\"\" class=\"wp-image-6891\"\/><\/figure>\n\n\n\n<figure class=\"wp-block-image size-large\"><img decoding=\"async\" data-id=\"6892\" src=\"https:\/\/sinasefesm.com\/wp-content\/uploads\/2024\/09\/1411f4b3-481b-488e-82d4-c5a7636851af.jpeg\" alt=\"\" class=\"wp-image-6892\"\/><\/figure>\n<\/figure>\n\n\n\n<p>Para votar nos novos representantes do sindicato, foram feitos debates durante o s\u00e1bado (07\/09) e, posteriormente, ocorreram as elei\u00e7\u00f5es em si, comandadas pela Comiss\u00e3o Eleitoral do 36\u00ba Consinasefe.&nbsp;<\/p>\n\n\n\n<p>Para o Conselho Fiscal, candidataram-se oito participantes (sete homens e uma mulher). Destes, seis candidatos foram eleitos: tr\u00eas como titulares (1\u00aa, 2\u00aa e 3\u00aa mais votadas) e 3 como suplentes (4\u00aa, 5\u00aa e 6\u00aa mais votadas). Do total de 1617 votos, 95 foram brancos e 370 nulos. Os demais se distribu\u00edram entre os eleitos:<\/p>\n\n\n\n<ol class=\"wp-block-list\">\n<li>325 votos \u2013 Bruno Jos\u00e9 de Souza (se\u00e7\u00e3o IFSC-SC)<\/li>\n\n\n\n<li>241 votos \u2013 Rita Francisca Gomes Bezerra Casseb (se\u00e7\u00e3o IFMT-MT)<\/li>\n\n\n\n<li>223 votos \u2013 Victor Braz Iturriet (se\u00e7\u00e3o IF Sul-RS)<\/li>\n\n\n\n<li>127 votos \u2013 Luis Clodoaldo Alves Lopes (se\u00e7\u00e3o Crato-CE)<\/li>\n\n\n\n<li>94 votos \u2013 Jos\u00e9 do Nascimento Junior (Sintef-PB)<\/li>\n\n\n\n<li>67 votos \u2013 Edson Santos Nascimento (se\u00e7\u00e3o IFBA e CMS-BA)<\/li>\n\n\n\n<li>60 votos \u2013 Valter Jos\u00e9 da Silva (se\u00e7\u00e3o IFBA e CMS-BA)<\/li>\n\n\n\n<li>15 votos \u2013 Michel Silva de Castro (se\u00e7\u00e3o Litoral-SC)<\/li>\n<\/ol>\n\n\n\n<p>J\u00e1 para o Conselho de \u00c9tica, onze sindicalizados (quatro homens e sete mulheres) se candidataram, por\u00e9m um deles renunciou ao cargo pouco antes do in\u00edcio da vota\u00e7\u00e3o. Como resultado, 10 candidaturas foram eleitas, cinco como titulares (1\u00aa, 2\u00aa, 3\u00aa, 4\u00aa e 5\u00aa mais votadas) e cinco como suplentes (6\u00aa, 7\u00aa, 8\u00aa, 9\u00aa e 10\u00aa mais votadas). Ao todo, 2695 votos foram distribu\u00eddos, sendo 199 brancos, 637 nulos e os demais distribu\u00eddos entre os eleitos:&nbsp;<\/p>\n\n\n\n<ol class=\"wp-block-list\">\n<li>245 votos \u2013 Ana Quezia Santos Carneiro (se\u00e7\u00e3o IFBA e CMS-BA)<\/li>\n\n\n\n<li>215 votos \u2013 Sara Lima Cordeiro (se\u00e7\u00e3o Natal-RN)<\/li>\n\n\n\n<li>209 votos \u2013 Cleonice Almeida da Silva (se\u00e7\u00e3o Crato-CE)<\/li>\n\n\n\n<li>203 votos \u2013 Nadson Silva dos Santos (se\u00e7\u00e3o IFBA e CMS-BA)<\/li>\n\n\n\n<li>192 votos \u2013 Cynthia Marise Santos Mattosinho (se\u00e7\u00e3o IFS-SE)<\/li>\n\n\n\n<li>188 votos \u2013 Elane de Souza Mafra (se\u00e7\u00e3o Manaus-AM)<\/li>\n\n\n\n<li>165 votos \u2013 Danielle Lima Costa (se\u00e7\u00e3o Maracan\u00e3-MA)<\/li>\n\n\n\n<li>156 votos \u2013 Francisco Edinaldo Diniz da Costa (Sindsifce-CE)<\/li>\n\n\n\n<li>150 votos \u2013 Jo\u00e3o Alves Pacheco (se\u00e7\u00e3o IFSP-SP)<\/li>\n\n\n\n<li>136 votos \u2013 Antonia Nilda A. Cruz (se\u00e7\u00e3o Maracan\u00e3-MA)<\/li>\n<\/ol>\n\n\n\n<p>E para a Dire\u00e7\u00e3o Nacional, seis chapas se inscreveram. Abaixo, confira a nova composi\u00e7\u00e3o da DN, com 27 integrantes:<\/p>\n\n\n\n<div data-wp-interactive=\"core\/file\" class=\"wp-block-file\"><object data-wp-bind--hidden=\"!state.hasPdfPreview\" hidden class=\"wp-block-file__embed\" data=\"https:\/\/sinasefesm.com\/wp-content\/uploads\/2024\/09\/nominata2024-26v2.pdf\" type=\"application\/pdf\" style=\"width:100%;height:600px\" aria-label=\"Incorporado de nominata2024.\"><\/object><a id=\"wp-block-file--media-444fd3b3-709a-4d00-82c3-87414c5f39bd\" href=\"https:\/\/sinasefesm.com\/wp-content\/uploads\/2024\/09\/nominata2024-26v2.pdf\">nominata2024<\/a><a href=\"https:\/\/sinasefesm.com\/wp-content\/uploads\/2024\/09\/nominata2024-26v2.pdf\" class=\"wp-block-file__button wp-element-button\" download aria-describedby=\"wp-block-file--media-444fd3b3-709a-4d00-82c3-87414c5f39bd\">Baixar<\/a><\/div>\n\n\n\n<p>Assista o resultado oficial das vota\u00e7\u00f5es na live da Comiss\u00e3o Eleitoral logo abaixo: <\/p>\n\n\n\n<figure class=\"wp-block-embed is-type-video is-provider-youtube wp-block-embed-youtube wp-embed-aspect-16-9 wp-has-aspect-ratio\"><div class=\"wp-block-embed__wrapper\">\n<iframe title=\"36\u00ba CONSINASEFE: resultados das elei\u00e7\u00f5es para CE, CF e DN\" width=\"768\" height=\"432\" src=\"https:\/\/www.youtube.com\/embed\/CEplaBwoMkE?feature=oembed\" frameborder=\"0\" allow=\"accelerometer; autoplay; clipboard-write; encrypted-media; gyroscope; picture-in-picture; web-share\" referrerpolicy=\"strict-origin-when-cross-origin\" allowfullscreen><\/iframe>\n<\/div><\/figure>\n\n\n\n<p>Al\u00e9m das elei\u00e7\u00f5es, o evento contou com mesas tem\u00e1ticas, voltadas ao debate de conjuntura pol\u00edtica, carreira no funcionalismo p\u00fablico, pol\u00edticas educacionais, combate \u00e0s opress\u00f5es e as condi\u00e7\u00f5es de trabalho e sa\u00fade dos trabalhadores.&nbsp;<\/p>\n\n\n\n<p><strong>Demais encaminhamentos<\/strong><\/p>\n\n\n\n<p>Durante o Consinasefe, tamb\u00e9m foram definidos os seguintes encaminhamentos:<\/p>\n\n\n\n<ul class=\"wp-block-list\">\n<li>O 16\u00ba Encontro dos Servidores Civis das Institui\u00e7\u00f5es de Ensino Vinculadas ao Minist\u00e9rio da Defesa (ESCIME) ser\u00e1 em Salvador-BA, de 15 a 17 de novembro;<\/li>\n\n\n\n<li>Ratificou-se a luta pela revoga\u00e7\u00e3o das reformas previdenci\u00e1rias, com participa\u00e7\u00e3o na jornada de luta dos aposentados, de 16 a 20 de setembro, pela aprova\u00e7\u00e3o da PEC 555\/06 e PEC 06\/24 e contra a PEC66\/23;<\/li>\n\n\n\n<li>Foi aprovado o Manifesto acerca das condi\u00e7\u00f5es de trabalho das docentes dos anos iniciais do Ensino Fundamental;<\/li>\n<\/ul>\n\n\n\n<div data-wp-interactive=\"core\/file\" class=\"wp-block-file\"><object data-wp-bind--hidden=\"!state.hasPdfPreview\" hidden class=\"wp-block-file__embed\" data=\"https:\/\/sinasefesm.com\/wp-content\/uploads\/2024\/09\/MANIFESTO-ACERCA-DAS-CONDICOES-DE-TRABALHO-DAS-DOCENTES-DOS-ANOS-INICIAIS-DO-ENSINO-FUNDAMENTAL.pdf\" type=\"application\/pdf\" style=\"width:100%;height:600px\" aria-label=\"Incorporado de MANIFESTO-ACERCA-DAS-CONDICOES-DE-TRABALHO-DAS-DOCENTES-DOS-ANOS-INICIAIS-DO-ENSINO-FUNDAMENTAL.\"><\/object><a id=\"wp-block-file--media-93fa1218-f5eb-4723-abbc-5a8a1265415d\" href=\"https:\/\/sinasefesm.com\/wp-content\/uploads\/2024\/09\/MANIFESTO-ACERCA-DAS-CONDICOES-DE-TRABALHO-DAS-DOCENTES-DOS-ANOS-INICIAIS-DO-ENSINO-FUNDAMENTAL.pdf\">MANIFESTO-ACERCA-DAS-CONDICOES-DE-TRABALHO-DAS-DOCENTES-DOS-ANOS-INICIAIS-DO-ENSINO-FUNDAMENTAL<\/a><a href=\"https:\/\/sinasefesm.com\/wp-content\/uploads\/2024\/09\/MANIFESTO-ACERCA-DAS-CONDICOES-DE-TRABALHO-DAS-DOCENTES-DOS-ANOS-INICIAIS-DO-ENSINO-FUNDAMENTAL.pdf\" class=\"wp-block-file__button wp-element-button\" download aria-describedby=\"wp-block-file--media-93fa1218-f5eb-4723-abbc-5a8a1265415d\">Baixar<\/a><\/div>\n\n\n\n<ul class=\"wp-block-list\">\n<li>O apoio ao povo palestino tamb\u00e9m foi aprovado pelo 36\u00ba CONSINASEFE.<\/li>\n<\/ul>\n\n\n\n<div data-wp-interactive=\"core\/file\" class=\"wp-block-file\"><object data-wp-bind--hidden=\"!state.hasPdfPreview\" hidden class=\"wp-block-file__embed\" data=\"https:\/\/sinasefesm.com\/wp-content\/uploads\/2024\/09\/palestina-nota-de-apoio.pdf\" type=\"application\/pdf\" style=\"width:100%;height:600px\" aria-label=\"Incorporado de palestina-nota-de-apoio.\"><\/object><a id=\"wp-block-file--media-a733528e-f6ab-4e0f-9e39-c49e3326e6fd\" href=\"https:\/\/sinasefesm.com\/wp-content\/uploads\/2024\/09\/palestina-nota-de-apoio.pdf\">palestina-nota-de-apoio<\/a><a href=\"https:\/\/sinasefesm.com\/wp-content\/uploads\/2024\/09\/palestina-nota-de-apoio.pdf\" class=\"wp-block-file__button wp-element-button\" download aria-describedby=\"wp-block-file--media-a733528e-f6ab-4e0f-9e39-c49e3326e6fd\">Baixar<\/a><\/div>\n\n\n\n<p><em>*com informa\u00e7\u00f5es do Sinasefe Nacional<\/em><\/p>\n\n\n\n<p><strong><em>Texto: Laurent Keller<\/em><\/strong><\/p>\n\n\n\n<p><strong><em>Imagens: Sinasefe Nacional<\/em><\/strong><\/p>\n\n\n\n<p><strong><em>Edi\u00e7\u00e3o: Fritz Rivail<\/em><\/strong><\/p>\n","protected":false},"excerpt":{"rendered":"<p>Entre os dias cinco e oito de setembro, ocorreu em Bras\u00edlia-DF, a 36\u00aa edi\u00e7\u00e3o do Congresso Eleitoral do Sinasefe (Consinasefe), com a tem\u00e1tica \u201cFortalecer o Sinasefe para Enfrentar a Precariza\u00e7\u00e3o da Educa\u00e7\u00e3o P\u00fablica e a Pol\u00edtica Neoliberal\u201d. Os mais de 700 participantes de diversos locais do pa\u00eds ajudaram a&nbsp; eleger o Conselho Fiscal, o Conselho<\/p>\n","protected":false},"author":5,"featured_media":6888,"comment_status":"closed","ping_status":"closed","sticky":true,"template":"","format":"standard","meta":{"footnotes":""},"categories":[37,39,42],"tags":[241],"class_list":{"0":"post-6879","1":"post","2":"type-post","3":"status-publish","4":"format-standard","5":"has-post-thumbnail","7":"category-destaque","8":"category-eventos","9":"category-noticia","10":"tag-36o-consinasefe"},"_links":{"self":[{"href":"https:\/\/sinasefesm.com\/index.php\/wp-json\/wp\/v2\/posts\/6879","targetHints":{"allow":["GET"]}}],"collection":[{"href":"https:\/\/sinasefesm.com\/index.php\/wp-json\/wp\/v2\/posts"}],"about":[{"href":"https:\/\/sinasefesm.com\/index.php\/wp-json\/wp\/v2\/types\/post"}],"author":[{"embeddable":true,"href":"https:\/\/sinasefesm.com\/index.php\/wp-json\/wp\/v2\/users\/5"}],"replies":[{"embeddable":true,"href":"https:\/\/sinasefesm.com\/index.php\/wp-json\/wp\/v2\/comments?post=6879"}],"version-history":[{"count":0,"href":"https:\/\/sinasefesm.com\/index.php\/wp-json\/wp\/v2\/posts\/6879\/revisions"}],"wp:featuredmedia":[{"embeddable":true,"href":"https:\/\/sinasefesm.com\/index.php\/wp-json\/wp\/v2\/menu-items\/6888"}],"wp:attachment":[{"href":"https:\/\/sinasefesm.com\/index.php\/wp-json\/wp\/v2\/media?parent=6879"}],"wp:term":[{"taxonomy":"category","embeddable":true,"href":"https:\/\/sinasefesm.com\/index.php\/wp-json\/wp\/v2\/categories?post=6879"},{"taxonomy":"post_tag","embeddable":true,"href":"https:\/\/sinasefesm.com\/index.php\/wp-json\/wp\/v2\/tags?post=6879"}],"curies":[{"name":"wp","href":"https:\/\/api.w.org\/{rel}","templated":true}]}}