{"id":6937,"date":"2024-10-21T11:58:23","date_gmt":"2024-10-21T11:58:23","guid":{"rendered":"https:\/\/sinasefesm.com\/?p=6937"},"modified":"2024-10-21T11:58:23","modified_gmt":"2024-10-21T11:58:23","slug":"assembleia-extraordinaria-na-terca-22-discute-198a-plena-e-gt-carreira","status":"publish","type":"post","link":"https:\/\/sinasefesm.com\/index.php\/2024\/10\/21\/assembleia-extraordinaria-na-terca-22-discute-198a-plena-e-gt-carreira\/","title":{"rendered":"Assembleia extraordin\u00e1ria na ter\u00e7a, 22, discute 198\u00aa Plena e GT Carreira"},"content":{"rendered":"\n<p>O Sinasefe Santa Maria convocou assembleia geral extraordin\u00e1ria que ocorrer\u00e1 nesta ter\u00e7a, 22 de outubro. A reuni\u00e3o \u00e9 presencial e acontece, em primeira chamada, a partir das 14h15, e em segunda chamada, \u00e0s 14h30, na sede sindical, localizada \u00e0 Avenida Rio Branco n\u00ba 601, salas 01\/02.<\/p>\n\n\n\n<p>Na pauta, conforme a diretoria do Sinasefe SM, est\u00e3o a elei\u00e7\u00e3o de delegados\/as para a 198\u00aa Plen\u00e1ria Nacional, marcada para os dias 1 e 2 de novembro, em Bras\u00edlia (DF) e tamb\u00e9m a participa\u00e7\u00e3o na reuni\u00e3o do Grupo de Trabalho (GT) de Carreira do Sinasefe Nacional, marcada para os dias 31 de outubro e 1\u00ba de novembro, tamb\u00e9m na capital federal.<\/p>\n\n\n\n<p><strong>Plena<\/strong><\/p>\n\n\n\n<p>Dentre os temas que est\u00e3o pautados para a 198\u00aa Plena est\u00e3o a an\u00e1lise de conjuntura, calend\u00e1rio de lutas e a proposta do Sinasefe para nova regulamenta\u00e7\u00e3o da atividade docente.<br><strong><br>Programa\u00e7\u00e3o da Plena<\/strong><em><br>1\u00ba de novembro\u2013 sexta-feira<\/em><\/p>\n\n\n\n<p>10h \u2013 18h \u2013 Credenciamento (apenas presencial);<\/p>\n\n\n\n<p>18h \u2013 20h \u2013 1. Informes da DN e Se\u00e7\u00f5es Sindicais;<\/p>\n\n\n\n<p>20h \u2013 20h30 \u2013 2. Pend\u00eancias de credenciamento;<\/p>\n\n\n\n<p>20h30 \u2013 Encerramento.<\/p>\n\n\n\n<p><br><em>2 de novembro \u2013 s\u00e1bado<\/em><\/p>\n\n\n\n<p>8h30 \u2013 10h30 \u2013 3. Proposta do SINASEFE para nova RAD (docentes do MEC, Ex- Territ\u00f3rios e MD);<\/p>\n\n\n\n<p>10h30 \u2013 12h30 \u2013 4. Encaminhamentos para Grupos de Trabalho do PCCTAE (MEC e MGI);<\/p>\n\n\n\n<p>12h30 \u2013 14h \u2013 Intervalo de almo\u00e7o;<\/p>\n\n\n\n<p>14h00 \u2013 17h \u2013 5. An\u00e1lise de Conjuntura e Calend\u00e1rio de Lutas;<\/p>\n\n\n\n<p>17h \u2013 Encerramento.<\/p>\n\n\n\n<p><br><em>Texto: Fritz Rivail<br>Arte: Xain\u00e3 Pitaguary<\/em><\/p>\n","protected":false},"excerpt":{"rendered":"<p>O Sinasefe Santa Maria convocou assembleia geral extraordin\u00e1ria que ocorrer\u00e1 nesta ter\u00e7a, 22 de outubro. A reuni\u00e3o \u00e9 presencial e acontece, em primeira chamada, a partir das 14h15, e em segunda chamada, \u00e0s 14h30, na sede sindical, localizada \u00e0 Avenida Rio Branco n\u00ba 601, salas 01\/02. Na pauta, conforme a diretoria do Sinasefe SM, est\u00e3o<\/p>\n","protected":false},"author":7,"featured_media":6938,"comment_status":"closed","ping_status":"closed","sticky":true,"template":"","format":"standard","meta":{"footnotes":""},"categories":[37,42,45],"tags":[],"class_list":{"0":"post-6937","1":"post","2":"type-post","3":"status-publish","4":"format-standard","5":"has-post-thumbnail","7":"category-destaque","8":"category-noticia","9":"category-sindicato"},"_links":{"self":[{"href":"https:\/\/sinasefesm.com\/index.php\/wp-json\/wp\/v2\/posts\/6937","targetHints":{"allow":["GET"]}}],"collection":[{"href":"https:\/\/sinasefesm.com\/index.php\/wp-json\/wp\/v2\/posts"}],"about":[{"href":"https:\/\/sinasefesm.com\/index.php\/wp-json\/wp\/v2\/types\/post"}],"author":[{"embeddable":true,"href":"https:\/\/sinasefesm.com\/index.php\/wp-json\/wp\/v2\/users\/7"}],"replies":[{"embeddable":true,"href":"https:\/\/sinasefesm.com\/index.php\/wp-json\/wp\/v2\/comments?post=6937"}],"version-history":[{"count":0,"href":"https:\/\/sinasefesm.com\/index.php\/wp-json\/wp\/v2\/posts\/6937\/revisions"}],"wp:featuredmedia":[{"embeddable":true,"href":"https:\/\/sinasefesm.com\/index.php\/wp-json\/wp\/v2\/media\/6938"}],"wp:attachment":[{"href":"https:\/\/sinasefesm.com\/index.php\/wp-json\/wp\/v2\/media?parent=6937"}],"wp:term":[{"taxonomy":"category","embeddable":true,"href":"https:\/\/sinasefesm.com\/index.php\/wp-json\/wp\/v2\/categories?post=6937"},{"taxonomy":"post_tag","embeddable":true,"href":"https:\/\/sinasefesm.com\/index.php\/wp-json\/wp\/v2\/tags?post=6937"}],"curies":[{"name":"wp","href":"https:\/\/api.w.org\/{rel}","templated":true}]}}