{"id":6942,"date":"2022-10-07T00:28:04","date_gmt":"2022-10-07T00:28:04","guid":{"rendered":"https:\/\/sinasefesm.com\/?p=5192"},"modified":"2022-10-07T00:28:04","modified_gmt":"2022-10-07T00:28:04","slug":"frente-a-novo-bloqueio-orcamentario-segmentos-da-ufsm-convocam-assembleia-geral","status":"publish","type":"post","link":"https:\/\/sinasefesm.com\/index.php\/2022\/10\/07\/frente-a-novo-bloqueio-orcamentario-segmentos-da-ufsm-convocam-assembleia-geral\/","title":{"rendered":"Frente a novo bloqueio or\u00e7ament\u00e1rio, segmentos da UFSM convocam Assembleia Geral"},"content":{"rendered":"\n<p>\u00c0s 17h da pr\u00f3xima segunda-feira, 10 de outubro, docentes, estudantes e t\u00e9cnico-administrativos em educa\u00e7\u00e3o devem se reunir no largo do Planet\u00e1rio (campus da UFSM em Camobi) para discutir estrat\u00e9gias de mobiliza\u00e7\u00e3o frente ao novo bloqueio or\u00e7ament\u00e1rio decretado pelo governo Bolsonaro na \u00faltima quarta-feira, 5 de outubro.<\/p>\n\n\n\n<p>Para se ter uma ideia, o contingenciamento levar\u00e1 a UFSM a suspender o pagamento de todas as bolsas estudantis de dezembro (pagas em janeiro), que sejam oriundas de recursos da universidade, at\u00e9 nova libera\u00e7\u00e3o de or\u00e7amento. Outras consequ\u00eancias ser\u00e3o a suspens\u00e3o, no ano de 2022, dos eventos \u2018Descubra\u2019, \u2018JAI\u2019 e \u2018Viva o Campus\u2019, e o n\u00e3o pagamento das contas de energia el\u00e9trica pelos pr\u00f3ximos meses \u2013 devendo essas serem quitadas somente no exerc\u00edcio de 2023. Tais paralisa\u00e7\u00f5es de servi\u00e7os foram anunciadas pelo Gabinete do Reitor Luciano Schuch na tarde desta quinta, 6, atrav\u00e9s de <a href=\"https:\/\/www.ufsm.br\/2022\/10\/06\/nota-da-ufsm-sobre-novo-bloqueio-orcamentario\/\" data-type=\"URL\" data-id=\"https:\/\/www.ufsm.br\/2022\/10\/06\/nota-da-ufsm-sobre-novo-bloqueio-orcamentario\/\" target=\"_blank\" rel=\"noreferrer noopener\">nota publicada no site da institui\u00e7\u00e3o<\/a>.<\/p>\n\n\n\n<p>No mesmo texto, a Administra\u00e7\u00e3o Central relembra que a UFSM j\u00e1 iniciou o ano de 2022 em d\u00e9ficit or\u00e7ament\u00e1rio, visto que a previs\u00e3o de or\u00e7amento a ser liberado era de R$ 129 milh\u00f5es, o que representava R$ 27 milh\u00f5es a menos que o or\u00e7amento de 2020.<\/p>\n\n\n\n<p>No m\u00eas de junho veio um novo corte de R$ 9 milh\u00f5es, que, somado ao mais recente contingenciamento, da ordem de R$ 5,8 milh\u00f5es no or\u00e7amento da institui\u00e7\u00e3o, levar\u00e1 a que a UFSM feche este ano com uma d\u00edvida de R$ 18 milh\u00f5es.<\/p>\n\n\n\n<p><strong>Cortes na Rede Federal<\/strong><\/p>\n\n\n\n<figure class=\"wp-block-image size-full is-style-default\"><img decoding=\"async\" src=\"https:\/\/sinasefesm.com\/wp-content\/uploads\/2022\/10\/CORTES-EDUCACAO..png\" alt=\"\" class=\"wp-image-5194\"\/><\/figure>\n\n\n\n<p>Segundo divulgado no site nacional do Sinasefe, os novos bloqueios representam redu\u00e7\u00e3o de R$ 147 milh\u00f5es no or\u00e7amento da Rede Federal de Educa\u00e7\u00e3o B\u00e1sica, Cient\u00edfica e Tecnol\u00f3gica (Institutos Federais, Cefets, Col\u00e9gio Pedro II e Escolas Vinculadas). Esse n\u00famero indica redu\u00e7\u00e3o de 5,8% das verbas destinadas ao custeio, incluindo assist\u00eancia estudantil e emendas de parlamentares.<\/p>\n\n\n\n<p>Se somado aos cortes do m\u00eas de junho, atesta o Sindicato Nacional, j\u00e1 s\u00e3o mais de R$ 300 milh\u00f5es retirados da Rede de Institui\u00e7\u00f5es P\u00fablicas.<\/p>\n\n\n\n<p>\u201cMais este ataque, que ocorre em pleno per\u00edodo eleitoral, \u00e9 uma afronta. Demonstra a face cruel de Bolsonaro. Seu projeto \u00e9 o desmonte da educa\u00e7\u00e3o brasileira. \u00c9 o projeto de eterna subservi\u00eancia da na\u00e7\u00e3o, privada da constru\u00e7\u00e3o de um desenvolvimento soberano. Mais do que nunca:\u00a0<a rel=\"noreferrer noopener\" href=\"https:\/\/sinasefe.org.br\/site\/vencemos-o-1o-turno-agora-vamos-intensificar-a-mobilizacao-para-vencer-de-vez-essa-eleicao\/\" target=\"_blank\">eleger Lula para derrotar Bolsonaro!<\/a> \u00c9 a tarefa mais importante de cada sindicalizado e sindicalizada do nosso SINASEFE!\u201d, conclui o Sinasefe.<\/p>\n\n\n\n<p><em><strong>Posi\u00e7\u00e3o da Andifes<\/strong><\/em><\/p>\n\n\n\n<p>Em <a href=\"https:\/\/www.andifes.org.br\/?p=94444\" data-type=\"URL\" data-id=\"https:\/\/www.andifes.org.br\/?p=94444\" target=\"_blank\" rel=\"noreferrer noopener\">nota divulgada ainda na quarta, 5 de outubro<\/a>, a Associa\u00e7\u00e3o Nacional dos Dirigentes das Institui\u00e7\u00f5es Federais de Ensino Superior (Andifes) estimou que o bloqueio de 5,8%, resulta em uma redu\u00e7\u00e3o de R$ 328,5 milh\u00f5es nas despesas das universidades, o que tende a inviabilizar o funcionamento das institui\u00e7\u00f5es e, consequentemente, do ensino e da pesquisa p\u00fablicas no pa\u00eds.<\/p>\n\n\n\n<p>\u201cLamentamos, por fim, a edi\u00e7\u00e3o deste Decreto que estabelece limita\u00e7\u00e3o de empenhos quase ao final do exerc\u00edcio financeiro, mais uma vez inviabilizando qualquer forma de planejamento institucional, quando se apregoa que a economia nacional estaria em plena recupera\u00e7\u00e3o. E lamentamos tamb\u00e9m que seja a \u00e1rea da educa\u00e7\u00e3o, mais uma vez, a mais afetada pelos cortes ocorridos\u201d, afirma a entidade.<\/p>\n\n\n\n<p><em><strong>Venha para a Assembleia Geral<\/strong><\/em><\/p>\n\n\n\n<p>Frente a essa situa\u00e7\u00e3o, que facilmente poderia ser caracterizada como \u201cca\u00f3tica\u201d, o Sinasefe Santa Maria convoca sua base a participar da Assembleia Geral da UFSM na pr\u00f3xima segunda-feira, \u00e0s 17h, no Largo do Planet\u00e1rio.<\/p>\n","protected":false},"excerpt":{"rendered":"<p>\u00c0s 17h da pr\u00f3xima segunda-feira, 10 de outubro, docentes, estudantes e t\u00e9cnico-administrativos em educa\u00e7\u00e3o devem se reunir no largo do Planet\u00e1rio (campus da UFSM em Camobi) para discutir estrat\u00e9gias de mobiliza\u00e7\u00e3o frente ao novo bloqueio or\u00e7ament\u00e1rio decretado pelo governo Bolsonaro na \u00faltima quarta-feira, 5 de outubro. Para se ter uma ideia, o contingenciamento levar\u00e1 a<\/p>\n","protected":false},"author":3,"featured_media":5193,"comment_status":"closed","ping_status":"closed","sticky":false,"template":"","format":"standard","meta":{"footnotes":""},"categories":[37,39,41,42,45],"tags":[],"class_list":{"0":"post-6942","1":"post","2":"type-post","3":"status-publish","4":"format-standard","5":"has-post-thumbnail","7":"category-destaque","8":"category-eventos","9":"category-movimento","10":"category-noticia","11":"category-sindicato"},"_links":{"self":[{"href":"https:\/\/sinasefesm.com\/index.php\/wp-json\/wp\/v2\/posts\/6942","targetHints":{"allow":["GET"]}}],"collection":[{"href":"https:\/\/sinasefesm.com\/index.php\/wp-json\/wp\/v2\/posts"}],"about":[{"href":"https:\/\/sinasefesm.com\/index.php\/wp-json\/wp\/v2\/types\/post"}],"author":[{"embeddable":true,"href":"https:\/\/sinasefesm.com\/index.php\/wp-json\/wp\/v2\/users\/3"}],"replies":[{"embeddable":true,"href":"https:\/\/sinasefesm.com\/index.php\/wp-json\/wp\/v2\/comments?post=6942"}],"version-history":[{"count":0,"href":"https:\/\/sinasefesm.com\/index.php\/wp-json\/wp\/v2\/posts\/6942\/revisions"}],"wp:featuredmedia":[{"embeddable":true,"href":"https:\/\/sinasefesm.com\/index.php\/wp-json\/wp\/v2\/media\/5193"}],"wp:attachment":[{"href":"https:\/\/sinasefesm.com\/index.php\/wp-json\/wp\/v2\/media?parent=6942"}],"wp:term":[{"taxonomy":"category","embeddable":true,"href":"https:\/\/sinasefesm.com\/index.php\/wp-json\/wp\/v2\/categories?post=6942"},{"taxonomy":"post_tag","embeddable":true,"href":"https:\/\/sinasefesm.com\/index.php\/wp-json\/wp\/v2\/tags?post=6942"}],"curies":[{"name":"wp","href":"https:\/\/api.w.org\/{rel}","templated":true}]}}