{"id":6943,"date":"2022-12-02T02:06:40","date_gmt":"2022-12-02T02:06:40","guid":{"rendered":"https:\/\/sinasefesm.com\/?p=5380"},"modified":"2022-12-02T02:06:40","modified_gmt":"2022-12-02T02:06:40","slug":"14o-escime-destaca-luta-por-carreira-data-base-e-politica-salarial","status":"publish","type":"post","link":"https:\/\/sinasefesm.com\/index.php\/2022\/12\/02\/14o-escime-destaca-luta-por-carreira-data-base-e-politica-salarial\/","title":{"rendered":"14\u00ba ESCIME destaca luta por carreira, data-base e pol\u00edtica salarial"},"content":{"rendered":"\n<p>No \u00faltimo s\u00e1bado, 26 de novembro, segundo dia do 14\u00ba Encontro dos Servidores Civis das Institui\u00e7\u00f5es de Ensino Vinculadas ao Minist\u00e9rio da Defesa (ESCIME), um dos principais debates girou em torno da carreira das e dos t\u00e9cnico-administrativos em educa\u00e7\u00e3o, das e dos docentes, das e dos aposentados e da transposi\u00e7\u00e3o do PGPE (Plano Geral de Cargos do Poder Executivo) para o PCCTAE (Plano de Carreira dos Cargos T\u00e9cnico-Administrativos em Educa\u00e7\u00e3o).<\/p>\n\n\n\n<p>Na mesa estiveram presentes Antonildo Pereira (<a href=\"https:\/\/sinasefe.org.br\/site\/documentos\/direcao-nacional\/coordenacao-de-pessoal\/\" target=\"_blank\" rel=\"noreferrer noopener\">coordenador de pessoal docente<\/a>&nbsp;do SINASEFE); David Lob\u00e3o (coordenador geral do SINASEFE); Diego Rodolfo (<a href=\"https:\/\/sinasefe.org.br\/site\/documentos\/direcao-nacional\/coordenacao-de-administracao-e-financas\/\" target=\"_blank\" rel=\"noreferrer noopener\">1\u00ba tesoureiro<\/a>&nbsp;do SINASEFE); Fl\u00e1vio Barbosa (<a href=\"https:\/\/sinasefe.org.br\/site\/comissoes\/cns\/\" target=\"_blank\" rel=\"noreferrer noopener\">CNS<\/a>&nbsp;do SINASEFE); Lucr\u00e9cia Iacovino (coordenadora de pessoal t\u00e9cnico-administrativo do SINASEFE); Odemir Vieira (<a href=\"https:\/\/sinasefe.org.br\/site\/documentos\/direcao-nacional\/coordenacao-de-pessoal\/\" target=\"_blank\" rel=\"noreferrer noopener\">coordenador de pessoal aposentado<\/a>&nbsp;do SINASEFE); e um representante da Assessoria Jur\u00eddica do Sindsifce.<\/p>\n\n\n\n<p>Ap\u00f3s parabenizar as e os participantes, Odemir Vieira comentou que j\u00e1 est\u00e1 aposentado h\u00e1 10 anos. \u201cA despreocupa\u00e7\u00e3o com os aposentados e aposentadas \u00e9 geral, infelizmente. Quero que voc\u00eas todos cheguem onde eu j\u00e1 cheguei, n\u00e3o com as perdas, mas com a garantia de direitos. E por tempo justo de servi\u00e7o, n\u00e3o por invalidez devido aos ass\u00e9dios e sofrimentos provocados pelo trabalho\u201d, partilhou Odemir.<\/p>\n\n\n\n<p>Ele acrescentou tamb\u00e9m que as demandas de aposentadas e aposentados precisam fazer parte do cotidiano sindical. \u201cN\u00e3o \u00e9 s\u00f3 realizar encontro de aposentados que queremos, o debate de aposentadoria \u00e9 um debate importante na luta dos trabalhadores. Os seus gastos com sa\u00fade aumentam absurdamente com a chegada da aposentadoria e do envelhecimento\u201d, explicou.<\/p>\n\n\n\n<p>Antonildo Pereira, coordenador de pessoal docente do SINASEFE, tra\u00e7ou um r\u00e1pido hist\u00f3rico das lutas, greves e conquistas do sindicato nacional ao longo de seus 34 anos. Comentou, ainda, que a Comiss\u00e3o Nacional Docente (CND) reuniu-se recentemente e debateu temas como a Portaria n\u00ba 983\/2020, que trata de carga hor\u00e1ria docente.<\/p>\n\n\n\n<p>\u201cEssa portaria \u00e9 perigosa porque transforma os IFs num \u2018colegi\u00e3o\u2019 ao acabar com a carga hor\u00e1ria de pesquisa e extens\u00e3o\u201d, destacou Antonildo, que classificou a portaria como pior que a Portaria n\u00ba 17\/2016. \u201cO SINASEFE precisa lutar pela data-base e por uma pol\u00edtica salarial. N\u00f3s do Sinasefe Para Lutar (SPL) defendemos a unifica\u00e7\u00e3o das carreiras, uma carreira \u00fanica para t\u00e9cnicos e docentes, para evitar a fragmenta\u00e7\u00e3o das nossas lutas. N\u00e3o se transforma vidas sen\u00e3o pela luta conjunta dos trabalhadores!\u201d, defendeu.<\/p>\n\n\n<div class=\"wp-block-image is-style-default\">\n<figure class=\"alignleft size-full is-resized\"><img fetchpriority=\"high\" decoding=\"async\" src=\"https:\/\/sinasefesm.com\/wp-content\/uploads\/2022\/12\/20221126_154648.jpg\" alt=\"\" class=\"wp-image-5384\" width=\"715\" height=\"536\"\/><\/figure><\/div>\n\n\n<p>David Lob\u00e3o, coordenador geral do SINASEFE, tamb\u00e9m fez uma r\u00e1pida retomada hist\u00f3rica de lutas do sindicato, comentou conceitos de carreira e se concentrou na carreira da Educa\u00e7\u00e3o B\u00e1sica T\u00e9cnica e Tecnol\u00f3gica (EBTT).&nbsp;<\/p>\n\n\n\n<p>\u201cMeu objetivo \u00e9 que todos saiam daqui sabendo o que \u00e9 uma carreira. Importante lembrar que temos algo a mais que algu\u00e9m da carreira privada j\u00e1 que servimos \u00e0 sociedade\u201d.<\/p>\n\n\n\n<p>Sobre aspectos problem\u00e1ticos relacionados \u00e0 carreira EBTT, ele ressaltou a<em> <\/em>defini\u00e7\u00e3o em classes, por ele considerada equivocada. Para Lob\u00e3o, o Reconhecimento de Saberes e Compet\u00eancias (RSC) \u00e9 revolucion\u00e1rio na carreira, pois valoriza o que os profissionais fazem.\u00a0\u201cAqui no Brasil ainda estamos atrasados neste aspecto. Na Fran\u00e7a, o mecanismo semelhante ao RSC concede tamb\u00e9m o t\u00edtulo, n\u00e3o apenas o dinheiro\u201d, explicou. Ele finalizou sua interven\u00e7\u00e3o explicando o processo de desestrutura\u00e7\u00e3o da carreira docente ap\u00f3s uma negocia\u00e7\u00e3o indevida feita pelo Proifes.<\/p>\n\n\n\n<p>Diego Sim\u00f5es, tesoureiro do SINASEFE, prop\u00f4s uma compara\u00e7\u00e3o entre as Portarias 17\/2016 e 983\/2020,&nbsp;<a href=\"https:\/\/sinasefe.org.br\/site\/atividade-docente-cnd-divulga-analise-comparativa-de-portarias\/\" target=\"_blank\" rel=\"noreferrer noopener\">divulgada pela ent\u00e3o CND, em 2020<\/a>.&nbsp;<\/p>\n\n\n\n<p>\u201cVejam bem, n\u00e3o defendo a Portaria 983\/2020, obviamente, mas ela \u00e9 menos ruim que a Portaria 17\/2016, que, por exemplo, obrigava a pesquisa desenvolvida a ser obrigatoriamente aplicada, precarizava o tempo destinado \u00e0 prepara\u00e7\u00e3o e manuten\u00e7\u00e3o de aulas e hierarquizava o ensino sobre a pesquisa e extens\u00e3o, derrubando o trip\u00e9 indissoci\u00e1vel da educa\u00e7\u00e3o\u201d, explicou Diego.\u00a0\u201cPor outro lado, as coisas muito ruins da Portaria 983\/2020 s\u00e3o extremamente ruins. Como por exemplo, a quantidade m\u00ednima de horas em sala de aula, 10h para quem \u00e9 20h e 14h pra quem \u00e9 40h, al\u00e9m do controle eletr\u00f4nico de frequ\u00eancia\u201d\u00a0finalizou Diego.<\/p>\n\n\n\n<p>J\u00e1 Lucr\u00e9cia Iacovino, coordenadora de pessoal t\u00e9cnico-administrativo, fez um profundo apanhado&nbsp;<a href=\"http:\/\/online.fliphtml5.com\/yuykd\/pmkb\/#p=19\" target=\"_blank\" rel=\"noreferrer noopener\">hist\u00f3rico das greves<\/a>&nbsp;e conquistas do SINASEFE.&nbsp;<\/p>\n\n\n\n<p>\u201cEm 2001 tivemos ganhos muito significativos e, pela primeira vez depois de muitos anos, tivemos a instala\u00e7\u00e3o de uma mesa de negocia\u00e7\u00e3o. Vale destacar que esse processo veio depois de 20 anos de lutas\u201d, ressaltou. Assim como Antonildo, Lucr\u00e9cia defendeu a proposta da carreira \u00fanica.\u00a0\u201cO que acontece na carreira \u00fanica \u00e9 que, ao negociar, voc\u00ea n\u00e3o fragmenta a carreira. O fosso que existe na carreira TAE \u00e9 enorme e absurdo [&#8230;] Temos feito um trabalho \u00e1rduo na retomada presencial p\u00f3s pandemia. Nossa hist\u00f3ria nos conduz at\u00e9 aqui, os servidores dos ex-territ\u00f3rios e das escolas militares tamb\u00e9m estiveram sempre conosco\u201d, encerrou Lucr\u00e9cia.<\/p>\n\n\n\n<p>Fl\u00e1vio Barbosa, integrante da CNS-SINASEFE, apresentou a comiss\u00e3o e explicou algumas diferen\u00e7as que existem hoje entre trabalhadores(as) das institui\u00e7\u00f5es vinculadas ao MD e dos IFs.\u00a0<em>\u201cPara docentes das institui\u00e7\u00f5es vinculadas ao MD, a carreira \u00e9 a mesma dos trabalhadores dos IFs, no entanto, isso n\u00e3o acontece com os t\u00e9cnicos\u201d<\/em>, explicou Fl\u00e1vio.\u00a0\u201cHoje estamos numa tabela, n\u00e3o numa carreira, nossa luta \u00e9 pela transposi\u00e7\u00e3o do PGPE para o PCCTAE. Estamos estagnados, a maioria dos trabalhadores(as) administrativos j\u00e1 est\u00e1 no topo da tabela. No PGPE, ter um mestrado n\u00e3o aumenta nada na sua remunera\u00e7\u00e3o, enquanto que no PCCTAE existe o incentivo \u00e0 gratifica\u00e7\u00e3o com at\u00e9 75% para quem faz doutorado, por exemplo\u201d, explicou.<\/p>\n\n\n\n<p>Ele mostrou encaminhamentos do 13\u00ba ESCIME, refor\u00e7ando ainda que a transposi\u00e7\u00e3o dos t\u00e9cnicos das institui\u00e7\u00f5es ligadas ao MD para o PCCTAE \u00e9 uma pauta muito importante para o SINASEFE e n\u00e3o pode ser esquecida nas negocia\u00e7\u00f5es. Ele finalizou sua interven\u00e7\u00e3o mostrando uma simula\u00e7\u00e3o de sal\u00e1rio e avan\u00e7o na carreira de uma servidora no PGPE e para o PCCTAE (confira no PDF a seguir). Em suas considera\u00e7\u00f5es finais, ele relembrou que a reivindica\u00e7\u00e3o hist\u00f3rica da transposi\u00e7\u00e3o j\u00e1 estava muito perto de ser atendida quando, em 2016, aconteceu o golpe contra Dilma.<\/p>\n\n\n\n<h2 class=\"wp-block-heading\">Confira abaixo a apresenta\u00e7\u00e3o de slides usada por Fl\u00e1vio no 14\u00ba ESCIME:<\/h2>\n\n\n\n<div data-wp-interactive=\"core\/file\" class=\"wp-block-file\"><object data-wp-bind--hidden=\"!state.hasPdfPreview\" hidden class=\"wp-block-file__embed\" data=\"https:\/\/sinasefesm.com\/wp-content\/uploads\/2022\/12\/20221126apresentacaoflaviocarreiras-1.pdf\" type=\"application\/pdf\" style=\"width:100%;height:600px\" aria-label=\"Incorporado de Incorporado de 20221126apresentacaoflaviocarreiras-1..\"><\/object><a id=\"wp-block-file--media-633dab7f-e8e8-4f6d-abf2-fd7e5eb2d127\" href=\"https:\/\/sinasefesm.com\/wp-content\/uploads\/2022\/12\/20221126apresentacaoflaviocarreiras-1.pdf\">20221126apresentacaoflaviocarreiras-1<\/a><a href=\"https:\/\/sinasefesm.com\/wp-content\/uploads\/2022\/12\/20221126apresentacaoflaviocarreiras-1.pdf\" class=\"wp-block-file__button\" download aria-describedby=\"wp-block-file--media-633dab7f-e8e8-4f6d-abf2-fd7e5eb2d127\">Baixar<\/a><\/div>\n\n\n\n<p>Para Milton Ferrari, membro da coordena\u00e7\u00e3o geral do Sinasefe Santa Maria e um dos delegados da se\u00e7\u00e3o sindical no evento, esse foi o maior e mais bem organizado ESCIME desde 2006, quando o evento teve sua primeira edi\u00e7\u00e3o. Ele, que participou de praticamente todas as edi\u00e7\u00f5es desde ent\u00e3o, destacou a import\u00e2ncia n\u00e3o s\u00f3 das mesas de debate que oportunizaram a troca de experi\u00eancias e de concep\u00e7\u00f5es acerca da realidade vivenciada pela categoria, mas tamb\u00e9m da aproxima\u00e7\u00e3o com colegas.<\/p>\n\n\n<div class=\"wp-block-image is-style-default\">\n<figure class=\"aligncenter size-full is-resized\"><img decoding=\"async\" src=\"https:\/\/sinasefesm.com\/wp-content\/uploads\/2022\/12\/WhatsApp-Image-2022-11-27-at-10.06.34.jpeg\" alt=\"\" class=\"wp-image-5383\" width=\"538\" height=\"717\"\/><figcaption>Milton Ferrari, coordenador geral do Sinasefe Santa Maria<\/figcaption><\/figure><\/div>\n\n\n<p>\u201cO mais importante de tudo nesses encontros \u00e9 o contato pessoal que temos com os demais colegas. \u00c9 ver como est\u00e3o as coisas nas outras se\u00e7\u00f5es sindicais. \u00c0s vezes, nas conversas, surgem quest\u00f5es que n\u00e3o chegam a ser debatidas nas plen\u00e1rias, mas s\u00e3o igualmente relevantes\u201d, comenta o dirigente.<\/p>\n\n\n\n<p>Um dos pontos destacados por Ferrari como fundamentais foram os relatos de ass\u00e9dios de todas as ordens registrados nas Institui\u00e7\u00f5es de Ensino vinculadas ao Minist\u00e9rio da Defesa.<\/p>\n\n\n\n<p>Na tarde do s\u00e1bado, 26, ocorreu a mesa \u201cAss\u00e9dios (abusos em geral) e o problema da acessibilidade e inclus\u00e3o nas Institui\u00e7\u00f5es de Ensino Vinculadas ao Minist\u00e9rio da Defesa\u201d, que teve a participa\u00e7\u00e3o de Luisa Senna (secret\u00e1ria de inclus\u00e3o e acessibilidade do SINASEFE) e do advogado Ant\u00f4nio Jos\u00e9 Gomes (assessoria jur\u00eddica do Sindsifce).<\/p>\n\n\n\n<p>Luisa Senna iniciou sua explana\u00e7\u00e3o comentando alguns informes da Coordena\u00e7\u00e3o de Inclus\u00e3o e Acessibilidade, como a coleta de informa\u00e7\u00f5es da presen\u00e7a de pessoas com defici\u00eancia e aposentadas filiadas. Luisa fez um extenso apanhado hist\u00f3rico sobre a exist\u00eancia das pessoas com defici\u00eancia e a forma como s\u00e3o tratadas.&nbsp;<em>\u201cAs pessoas com defici\u00eancia sempre estiveram a\u00ed, mas somente a partir do s\u00e9culo 18 que se come\u00e7aram estudos e registros sobre o assunto<\/em>\u201d, explicou.<\/p>\n\n\n\n<p>\u201cEsse eufemismo das palavras, quando se usa, por exemplo, termos como \u2018necessidades especiais\u2019 para se referir \u00e0s nossas exist\u00eancias, \u00e9 equivocado. Andar n\u00e3o \u00e9 uma necessidade especial: \u00e9 uma necessidade de qualquer um, necessidade especial \u00e9 viajar, tirar f\u00e9rias, curtir a vida, por exemplo [&#8230;] Existir com defici\u00eancia \u00e9 uma forma de existir, n\u00e3o uma condi\u00e7\u00e3o, uma forma que temos, antes de termos defici\u00eancia somos pessoas\u201d, defendeu Luisa.<\/p>\n\n\n\n<p>Ela tamb\u00e9m comentou que o Estatuto da Pessoa com Defici\u00eancia (<a rel=\"noreferrer noopener\" href=\"https:\/\/www.planalto.gov.br\/ccivil_03\/_ato2015-2018\/2015\/lei\/l13146.htm\" target=\"_blank\">Lei n\u00ba 13.146\/2021<\/a>) deu um salto muito importante mas os desafios ainda s\u00e3o muitos.\u00a0\u201cA exist\u00eancia do outro \u00e9 um modo de vida a ser respeitado como qualquer outro, independente de ter uma defici\u00eancia ou n\u00e3o, e existe sim muita diversidade a ser respeitada no mundo\u201d.\u00a0<\/p>\n\n\n\n<p>Ant\u00f4nio Jos\u00e9 explicou que trabalhadores e trabalhadoras do col\u00e9gio militar adentraram recentemente ao Sindsifce, mas a atua\u00e7\u00e3o jur\u00eddica contra o ass\u00e9dio moral j\u00e1 existia no \u00e2mbito do IFCE. \u201cMuitas vezes a pessoa est\u00e1 sofrendo um ass\u00e9dio e n\u00e3o se d\u00e1 conta disso\u201d, explicou. Ele comentou ainda que logo ap\u00f3s a assessoria jur\u00eddica visitar os campi para instrumentalizar os trabalhadores no combate aos ass\u00e9dios, a procuradoria do IF fez o mesmo percurso para desconstruir este trabalho.\u00a0\u201cRecomendamos sempre que os(as) servidores(as) que presenciarem epis\u00f3dios de ass\u00e9dio procurem o sindicato e evitem ficar sozinhos com assediadores, anotem data, hora e dia dos ass\u00e9dios para uma eventual comprova\u00e7\u00e3o\u201d, explicou Ant\u00f4nio.<\/p>\n","protected":false},"excerpt":{"rendered":"<p>No \u00faltimo s\u00e1bado, 26 de novembro, segundo dia do 14\u00ba Encontro dos Servidores Civis das Institui\u00e7\u00f5es de Ensino Vinculadas ao Minist\u00e9rio da Defesa (ESCIME), um dos principais debates girou em torno da carreira das e dos t\u00e9cnico-administrativos em educa\u00e7\u00e3o, das e dos docentes, das e dos aposentados e da transposi\u00e7\u00e3o do PGPE (Plano Geral de<\/p>\n","protected":false},"author":3,"featured_media":5382,"comment_status":"closed","ping_status":"closed","sticky":false,"template":"","format":"standard","meta":{"footnotes":""},"categories":[42,45],"tags":[],"class_list":{"0":"post-6943","1":"post","2":"type-post","3":"status-publish","4":"format-standard","5":"has-post-thumbnail","7":"category-noticia","8":"category-sindicato"},"_links":{"self":[{"href":"https:\/\/sinasefesm.com\/index.php\/wp-json\/wp\/v2\/posts\/6943","targetHints":{"allow":["GET"]}}],"collection":[{"href":"https:\/\/sinasefesm.com\/index.php\/wp-json\/wp\/v2\/posts"}],"about":[{"href":"https:\/\/sinasefesm.com\/index.php\/wp-json\/wp\/v2\/types\/post"}],"author":[{"embeddable":true,"href":"https:\/\/sinasefesm.com\/index.php\/wp-json\/wp\/v2\/users\/3"}],"replies":[{"embeddable":true,"href":"https:\/\/sinasefesm.com\/index.php\/wp-json\/wp\/v2\/comments?post=6943"}],"version-history":[{"count":0,"href":"https:\/\/sinasefesm.com\/index.php\/wp-json\/wp\/v2\/posts\/6943\/revisions"}],"wp:featuredmedia":[{"embeddable":true,"href":"https:\/\/sinasefesm.com\/index.php\/wp-json\/wp\/v2\/media\/5382"}],"wp:attachment":[{"href":"https:\/\/sinasefesm.com\/index.php\/wp-json\/wp\/v2\/media?parent=6943"}],"wp:term":[{"taxonomy":"category","embeddable":true,"href":"https:\/\/sinasefesm.com\/index.php\/wp-json\/wp\/v2\/categories?post=6943"},{"taxonomy":"post_tag","embeddable":true,"href":"https:\/\/sinasefesm.com\/index.php\/wp-json\/wp\/v2\/tags?post=6943"}],"curies":[{"name":"wp","href":"https:\/\/api.w.org\/{rel}","templated":true}]}}