{"id":6944,"date":"2023-10-04T17:56:22","date_gmt":"2023-10-04T17:56:22","guid":{"rendered":"https:\/\/sinasefesm.com\/?p=6284"},"modified":"2023-11-10T12:37:17","modified_gmt":"2023-11-10T15:37:17","slug":"03-10-sindicato-mobilizado-em-defesa-dos-direitos-dos-servidores-da-educacao-federal","status":"publish","type":"post","link":"https:\/\/sinasefesm.com\/index.php\/2023\/10\/04\/03-10-sindicato-mobilizado-em-defesa-dos-direitos-dos-servidores-da-educacao-federal\/","title":{"rendered":"03\/10: sindicato mobilizado em defesa dos direitos dos servidores da Educa\u00e7\u00e3o Federal"},"content":{"rendered":"\n<p class=\"has-small-font-size\">Na \u00faltima ter\u00e7a-feira, 3 de outubro, o Sinasefe Santa Maria se somou \u00e0 mobiliza\u00e7\u00e3o nacional junto \u00e0s demais se\u00e7\u00f5es sindicais, nas atividades da Jornada de Lutas em defesa da Campanha Salarial 2024 das e dos servidores p\u00fablicos federais. Nos Col\u00e9gios Polit\u00e9cnico e CTISM da UFSM, integrantes da diretoria sindical passaram o dia conversando com docentes e t\u00e9cnico-administrativos em Educa\u00e7\u00e3o (TAE\u2019s) acerca das propostas de reajuste salarial e demais pautas defendidas. Al\u00e9m disso, os sindicalizados realizaram a entrega do 1\u00ba Informativo impresso da se\u00e7\u00e3o santa-mariense, composto por not\u00edcias de mar\u00e7o a setembro de 2023.<\/p>\n\n\n\n<p class=\"has-small-font-size\"><br>O resultado das a\u00e7\u00f5es foi visto como muito positivo pelos integrantes da diretoria do sindicato, que contaram ter conseguido, inclusive, a ades\u00e3o de novos filiados \u00e0 se\u00e7\u00e3o sindical. No CTISM, o Coordenador Geral, Jos\u00e9 Ab\u00edlio de Freitas, percorreu as salas do col\u00e9gio entregando os informativos e dialogando com os servidores de forma individualizada. J\u00e1 no Polit\u00e9cnico, o outro Coordenador Geral, Hazael de Almeida, explica que ele e mais alguns diretores estiveram presentes no hall do bloco F em tr\u00eas hor\u00e1rios diferentes, chamando servidores que passavam pelo local para conversar sobre as pautas principais do dia de mobiliza\u00e7\u00e3o nacional.<\/p>\n\n\n\n<p class=\"has-small-font-size\"><br><em>\u2018\u2019A mobiliza\u00e7\u00e3o foi muito proveitosa, a gente conseguiu conversar com os TAE\u2019s e docentes da nossa base, e mostrar como est\u00e1 ocorrendo a discuss\u00e3o sobre a reforma da carreira e da nossa remunera\u00e7\u00e3o. [\u2026] Para a pr\u00f3xima mobiliza\u00e7\u00e3o, acredito que vamos conseguir uma ader\u00eancia maior, [considerando que] nesta mobiliza\u00e7\u00e3o j\u00e1 conseguimos que o RU, as bibliotecas e a secretaria escolar fossem fechadas&#8221;<\/em>, conta Almeida.<\/p>\n\n\n\n<figure class=\"wp-block-gallery has-nested-images columns-default is-cropped wp-block-gallery-1 is-layout-flex wp-block-gallery-is-layout-flex\">\n<figure class=\"wp-block-image size-large\"><img decoding=\"async\" data-id=\"6287\" src=\"https:\/\/sinasefesm.com\/wp-content\/uploads\/2023\/10\/IMG_4810-scaled.jpg\" alt=\"\" class=\"wp-image-6287\"\/><\/figure>\n\n\n\n<figure class=\"wp-block-image size-large\"><img decoding=\"async\" data-id=\"6288\" src=\"https:\/\/sinasefesm.com\/wp-content\/uploads\/2023\/10\/IMG_4835-scaled.jpg\" alt=\"\" class=\"wp-image-6288\"\/><\/figure>\n\n\n\n<figure class=\"wp-block-image size-large\"><img decoding=\"async\" data-id=\"6289\" src=\"https:\/\/sinasefesm.com\/wp-content\/uploads\/2023\/10\/IMG_4851-scaled.jpg\" alt=\"\" class=\"wp-image-6289\"\/><\/figure>\n\n\n\n<figure class=\"wp-block-image size-large\"><img decoding=\"async\" data-id=\"6290\" src=\"https:\/\/sinasefesm.com\/wp-content\/uploads\/2023\/10\/IMG_4845-scaled.jpg\" alt=\"\" class=\"wp-image-6290\"\/><\/figure>\n\n\n\n<figure class=\"wp-block-image size-large\"><img decoding=\"async\" data-id=\"6291\" src=\"https:\/\/sinasefesm.com\/wp-content\/uploads\/2023\/10\/IMG_4897-scaled.jpg\" alt=\"\" class=\"wp-image-6291\"\/><\/figure>\n\n\n\n<figure class=\"wp-block-image size-large\"><img decoding=\"async\" data-id=\"6292\" src=\"https:\/\/sinasefesm.com\/wp-content\/uploads\/2023\/10\/IMG_4873-scaled.jpg\" alt=\"\" class=\"wp-image-6292\"\/><\/figure>\n\n\n\n<figure class=\"wp-block-image size-large\"><img decoding=\"async\" data-id=\"6293\" src=\"https:\/\/sinasefesm.com\/wp-content\/uploads\/2023\/10\/IMG_4916-scaled.jpg\" alt=\"\" class=\"wp-image-6293\"\/><\/figure>\n\n\n\n<figure class=\"wp-block-image size-large\"><img decoding=\"async\" data-id=\"6294\" src=\"https:\/\/sinasefesm.com\/wp-content\/uploads\/2023\/10\/IMG_4933-scaled.jpg\" alt=\"\" class=\"wp-image-6294\"\/><\/figure>\n<\/figure>\n\n\n\n<p class=\"has-small-font-size\"><strong>1\u00ba Informativo do Sinasefe Santa Maria<\/strong><br>Tamb\u00e9m durante as atividades desta ter\u00e7a-feira, o sindicato lan\u00e7ou seu 1\u00ba Informativo impresso, composto por not\u00edcias desde mar\u00e7o at\u00e9 setembro de 2023. A iniciativa busca estimular a dissemina\u00e7\u00e3o das principais informa\u00e7\u00f5es relativas ao Sinasefe Santa Maria aos filiados e tamb\u00e9m aos n\u00e3o filiados que desejam conhecer melhor o sindicato e saber quais s\u00e3o as pautas mais trabalhadas pela entidade.<br>Em breve, o informativo estar\u00e1 dispon\u00edvel aqui em PDF.<\/p>\n\n\n<div class=\"wp-block-image\">\n<figure class=\"aligncenter size-full is-resized\"><img fetchpriority=\"high\" decoding=\"async\" src=\"https:\/\/sinasefesm.com\/wp-content\/uploads\/2023\/10\/IMG_4824-edited-scaled.jpg\" alt=\"\" class=\"wp-image-6296\" style=\"width:840px;height:630px\" width=\"840\" height=\"630\"\/><\/figure><\/div>\n\n\n<p class=\"has-small-font-size\"><strong>Reuni\u00f5es com o governo<\/strong><br>Em Bras\u00edlia-DF, tamb\u00e9m nesta ter\u00e7a, 3, representantes do Sinasefe Nacional participaram da segunda reuni\u00e3o das Mesas Espec\u00edfica e Tempor\u00e1ria, para apresentar ao governo Lula a proposta de reestrutura\u00e7\u00e3o de carreira docente, protocolada desde o in\u00edcio de setembro. Ainda, contudo, n\u00e3o se obteve posicionamento do Estado em rela\u00e7\u00e3o \u00e0s medidas expostas. Fora isso, o sindicato refor\u00e7ou a cobran\u00e7a pela revoga\u00e7\u00e3o da <a href=\"https:\/\/www.in.gov.br\/en\/web\/dou\/-\/instrucao-normativa-sgp\/sedgg\/me-n-66-de-16-de-setembro-de-2022-430411828\">Instru\u00e7\u00e3o Normativa SGP\/ME n\u00famero 66\/2022<\/a>.<\/p>\n\n\n\n<p class=\"has-small-font-size\">Em v\u00eddeo, os participantes da reuni\u00e3o (Coordenadora Geral, Artemis Martins, Coordenador de Pessoal Docente e membro da CND, Antonildo Pereira, 1\u00ba Tesoureiro e membro do CND, Diego Rodolfo, e outro membro da CND, Wildson Justiniano) relataram suas an\u00e1lises do encontro:<\/p>\n\n\n\n<figure class=\"wp-block-embed is-type-video is-provider-youtube wp-block-embed-youtube wp-embed-aspect-16-9 wp-has-aspect-ratio\"><div class=\"wp-block-embed__wrapper\">\n<iframe title=\"Carreira docente: sindicato apresenta proposta de reestrutura\u00e7\u00e3o ao MGI\" width=\"768\" height=\"432\" src=\"https:\/\/www.youtube.com\/embed\/uyuNpbQ5SIA?feature=oembed\" frameborder=\"0\" allow=\"accelerometer; autoplay; clipboard-write; encrypted-media; gyroscope; picture-in-picture; web-share\" allowfullscreen><\/iframe>\n<\/div><\/figure>\n\n\n\n<p class=\"has-small-font-size\">E, abaixo, confira o documento com os principais itens da reestrutura\u00e7\u00e3o de carreira, apresentados pelo Sinasefe ao governo federal:<\/p>\n\n\n\n<div data-wp-interactive=\"core\/file\" class=\"wp-block-file\"><object data-wp-bind--hidden=\"!state.hasPdfPreview\" hidden class=\"wp-block-file__embed\" data=\"https:\/\/sinasefesm.com\/wp-content\/uploads\/2023\/10\/20231003_propostacarreiradocente.pdf\" type=\"application\/pdf\" style=\"width:100%;height:600px\" aria-label=\"Incorporado de propostacarreiradocente.\"><\/object><a id=\"wp-block-file--media-213a6d78-2c36-4f13-b779-f2c04a36c34b\" href=\"https:\/\/sinasefesm.com\/wp-content\/uploads\/2023\/10\/20231003_propostacarreiradocente.pdf\">propostacarreiradocente<\/a><a href=\"https:\/\/sinasefesm.com\/wp-content\/uploads\/2023\/10\/20231003_propostacarreiradocente.pdf\" class=\"wp-block-file__button wp-element-button\" download aria-describedby=\"wp-block-file--media-213a6d78-2c36-4f13-b779-f2c04a36c34b\">Baixar<\/a><\/div>\n\n\n\n<p class=\"has-small-font-size\">Ainda na tarde da \u00faltima ter\u00e7a-feira, houve a segunda reuni\u00e3o de debate em torno da carreira dos TAEs, no Minist\u00e9rio da Gest\u00e3o e da Inova\u00e7\u00e3o em Servi\u00e7os P\u00fablicos. Neste encontro, o Sinasefe exp\u00f4s a proposta de reestrutura\u00e7\u00e3o do PCCTAE elaborada nos GT Carreira de 2023 (tr\u00eas, quatro e cinco de maio; e 14 e 15 de junho) e nas \u00faltimas Plen\u00e1rias Nacionais (181\u00aa, 182\u00aa, 183\u00aa e 184\u00aa). A medida \u00e9 necess\u00e1ria para reverter os preju\u00edzos que a carreira tem enfrentado desde a<a href=\"http:\/\/www.planalto.gov.br\/ccivil_03\/_ato2004-2006\/2005\/lei\/l11091.htm\"> san\u00e7\u00e3o da lei em 2005<\/a>, contando com uma das menores remunera\u00e7\u00f5es do servi\u00e7o federal. Abaixo, est\u00e3o dispon\u00edveis na \u00edntegra os documentos apresentados:<\/p>\n\n\n\n<div data-wp-interactive=\"core\/file\" class=\"wp-block-file\"><object data-wp-bind--hidden=\"!state.hasPdfPreview\" hidden class=\"wp-block-file__embed\" data=\"https:\/\/sinasefesm.com\/wp-content\/uploads\/2023\/10\/PROPOSTA_SINASEFE-PCCTAE.pdf\" type=\"application\/pdf\" style=\"width:100%;height:600px\" aria-label=\"Incorporado de PROPOSTA_PCCTAE.\"><\/object><a id=\"wp-block-file--media-b4515233-a0a1-4fec-8ce2-73c0bc18c82e\" href=\"https:\/\/sinasefesm.com\/wp-content\/uploads\/2023\/10\/PROPOSTA_SINASEFE-PCCTAE.pdf\">PROPOSTA_PCCTAE<\/a><a href=\"https:\/\/sinasefesm.com\/wp-content\/uploads\/2023\/10\/PROPOSTA_SINASEFE-PCCTAE.pdf\" class=\"wp-block-file__button wp-element-button\" download aria-describedby=\"wp-block-file--media-b4515233-a0a1-4fec-8ce2-73c0bc18c82e\">Baixar<\/a><\/div>\n\n\n\n<div data-wp-interactive=\"core\/file\" class=\"wp-block-file\"><object data-wp-bind--hidden=\"!state.hasPdfPreview\" hidden class=\"wp-block-file__embed\" data=\"https:\/\/sinasefesm.com\/wp-content\/uploads\/2023\/10\/APRESENTACAO_SINASEFE-PCCTAE.pdf\" type=\"application\/pdf\" style=\"width:100%;height:600px\" aria-label=\"Incorporado de APRESENTACAO_PCCTAE.\"><\/object><a id=\"wp-block-file--media-709c32a7-6f65-4bef-862d-49a546560f3f\" href=\"https:\/\/sinasefesm.com\/wp-content\/uploads\/2023\/10\/APRESENTACAO_SINASEFE-PCCTAE.pdf\">APRESENTACAO_PCCTAE<\/a><a href=\"https:\/\/sinasefesm.com\/wp-content\/uploads\/2023\/10\/APRESENTACAO_SINASEFE-PCCTAE.pdf\" class=\"wp-block-file__button wp-element-button\" download aria-describedby=\"wp-block-file--media-709c32a7-6f65-4bef-862d-49a546560f3f\">Baixar<\/a><\/div>\n\n\n\n<p class=\"has-small-font-size\"><br><strong>Pr\u00f3ximas mobiliza\u00e7\u00f5es<\/strong><br>Ap\u00f3s as reuni\u00f5es de ontem com o governo, o Sinasefe destaca que aguardar\u00e1 o retorno do Executivo sobre as demandas apresentadas, mantendo as mobiliza\u00e7\u00f5es previstas at\u00e9 o dia 7 de outubro como forma de pressionar a gest\u00e3o Lula a retornar o mais imediatamente poss\u00edvel as propostas.<br>Confira a programa\u00e7\u00e3o de atividades para os pr\u00f3ximos dias:<\/p>\n\n\n\n<p class=\"has-small-font-size\"><br><strong>04\/10 \u2013 quarta-feira<\/strong><br>Manh\u00e3, tarde e noite \u2013 Mobiliza\u00e7\u00e3o junto aos parlamentares no Congresso Nacional<br>Manh\u00e3, tarde e noite \u2013 Vig\u00edlia em frente ao Minist\u00e9rio da Gest\u00e3o e da Inova\u00e7\u00e3o em Servi\u00e7os P\u00fablicos (MGI), exigindo negocia\u00e7\u00e3o efetiva<\/p>\n\n\n\n<p class=\"has-small-font-size\"><br><strong>05\/10 \u2013 quinta-feira<\/strong><br>Manh\u00e3, tarde e noite \u2013 A\u00e7\u00f5es junto aos parlamentares no Congresso Nacional<br>Manh\u00e3, tarde e noite \u2013 Vig\u00edlia em frente ao Minist\u00e9rio da Gest\u00e3o e da Inova\u00e7\u00e3o em Servi\u00e7os P\u00fablicos (MGI), exigindo negocia\u00e7\u00e3o efetiva<\/p>\n\n\n\n<p class=\"has-small-font-size\"><br><strong>07\/10 \u2013 s\u00e1bado<\/strong><br>Plen\u00e1ria Nacional dos Servidores P\u00fablicos Federais, para avaliar a semana de luta e definir novos passos da mobiliza\u00e7\u00e3o<\/p>\n\n\n\n<hr class=\"wp-block-separator has-alpha-channel-opacity\"\/>\n\n\n\n<p><br><em>Texto e imagens: Laurent Keller<br>Edi\u00e7\u00e3o: Bruna Homrich<\/em><\/p>\n","protected":false},"excerpt":{"rendered":"<p>Na \u00faltima ter\u00e7a-feira, 3 de outubro, o Sinasefe Santa Maria se somou \u00e0 mobiliza\u00e7\u00e3o nacional junto \u00e0s demais se\u00e7\u00f5es sindicais, nas atividades da Jornada de Lutas em defesa da Campanha Salarial 2024 das e dos servidores p\u00fablicos federais. Nos Col\u00e9gios Polit\u00e9cnico e CTISM da UFSM, integrantes da diretoria sindical passaram o dia conversando com docentes<\/p>\n","protected":false},"author":5,"featured_media":7031,"comment_status":"closed","ping_status":"closed","sticky":false,"template":"","format":"standard","meta":{"footnotes":""},"categories":[37,39,42],"tags":[172,201],"class_list":{"0":"post-6944","1":"post","2":"type-post","3":"status-publish","4":"format-standard","5":"has-post-thumbnail","7":"category-destaque","8":"category-eventos","9":"category-noticia","10":"tag-mobilizacao","11":"tag-reajuste-salarial"},"_links":{"self":[{"href":"https:\/\/sinasefesm.com\/index.php\/wp-json\/wp\/v2\/posts\/6944","targetHints":{"allow":["GET"]}}],"collection":[{"href":"https:\/\/sinasefesm.com\/index.php\/wp-json\/wp\/v2\/posts"}],"about":[{"href":"https:\/\/sinasefesm.com\/index.php\/wp-json\/wp\/v2\/types\/post"}],"author":[{"embeddable":true,"href":"https:\/\/sinasefesm.com\/index.php\/wp-json\/wp\/v2\/users\/5"}],"replies":[{"embeddable":true,"href":"https:\/\/sinasefesm.com\/index.php\/wp-json\/wp\/v2\/comments?post=6944"}],"version-history":[{"count":1,"href":"https:\/\/sinasefesm.com\/index.php\/wp-json\/wp\/v2\/posts\/6944\/revisions"}],"predecessor-version":[{"id":7032,"href":"https:\/\/sinasefesm.com\/index.php\/wp-json\/wp\/v2\/posts\/6944\/revisions\/7032"}],"wp:featuredmedia":[{"embeddable":true,"href":"https:\/\/sinasefesm.com\/index.php\/wp-json\/wp\/v2\/media\/7031"}],"wp:attachment":[{"href":"https:\/\/sinasefesm.com\/index.php\/wp-json\/wp\/v2\/media?parent=6944"}],"wp:term":[{"taxonomy":"category","embeddable":true,"href":"https:\/\/sinasefesm.com\/index.php\/wp-json\/wp\/v2\/categories?post=6944"},{"taxonomy":"post_tag","embeddable":true,"href":"https:\/\/sinasefesm.com\/index.php\/wp-json\/wp\/v2\/tags?post=6944"}],"curies":[{"name":"wp","href":"https:\/\/api.w.org\/{rel}","templated":true}]}}