{"id":6945,"date":"2023-11-06T12:09:45","date_gmt":"2023-11-06T12:09:45","guid":{"rendered":"https:\/\/sinasefesm.com\/?p=6314"},"modified":"2023-11-10T12:34:10","modified_gmt":"2023-11-10T15:34:10","slug":"participe-do-debate-acerca-da-minuta-dos-encargos-docentes-da-ufsm","status":"publish","type":"post","link":"https:\/\/sinasefesm.com\/index.php\/2023\/11\/06\/participe-do-debate-acerca-da-minuta-dos-encargos-docentes-da-ufsm\/","title":{"rendered":"Participe do debate acerca da minuta dos encargos docentes da UFSM"},"content":{"rendered":"\n<p><\/p>\n\n\n\n<p>Na pr\u00f3xima ter\u00e7a-feira, 07 de novembro, o Sinasefe, em conjunto a Sedufsm, promover\u00e1 um debate sobre a minuta dos encargos docentes da UFSM. O evento come\u00e7ar\u00e1 \u00e0s 14h, no Audimax, localizado no Centro de Educa\u00e7\u00e3o do campus sede, no pr\u00e9dio 16, e contar\u00e1 com a presen\u00e7a do advogado da Assessoria Jur\u00eddica do sindicato, Heverton Padilha. Representando a diretoria da se\u00e7\u00e3o sindical, o Coordenador Geral, Jos\u00e9 Ab\u00edlio, e o Tesoureiro, Cl\u00e1udio Kelling, participar\u00e3o da atividade.<\/p>\n\n\n\n<p>Para acompanhar o debate, n\u00e3o \u00e9 necess\u00e1rio realizar inscri\u00e7\u00e3o pr\u00e9via.<\/p>\n\n\n\n<p>A discuss\u00e3o sobre a proposta de minuta das progress\u00f5es e promo\u00e7\u00f5es docentes da Universidade \u00e9 fundamental, uma vez que estimula a precariza\u00e7\u00e3o do trabalho docente, por meio de altera\u00e7\u00f5es como a cobran\u00e7a por mais produtividade sem que haja as condi\u00e7\u00f5es de trabalho e de financiamento adequadas.&nbsp;<\/p>\n\n\n\n<p>Outros aspectos problem\u00e1ticos ligados \u00e0 proposta de minuta s\u00e3o:&nbsp;<\/p>\n\n\n\n<ul class=\"wp-block-list\">\n<li>as diretrizes para a promo\u00e7\u00e3o e progress\u00e3o , que constam na Lei 12.772\/2012, n\u00e3o foram levadas em considera\u00e7\u00e3o na elabora\u00e7\u00e3o da minuta;<\/li>\n\n\n\n<li>a proposta limita a quantidade de docentes que acender\u00e3o \u00e0 classe mais alta da carreira, o que impactar\u00e1 em suas aposentadorias;&nbsp;<\/li>\n\n\n\n<li>a medida estimula a sobrecarga do trabalho docente.<\/li>\n<\/ul>\n\n\n\n<p>O Sinasefe refor\u00e7a a import\u00e2ncia de todos sindicalizados e todas sindicalizadas integrarem a atividade, para que, em conjunto, cheguemos a uma proposta de minuta que substitua a apresentada pela reitoria da UFSM e n\u00e3o cause preju\u00edzos \u00e0 ascens\u00e3o na carrreira e atenda aos anseios da categoria docente.<\/p>\n\n\n\n<hr class=\"wp-block-separator has-alpha-channel-opacity\"\/>\n\n\n\n<p><strong><em>Texto: Laurent Keller<\/em><\/strong><\/p>\n\n\n\n<p><strong><em>Imagem: divulga\u00e7\u00e3o&nbsp;<\/em><\/strong><\/p>\n\n\n\n<p><strong><em>Revis\u00e3o: Miriane Fonseca<\/em><\/strong>\u00a0<\/p>\n","protected":false},"excerpt":{"rendered":"<p>Na pr\u00f3xima ter\u00e7a-feira, 07 de novembro, o Sinasefe, em conjunto a Sedufsm, promover\u00e1 um debate sobre a minuta dos encargos docentes da UFSM. O evento come\u00e7ar\u00e1 \u00e0s 14h, no Audimax, localizado no Centro de Educa\u00e7\u00e3o do campus sede, no pr\u00e9dio 16, e contar\u00e1 com a presen\u00e7a do advogado da Assessoria Jur\u00eddica do sindicato, Heverton Padilha.<\/p>\n","protected":false},"author":5,"featured_media":7027,"comment_status":"closed","ping_status":"closed","sticky":false,"template":"","format":"standard","meta":{"footnotes":""},"categories":[37,39,42],"tags":[171,225],"class_list":{"0":"post-6945","1":"post","2":"type-post","3":"status-publish","4":"format-standard","5":"has-post-thumbnail","7":"category-destaque","8":"category-eventos","9":"category-noticia","10":"tag-minuta-dos-encargos-docentes","11":"tag-ufsm"},"_links":{"self":[{"href":"https:\/\/sinasefesm.com\/index.php\/wp-json\/wp\/v2\/posts\/6945","targetHints":{"allow":["GET"]}}],"collection":[{"href":"https:\/\/sinasefesm.com\/index.php\/wp-json\/wp\/v2\/posts"}],"about":[{"href":"https:\/\/sinasefesm.com\/index.php\/wp-json\/wp\/v2\/types\/post"}],"author":[{"embeddable":true,"href":"https:\/\/sinasefesm.com\/index.php\/wp-json\/wp\/v2\/users\/5"}],"replies":[{"embeddable":true,"href":"https:\/\/sinasefesm.com\/index.php\/wp-json\/wp\/v2\/comments?post=6945"}],"version-history":[{"count":1,"href":"https:\/\/sinasefesm.com\/index.php\/wp-json\/wp\/v2\/posts\/6945\/revisions"}],"predecessor-version":[{"id":7028,"href":"https:\/\/sinasefesm.com\/index.php\/wp-json\/wp\/v2\/posts\/6945\/revisions\/7028"}],"wp:featuredmedia":[{"embeddable":true,"href":"https:\/\/sinasefesm.com\/index.php\/wp-json\/wp\/v2\/media\/7027"}],"wp:attachment":[{"href":"https:\/\/sinasefesm.com\/index.php\/wp-json\/wp\/v2\/media?parent=6945"}],"wp:term":[{"taxonomy":"category","embeddable":true,"href":"https:\/\/sinasefesm.com\/index.php\/wp-json\/wp\/v2\/categories?post=6945"},{"taxonomy":"post_tag","embeddable":true,"href":"https:\/\/sinasefesm.com\/index.php\/wp-json\/wp\/v2\/tags?post=6945"}],"curies":[{"name":"wp","href":"https:\/\/api.w.org\/{rel}","templated":true}]}}