{"id":6962,"date":"2024-11-11T11:28:48","date_gmt":"2024-11-11T11:28:48","guid":{"rendered":"https:\/\/sinasefesm.com\/?p=6962"},"modified":"2024-11-11T11:28:48","modified_gmt":"2024-11-11T11:28:48","slug":"gt-debate-gestao-democratica","status":"publish","type":"post","link":"https:\/\/sinasefesm.com\/index.php\/2024\/11\/11\/gt-debate-gestao-democratica\/","title":{"rendered":"GT debate Gest\u00e3o democr\u00e1tica"},"content":{"rendered":"\n<p>O Grupo de Trabalho Pol\u00edticas Educacionais e Culturais do Sinasefe Santa Maria se reuniu na \u00faltima sexta, 8 de novembro, em espa\u00e7o do Col\u00e9gio T\u00e9cnico Industrial. A tem\u00e1tica abordada na reuni\u00e3o foi \u2018Gest\u00e3o Democr\u00e1tica\u2019. Durante a reuni\u00e3o, que teve a media\u00e7\u00e3o da servidora t\u00e9cnico-administrativa Andreia Vedoin, foram apresentados aspectos legais e hist\u00f3ricos da gest\u00e3o democr\u00e1tica e os\/as participantes debateram suas preocupa\u00e7\u00f5es atuais em rela\u00e7\u00e3o \u00e0 gest\u00e3o da EPT. Tamb\u00e9m foi refor\u00e7ado a import\u00e2ncia de criar espa\u00e7os para debate e constru\u00e7\u00e3o coletiva nos espa\u00e7os educativos.<\/p>\n\n\n\n<p>Ficou acordado que o GT ter\u00e1 agenda de reuni\u00f5es quinzenais, sendo que o pr\u00f3ximo encontro ocorrer\u00e1 no dia 22 de novembro.<\/p>\n\n\n\n<figure class=\"wp-block-gallery has-nested-images columns-default is-cropped wp-block-gallery-1 is-layout-flex wp-block-gallery-is-layout-flex\"><\/figure>\n\n\n\n<p><br><em>Texto: Fritz Rivail<br>Imagens: Divulga\u00e7\u00e3o<\/em><\/p>\n","protected":false},"excerpt":{"rendered":"<p>O Grupo de Trabalho Pol\u00edticas Educacionais e Culturais do Sinasefe Santa Maria se reuniu na \u00faltima sexta, 8 de novembro, em espa\u00e7o do Col\u00e9gio T\u00e9cnico Industrial. A tem\u00e1tica abordada na reuni\u00e3o foi \u2018Gest\u00e3o Democr\u00e1tica\u2019. Durante a reuni\u00e3o, que teve a media\u00e7\u00e3o da servidora t\u00e9cnico-administrativa Andreia Vedoin, foram apresentados aspectos legais e hist\u00f3ricos da gest\u00e3o democr\u00e1tica<\/p>\n","protected":false},"author":7,"featured_media":6963,"comment_status":"closed","ping_status":"closed","sticky":true,"template":"","format":"standard","meta":{"footnotes":""},"categories":[39,41,42],"tags":[],"class_list":{"0":"post-6962","1":"post","2":"type-post","3":"status-publish","4":"format-standard","5":"has-post-thumbnail","7":"category-eventos","8":"category-movimento","9":"category-noticia"},"_links":{"self":[{"href":"https:\/\/sinasefesm.com\/index.php\/wp-json\/wp\/v2\/posts\/6962","targetHints":{"allow":["GET"]}}],"collection":[{"href":"https:\/\/sinasefesm.com\/index.php\/wp-json\/wp\/v2\/posts"}],"about":[{"href":"https:\/\/sinasefesm.com\/index.php\/wp-json\/wp\/v2\/types\/post"}],"author":[{"embeddable":true,"href":"https:\/\/sinasefesm.com\/index.php\/wp-json\/wp\/v2\/users\/7"}],"replies":[{"embeddable":true,"href":"https:\/\/sinasefesm.com\/index.php\/wp-json\/wp\/v2\/comments?post=6962"}],"version-history":[{"count":0,"href":"https:\/\/sinasefesm.com\/index.php\/wp-json\/wp\/v2\/posts\/6962\/revisions"}],"wp:featuredmedia":[{"embeddable":true,"href":"https:\/\/sinasefesm.com\/index.php\/wp-json\/wp\/v2\/media\/6963"}],"wp:attachment":[{"href":"https:\/\/sinasefesm.com\/index.php\/wp-json\/wp\/v2\/media?parent=6962"}],"wp:term":[{"taxonomy":"category","embeddable":true,"href":"https:\/\/sinasefesm.com\/index.php\/wp-json\/wp\/v2\/categories?post=6962"},{"taxonomy":"post_tag","embeddable":true,"href":"https:\/\/sinasefesm.com\/index.php\/wp-json\/wp\/v2\/tags?post=6962"}],"curies":[{"name":"wp","href":"https:\/\/api.w.org\/{rel}","templated":true}]}}