{"id":6982,"date":"2024-12-21T13:04:42","date_gmt":"2024-12-21T13:04:42","guid":{"rendered":"https:\/\/sinasefesm.com\/?p=6982"},"modified":"2024-12-21T13:04:42","modified_gmt":"2024-12-21T13:04:42","slug":"relato-do-gt-de-atividade-docente-e-reajuste-indefinido","status":"publish","type":"post","link":"https:\/\/sinasefesm.com\/index.php\/2024\/12\/21\/relato-do-gt-de-atividade-docente-e-reajuste-indefinido\/","title":{"rendered":"Relato do GT de atividade docente e reajuste indefinido"},"content":{"rendered":"\n<p>Na sexta-feira, 13 de dezembro, houve a&nbsp;<a href=\"https:\/\/sinasefe.org.br\/site\/confira-o-informe-do-gt-atividade-docente-13-12\" target=\"_blank\" rel=\"noreferrer noopener\">sexta reuni\u00e3o<\/a>&nbsp;(a segunda presencial) do Grupo de Trabalho (GT) que debate a nova&nbsp;<a href=\"https:\/\/sinasefe.org.br\/site\/nova-regulamentacao-da-atividade-docente-baixe-cartazes-e-envie-contribuicao-da-secao\" target=\"_blank\" rel=\"noreferrer noopener\">Regulamenta\u00e7\u00e3o da Atividade Docente<\/a>&nbsp;(RAD).<\/p>\n\n\n\n<p>A reuni\u00e3o aconteceu na sede do Minist\u00e9rio da Educa\u00e7\u00e3o (MEC), em Bras\u00edlia-DF, e contou com a participa\u00e7\u00e3o do SINASEFE.<br><br>Este GT ocorreu como parte do cumprimento do&nbsp;<a href=\"https:\/\/sinasefe.org.br\/site\/download\/termo-de-acordo-no-10-greve-2024-reestruturacao-do-pccmf-ebtt\" target=\"_blank\" rel=\"noreferrer noopener\">Termo de Acordo n\u00ba 10\/2024<\/a>, que garantiu a revoga\u00e7\u00e3o da antiga&nbsp;<a href=\"https:\/\/sinasefe.org.br\/site\/atividade-docente-cnd-divulga-analise-comparativa-de-portarias\/\" target=\"_blank\" rel=\"noreferrer noopener\">Portaria 983\/2020<\/a>. Hoje temos a transit\u00f3ria&nbsp;<a href=\"https:\/\/sinasefe.org.br\/site\/revogacao-da-portaria-983-2020-confira-a-analise-da-cnd-sinasefe\" target=\"_blank\" rel=\"noreferrer noopener\">Portaria 750\/2024<\/a>, que ser\u00e1 substitu\u00edda pelo texto a ser aprovado ao final deste GT.<br><br>O Sinasefe Nacional voltou a apresentar e defender sua&nbsp;<a href=\"https:\/\/sinasefe.org.br\/site\/download\/proposicao-do-sinasefe-de-alteracao-da-portaria-no-17-2016-no-caso-de-revogacao-da-portaria-no-983-2020\" target=\"_blank\" rel=\"noreferrer noopener\">proposta para regulamenta\u00e7\u00e3o das atividades docentes<\/a>,&nbsp;<a href=\"https:\/\/sinasefe.org.br\/site\/198a-plena-resumo-do-2o-dia\" target=\"_blank\" rel=\"noreferrer noopener\">aprovada em 02\/11<\/a>, durante a&nbsp;<a href=\"https:\/\/sinasefe.org.br\/site\/198a-plena-deliberacoes-aprovadas\" target=\"_blank\" rel=\"noreferrer noopener\">198\u00aa PLENA<\/a>.<br><br>Quest\u00f5es relevantes e com pol\u00eamicas entre as entidades sindicais e o Governo n\u00e3o avan\u00e7aram at\u00e9 o momento, como nos casos da carga hor\u00e1ria m\u00ednima, carga hor\u00e1ria m\u00e1xima e atividades docentes de Ensino a Dist\u00e2ncia (EaD). Por outro lado, os pontos n\u00e3o pol\u00eamicos avan\u00e7aram, com todo documento sendo lido e ajustado nos termos consensuados.<\/p>\n\n\n\n<p>O GT foi prorrogado at\u00e9 o dia 10 de janeiro de 2025 e um cronograma com mais tr\u00eas encontros&nbsp;<a href=\"https:\/\/sinasefe.org.br\/site\/comunicacao\/agenda\" target=\"_blank\" rel=\"noreferrer noopener\">ficou estabelecido<\/a>. As datas ser\u00e3o:<\/p>\n\n\n\n<ul class=\"wp-block-list\">\n<li>7\u00aa reuni\u00e3o em 27\/12 \u2013 virtual;<\/li>\n\n\n\n<li>8\u00aa reuni\u00e3o em 03\/01 \u2013 virtual;<\/li>\n\n\n\n<li>9\u00aa reuni\u00e3o em 06 e 07\/01 \u2013 presencial.<\/li>\n<\/ul>\n\n\n\n<p><strong>Reajuste indefinido<\/strong><\/p>\n\n\n\n<p>Em rela\u00e7\u00e3o ao reajuste para o funcionalismo federal previsto para o m\u00eas de janeiro ainda est\u00e1 indefinido. Na semana passada, a informa\u00e7\u00e3o ventilada pelo governo era de que seria assinada uma Medida Provis\u00f3ria garantindo os reajustes. Entretanto, no in\u00edcio desta semana, conforme o ANDES-SN, o F\u00f3rum das Entidades de Servidores (Fonasefe) recebeu a not\u00edcia de que os reajustes seriam garantidos atrav\u00e9s de emendas parlamentares ao projeto de Lei Or\u00e7ament\u00e1ria. Entretanto, chegamos ao recesso de final de ano sem a aprova\u00e7\u00e3o da LOA.<\/p>\n\n\n\n<p>O relator do projeto LOA 2025, senador Angelo Coronel (PSD-BA), informou, na noite de quinta-feira (19), que o seu relat\u00f3rio sobre a mat\u00e9ria ser\u00e1 apreciado somente no ano que vem. &#8220;Apreciar a pe\u00e7a mais importante do parlamento merece cuidado e tempo, e por isso o nosso relat\u00f3rio ficar\u00e1 para aprecia\u00e7\u00e3o [na Comiss\u00e3o Mista de Or\u00e7amento (CMO) e no Congresso Nacional] ap\u00f3s o recesso parlamentar&#8221;, informou em nota \u00e0 imprensa.<\/p>\n\n\n\n<p><em>Edi\u00e7\u00e3o: Fritz Rivail com informa\u00e7\u00f5es do Sinasefe e do ANDES-SN<br>Imagem: Sinasefe Nacional<\/em><\/p>\n","protected":false},"excerpt":{"rendered":"<p>Na sexta-feira, 13 de dezembro, houve a&nbsp;sexta reuni\u00e3o&nbsp;(a segunda presencial) do Grupo de Trabalho (GT) que debate a nova&nbsp;Regulamenta\u00e7\u00e3o da Atividade Docente&nbsp;(RAD). A reuni\u00e3o aconteceu na sede do Minist\u00e9rio da Educa\u00e7\u00e3o (MEC), em Bras\u00edlia-DF, e contou com a participa\u00e7\u00e3o do SINASEFE. Este GT ocorreu como parte do cumprimento do&nbsp;Termo de Acordo n\u00ba 10\/2024, que garantiu<\/p>\n","protected":false},"author":7,"featured_media":6983,"comment_status":"closed","ping_status":"closed","sticky":true,"template":"","format":"standard","meta":{"footnotes":""},"categories":[37,42,45],"tags":[],"class_list":{"0":"post-6982","1":"post","2":"type-post","3":"status-publish","4":"format-standard","5":"has-post-thumbnail","7":"category-destaque","8":"category-noticia","9":"category-sindicato"},"_links":{"self":[{"href":"https:\/\/sinasefesm.com\/index.php\/wp-json\/wp\/v2\/posts\/6982","targetHints":{"allow":["GET"]}}],"collection":[{"href":"https:\/\/sinasefesm.com\/index.php\/wp-json\/wp\/v2\/posts"}],"about":[{"href":"https:\/\/sinasefesm.com\/index.php\/wp-json\/wp\/v2\/types\/post"}],"author":[{"embeddable":true,"href":"https:\/\/sinasefesm.com\/index.php\/wp-json\/wp\/v2\/users\/7"}],"replies":[{"embeddable":true,"href":"https:\/\/sinasefesm.com\/index.php\/wp-json\/wp\/v2\/comments?post=6982"}],"version-history":[{"count":0,"href":"https:\/\/sinasefesm.com\/index.php\/wp-json\/wp\/v2\/posts\/6982\/revisions"}],"wp:featuredmedia":[{"embeddable":true,"href":"https:\/\/sinasefesm.com\/index.php\/wp-json\/wp\/v2\/media\/6983"}],"wp:attachment":[{"href":"https:\/\/sinasefesm.com\/index.php\/wp-json\/wp\/v2\/media?parent=6982"}],"wp:term":[{"taxonomy":"category","embeddable":true,"href":"https:\/\/sinasefesm.com\/index.php\/wp-json\/wp\/v2\/categories?post=6982"},{"taxonomy":"post_tag","embeddable":true,"href":"https:\/\/sinasefesm.com\/index.php\/wp-json\/wp\/v2\/tags?post=6982"}],"curies":[{"name":"wp","href":"https:\/\/api.w.org\/{rel}","templated":true}]}}