{"id":7003,"date":"2025-01-08T22:55:03","date_gmt":"2025-01-08T22:55:03","guid":{"rendered":"https:\/\/sinasefesm.com\/?p=7003"},"modified":"2025-01-08T22:55:03","modified_gmt":"2025-01-08T22:55:03","slug":"2-anos-depois-do-oito-de-janeiro-democracia-resiste","status":"publish","type":"post","link":"https:\/\/sinasefesm.com\/index.php\/2025\/01\/08\/2-anos-depois-do-oito-de-janeiro-democracia-resiste\/","title":{"rendered":"2 anos depois do oito de janeiro, democracia resiste"},"content":{"rendered":"\n<p>H\u00e1 dois anos, o Brasil assistiu uma tentativa fracassada de Golpe de Estado da extrema-direita. Os atos golpistas de 8 de janeiro de 2023, insuflados por um \u00f3dio e um vandalismo jamais vistos em Bras\u00edlia-DF, depredaram as sedes dos Tr\u00eas Poderes (Congresso Nacional, Pal\u00e1cio do Planalto e Supremo Tribunal Federal), numa tentativa de insurrei\u00e7\u00e3o&nbsp;<a href=\"https:\/\/sinasefe.org.br\/site\/em-pronunciamento-a-nacao-lula-diz-que-vitoria-e-do-povo-brasileiro\/\" target=\"_blank\" rel=\"noreferrer noopener\">contra o resultado leg\u00edtimo das urnas<\/a>, que elegeu Lula e derrotou Bolsonaro em 30 de outubro de 2022.<\/p>\n\n\n\n<p>Aquele dia 8 de janeiro de 2023 mostrou que a derrota eleitoral de Bolsonaro e a elei\u00e7\u00e3o de Lula n\u00e3o foram suficientes para acabar com as tentativas de fechamento do regime democr\u00e1tico. O bolsonarismo, o fascismo e a extrema-direita n\u00e3o s\u00e3o oposi\u00e7\u00f5es pol\u00edticas tradicionais, portanto, n\u00e3o podem ser tratadas como tal. Como pr\u00f3prio Lula disse, \u00e9 preciso responder ao terror e \u00e0 viol\u00eancia&nbsp;<em>\u201ccom a Lei e suas mais duras consequ\u00eancias\u201d<\/em>, mas tamb\u00e9m com mobiliza\u00e7\u00e3o popular e massiva.<\/p>\n\n\n\n<p>A democracia (ainda limitada) que temos no Brasil, resistiu \u00e0 tentativa de Golpe de Estado de dois anos atr\u00e1s, mas ainda segue amea\u00e7ada. E para que nossa democracia n\u00e3o volte a flertar com um colapso, como vimos em 1964, \u00e9 fundamental que o povo brasileiro permane\u00e7a em constante vigil\u00e2ncia democr\u00e1tica e mobiliza\u00e7\u00e3o popular permanente.<\/p>\n\n\n\n<p><a href=\"https:\/\/sinasefe.org.br\/site\/sinasefe-em-defesa-da-democracia-punicao-aos-golpistas-sem-anistia\/\" target=\"_blank\" rel=\"noreferrer noopener\">O SINASEFE foi o primeiro sindicato nacional a se posicionar<\/a>&nbsp;contra a tentativa de Golpe de Estado da extrema-direita de 8 de janeiro de 2023,&nbsp;<a href=\"https:\/\/sinasefe.org.br\/site\/ajude-a-identificar-os-criminosos-que-atuaram-hoje-08-01-em-brasilia-df-com-terrorismo-vandalismo-e-depredacao-nas-sedes-do-stf-planalto-e-congresso\/\" target=\"_blank\" rel=\"noreferrer noopener\">tendo feito isso na mesma data em que o golpe foi tentado<\/a>, ainda quando a PM do Distrito Federal, j\u00e1 sob a interven\u00e7\u00e3o do Governo Federal, subia a Via N1 da Esplanada dos Minist\u00e9rios rumo ao Setor Militar Urbano, para efetuar a pris\u00e3o de quase dois mil golpistas que fugiram para a Pra\u00e7a dos Cristais, na tentativa de buscar impunidade para os atos de b\u00e1rbarie que foram realizados.<\/p>\n\n\n\n<p>Resistimos ao 8 de janeiro de 2023. Ainda estamos aqui. E hoje, dia 8 de janeiro de 2025, seguimos do mesmo lado da hist\u00f3ria, prontamente em defesa da democracia e cobrando puni\u00e7\u00e3o aos envolvidos na tentativa de Golpe de Estado \u2013 todos eles, os que depredaram os pr\u00e9dios do Supremo Tribunal Federal, da C\u00e2mara, do Senado e o Pal\u00e1cio do Planalto; e os que organizaram, financiaram e incentivaram a tentativa de golpe.<\/p>\n\n\n\n<p>Nosso sindicato se mant\u00e9m ao lado de todos os que defendem a democracia brasileira, modelo pol\u00edtico que permite que trabalhadoras e trabalhadores tenham voz ativa e sejam atendidas(os) pelo Governo em suas reivindica\u00e7\u00f5es.<\/p>\n\n\n\n<p>Entendemos as limita\u00e7\u00f5es e cobramos aprimoramentos, por\u00e9m reconhecemos a import\u00e2ncia do Estado Democr\u00e1tico de Direito. Por isso, neste dia 8 de janeiro de 2025, nos fizemos presentes na Pra\u00e7a dos Tr\u00eas Poderes, em Bras\u00edlia-DF,&nbsp;<a href=\"https:\/\/web.facebook.com\/sinasefe.nacional\/posts\/pfbid02Xihz1DtabHWMzYp9CMo6U4M4YbWYN9T4GERX3soeoUwowCw529ng6QVneaHLnWSrl\" target=\"_blank\" rel=\"noreferrer noopener\">participando<\/a>&nbsp;do&nbsp;<a href=\"https:\/\/sinasefe.org.br\/site\/ato-em-defesa-da-democracia\" target=\"_blank\" rel=\"noreferrer noopener\">ato simb\u00f3lico de abra\u00e7o \u00e0 democracia brasileira<\/a>.<\/p>\n\n\n\n<p><strong>Sem anistia para golpistas! Democracia sempre! SINASEFE na luta!<\/strong><\/p>\n\n\n\n<p>Veja <a href=\"https:\/\/www.youtube.com\/watch?v=QKYEJXAG7SY\">aqui<\/a> o v\u00eddeo gravado por Karla Bertotti (secret\u00e1ria-adjunta da\u00a0<a href=\"https:\/\/sinasefe.org.br\/site\/documentos\/direcao-nacional\/coordenacao-juridica-e-relacao-de-trabalho\" target=\"_blank\" rel=\"noreferrer noopener\">coordena\u00e7\u00e3o jur\u00eddica<\/a>), que representou o SINASEFE na manifesta\u00e7\u00e3o da manh\u00e3 desta quarta (08\/01), em Bras\u00edlia-DF.<\/p>\n\n\n\n<p>Fonte e imagem: Sinasefe Nacional<\/p>\n","protected":false},"excerpt":{"rendered":"<p>H\u00e1 dois anos, o Brasil assistiu uma tentativa fracassada de Golpe de Estado da extrema-direita. Os atos golpistas de 8 de janeiro de 2023, insuflados por um \u00f3dio e um vandalismo jamais vistos em Bras\u00edlia-DF, depredaram as sedes dos Tr\u00eas Poderes (Congresso Nacional, Pal\u00e1cio do Planalto e Supremo Tribunal Federal), numa tentativa de insurrei\u00e7\u00e3o&nbsp;contra o<\/p>\n","protected":false},"author":7,"featured_media":7004,"comment_status":"closed","ping_status":"closed","sticky":true,"template":"","format":"standard","meta":{"footnotes":""},"categories":[37,41,45,46],"tags":[],"class_list":{"0":"post-7003","1":"post","2":"type-post","3":"status-publish","4":"format-standard","5":"has-post-thumbnail","7":"category-destaque","8":"category-movimento","9":"category-sindicato","10":"category-uncategorized"},"_links":{"self":[{"href":"https:\/\/sinasefesm.com\/index.php\/wp-json\/wp\/v2\/posts\/7003","targetHints":{"allow":["GET"]}}],"collection":[{"href":"https:\/\/sinasefesm.com\/index.php\/wp-json\/wp\/v2\/posts"}],"about":[{"href":"https:\/\/sinasefesm.com\/index.php\/wp-json\/wp\/v2\/types\/post"}],"author":[{"embeddable":true,"href":"https:\/\/sinasefesm.com\/index.php\/wp-json\/wp\/v2\/users\/7"}],"replies":[{"embeddable":true,"href":"https:\/\/sinasefesm.com\/index.php\/wp-json\/wp\/v2\/comments?post=7003"}],"version-history":[{"count":0,"href":"https:\/\/sinasefesm.com\/index.php\/wp-json\/wp\/v2\/posts\/7003\/revisions"}],"wp:featuredmedia":[{"embeddable":true,"href":"https:\/\/sinasefesm.com\/index.php\/wp-json\/wp\/v2\/media\/7004"}],"wp:attachment":[{"href":"https:\/\/sinasefesm.com\/index.php\/wp-json\/wp\/v2\/media?parent=7003"}],"wp:term":[{"taxonomy":"category","embeddable":true,"href":"https:\/\/sinasefesm.com\/index.php\/wp-json\/wp\/v2\/categories?post=7003"},{"taxonomy":"post_tag","embeddable":true,"href":"https:\/\/sinasefesm.com\/index.php\/wp-json\/wp\/v2\/tags?post=7003"}],"curies":[{"name":"wp","href":"https:\/\/api.w.org\/{rel}","templated":true}]}}