{"id":7006,"date":"2025-01-08T23:15:49","date_gmt":"2025-01-08T23:15:49","guid":{"rendered":"https:\/\/sinasefesm.com\/?p=7006"},"modified":"2025-01-08T23:15:49","modified_gmt":"2025-01-08T23:15:49","slug":"informe-de-reunioes-do-gt-de-atividade-docente-6-e-7-de-janeiro","status":"publish","type":"post","link":"https:\/\/sinasefesm.com\/index.php\/2025\/01\/08\/informe-de-reunioes-do-gt-de-atividade-docente-6-e-7-de-janeiro\/","title":{"rendered":"Informe:reuni\u00f5es do GT de Atividade Docente, dias 6 e 7"},"content":{"rendered":"\n<p>Nesta semana ocorreu a 9\u00aa reuni\u00e3o (a terceira presencial) do Grupo de Trabalho (GT) que debateu a nova\u00a0<a href=\"https:\/\/sinasefe.org.br\/site\/nova-regulamentacao-da-atividade-docente-baixe-cartazes-e-envie-contribuicao-da-secao\" target=\"_blank\" rel=\"noreferrer noopener\">Regulamenta\u00e7\u00e3o da Atividade Docente<\/a>\u00a0(RAD).<\/p>\n\n\n\n<p>A reuni\u00e3o aconteceu na Secretaria de Educa\u00e7\u00e3o Profissional e Tecnol\u00f3gica (Setec) do Minist\u00e9rio da Educa\u00e7\u00e3o (MEC), em Bras\u00edlia-DF, nos dias\u00a0<a href=\"https:\/\/sinasefe.org.br\/site\/reuniao-do-gt-atividade-docente-8\" target=\"_blank\" rel=\"noreferrer noopener\">6<\/a>\u00a0e\u00a0<a href=\"https:\/\/sinasefe.org.br\/site\/reuniao-do-gt-atividade-docente-9\/\" target=\"_blank\" rel=\"noreferrer noopener\">7<\/a>\u00a0de janeiro, e contou com a participa\u00e7\u00e3o do SINASEFE.<\/p>\n\n\n\n<p>Neste 9\u00ba encontro, os trabalhos do GT foram, enfim, encerrados. Na avalia\u00e7\u00e3o do Sinasefe Nacional, foram conseguidos avan\u00e7os em alguns pontos, mas n\u00e3o foi obtido tudo que era reivindicado.&nbsp;<strong>Como conquista fundamental, no tocante \u00e0 carga hor\u00e1ria, ficou aprovado o m\u00ednimo de 8 horas<\/strong>&nbsp;\u2013 por\u00e9m, n\u00e3o haver\u00e1 uma carga hor\u00e1ria m\u00e1xima.<\/p>\n\n\n\n<p>Outras atividades foram elencadas como atividades docentes. Al\u00e9m de ensino, pesquisa, extens\u00e3o, gest\u00e3o e representa\u00e7\u00e3o institucional, tamb\u00e9m vai ser considerada como atividades docentes a internacionaliza\u00e7\u00e3o, a inova\u00e7\u00e3o e a representa\u00e7\u00e3o sindical.<\/p>\n\n\n\n<p>Este GT ocorreu como parte do cumprimento do&nbsp;<a href=\"https:\/\/sinasefe.org.br\/site\/download\/termo-de-acordo-no-10-greve-2024-reestruturacao-do-pccmf-ebtt\" target=\"_blank\" rel=\"noreferrer noopener\">Termo de Acordo n\u00ba 10\/2024<\/a>, que garantiu a revoga\u00e7\u00e3o da antiga&nbsp;<a href=\"https:\/\/sinasefe.org.br\/site\/atividade-docente-cnd-divulga-analise-comparativa-de-portarias\/\" target=\"_blank\" rel=\"noreferrer noopener\">Portaria 983\/2020<\/a>. No momento, temos a transit\u00f3ria&nbsp;<a href=\"https:\/\/sinasefe.org.br\/site\/revogacao-da-portaria-983-2020-confira-a-analise-da-cnd-sinasefe\" target=\"_blank\" rel=\"noreferrer noopener\">Portaria 750\/2024<\/a>, que ser\u00e1 substitu\u00edda pelo texto aprovado no GT.<\/p>\n\n\n\n<p>O documento final do GT tinha previs\u00e3o de ser entregue pelo MEC para leitura das entidades sindicais nesta quarta (08\/01). O relat\u00f3rio final tem previs\u00e3o de publica\u00e7\u00e3o na sexta-feira (10\/01). Uma reuni\u00e3o de apresenta\u00e7\u00e3o final dos trabalhos (com o secret\u00e1rio da Setec, Marcelo Bregagnoli) e a entrega do documento pelas entidades sindicais nas m\u00e3os do ministro Camilo Santana est\u00e1 em articula\u00e7\u00e3o \u2013 visando garantir que nenhuma mudan\u00e7a no que foi aprovado no GT seja realizada na publica\u00e7\u00e3o da nova Portaria do MEC.<\/p>\n\n\n\n<h3 class=\"wp-block-heading\">CPRSC e controle de frequ\u00eancia<\/h3>\n\n\n\n<p>O MEC informou que o&nbsp;<a href=\"https:\/\/sinasefe.org.br\/site\/documentos\/comissoes-e-conselhos\/comissao-nacional-docente\/cprsc\" target=\"_blank\" rel=\"noreferrer noopener\">Conselho Permanente para o Reconhecimento de Saberes e Compet\u00eancias<\/a>&nbsp;(CPRSC) ser\u00e1 recomposto a partir de 06\/01, com of\u00edcios sendo enviados \u00e0s entidades (dentre as quais o SINASEFE) para que elas indiquem os nomes dos seus representantes. Veja a&nbsp;<a href=\"https:\/\/sinasefe.org.br\/site\/download\/portaria-do-ministerio-da-educacao-no-6-2025-institui-o-conselho-permanente-para-o-reconhecimento-de-saberes-e-competencias-cprsc-da-carreira-do-magisterio-do-ensino-basico-tecnico-e-tecnologico\" target=\"_blank\" rel=\"noreferrer noopener\">Portaria do MEC n\u00ba 6\/2025<\/a>&nbsp;(<a href=\"https:\/\/www.in.gov.br\/en\/web\/dou\/-\/portaria-mec-n-6-de-3-de-janeiro-de-2025-605437978\" target=\"_blank\" rel=\"noreferrer noopener\">publicada no Di\u00e1rio Oficial da Uni\u00e3o<\/a>), que reestabelece o funcionamento do Conselho.<\/p>\n\n\n\n<p>Confira <a href=\"https:\/\/www.youtube.com\/watch?v=2YEjjcflTjU\">aqui<\/a> v\u00eddeo com repasse das reuni\u00f5es.<\/p>\n\n\n\n<p>Fonte e imagem: Sinasefe Nacional<\/p>\n\n\n\n<p><\/p>\n","protected":false},"excerpt":{"rendered":"<p>Nesta semana ocorreu a 9\u00aa reuni\u00e3o (a terceira presencial) do Grupo de Trabalho (GT) que debateu a nova\u00a0Regulamenta\u00e7\u00e3o da Atividade Docente\u00a0(RAD). A reuni\u00e3o aconteceu na Secretaria de Educa\u00e7\u00e3o Profissional e Tecnol\u00f3gica (Setec) do Minist\u00e9rio da Educa\u00e7\u00e3o (MEC), em Bras\u00edlia-DF, nos dias\u00a06\u00a0e\u00a07\u00a0de janeiro, e contou com a participa\u00e7\u00e3o do SINASEFE. Neste 9\u00ba encontro, os trabalhos do<\/p>\n","protected":false},"author":7,"featured_media":7007,"comment_status":"closed","ping_status":"closed","sticky":true,"template":"","format":"standard","meta":{"footnotes":""},"categories":[37,42,45],"tags":[167,201,213],"class_list":{"0":"post-7006","1":"post","2":"type-post","3":"status-publish","4":"format-standard","5":"has-post-thumbnail","7":"category-destaque","8":"category-noticia","9":"category-sindicato","10":"tag-mec","11":"tag-reajuste-salarial","12":"tag-servico-publico"},"_links":{"self":[{"href":"https:\/\/sinasefesm.com\/index.php\/wp-json\/wp\/v2\/posts\/7006","targetHints":{"allow":["GET"]}}],"collection":[{"href":"https:\/\/sinasefesm.com\/index.php\/wp-json\/wp\/v2\/posts"}],"about":[{"href":"https:\/\/sinasefesm.com\/index.php\/wp-json\/wp\/v2\/types\/post"}],"author":[{"embeddable":true,"href":"https:\/\/sinasefesm.com\/index.php\/wp-json\/wp\/v2\/users\/7"}],"replies":[{"embeddable":true,"href":"https:\/\/sinasefesm.com\/index.php\/wp-json\/wp\/v2\/comments?post=7006"}],"version-history":[{"count":0,"href":"https:\/\/sinasefesm.com\/index.php\/wp-json\/wp\/v2\/posts\/7006\/revisions"}],"wp:featuredmedia":[{"embeddable":true,"href":"https:\/\/sinasefesm.com\/index.php\/wp-json\/wp\/v2\/media\/7007"}],"wp:attachment":[{"href":"https:\/\/sinasefesm.com\/index.php\/wp-json\/wp\/v2\/media?parent=7006"}],"wp:term":[{"taxonomy":"category","embeddable":true,"href":"https:\/\/sinasefesm.com\/index.php\/wp-json\/wp\/v2\/categories?post=7006"},{"taxonomy":"post_tag","embeddable":true,"href":"https:\/\/sinasefesm.com\/index.php\/wp-json\/wp\/v2\/tags?post=7006"}],"curies":[{"name":"wp","href":"https:\/\/api.w.org\/{rel}","templated":true}]}}