{"id":7013,"date":"2025-01-11T14:32:49","date_gmt":"2025-01-11T14:32:49","guid":{"rendered":"https:\/\/sinasefesm.com\/?p=7013"},"modified":"2025-01-11T14:32:49","modified_gmt":"2025-01-11T14:32:49","slug":"sinasefe-cobra-decreto-sobre-controle-de-frequencia","status":"publish","type":"post","link":"https:\/\/sinasefesm.com\/index.php\/2025\/01\/11\/sinasefe-cobra-decreto-sobre-controle-de-frequencia\/","title":{"rendered":"Sinasefe cobra decreto sobre controle de frequ\u00eancia"},"content":{"rendered":"\n<p>Na quinta-feira (09\/01), o Sinasefe Nacional protocolou o\u00a0<a href=\"https:\/\/sinasefe.org.br\/site\/download\/oficio-no-2-2025-solicitacao-de-publicacao-imediata-da-alteracao-do-decreto-no-1590-1995-no-diario-oficial-da-uniao\" target=\"_blank\" rel=\"noreferrer noopener\">Of\u00edcio n\u00ba 2\/2025<\/a>\u00a0junto ao Minist\u00e9rio da Casa Civil, solicitando a publica\u00e7\u00e3o imediata da altera\u00e7\u00e3o do\u00a0<a href=\"https:\/\/www.planalto.gov.br\/ccivil_03\/decreto\/D1590.htm\" target=\"_blank\" rel=\"noreferrer noopener\">Decreto n\u00ba 1590\/1995<\/a>, para que seja efetivada a dispensa do controle de frequ\u00eancia para os professores do Ensino B\u00e1sico, T\u00e9cnico e Tecnol\u00f3gico (EBTT).<\/p>\n\n\n\n<p>Essa dispensa faz parte do que ficou estabelecido na suspens\u00e3o da&nbsp;<a href=\"https:\/\/sinasefe.org.br\/site\/greve-2024\" target=\"_blank\" rel=\"noreferrer noopener\">greve 2024<\/a>, quando assinamos com o Governo Lula o&nbsp;<a href=\"https:\/\/sinasefe.org.br\/site\/download\/termo-de-acordo-no-10-greve-2024-reestruturacao-do-pccmf-ebtt\" target=\"_blank\" rel=\"noreferrer noopener\">Termo de Acordo n\u00ba 10\/2024<\/a>, que previa a implementa\u00e7\u00e3o imediata desta medida na cl\u00e1usula 3\u00aa, item \u201cc\u201d.<\/p>\n\n\n\n<p>Desde que o Termo de Acordo foi assinado,\u00a0<a href=\"https:\/\/sinasefe.org.br\/site\/sinasefe-assina-acordos-e-categoria-retoma-atividades-ate-03-07\" target=\"_blank\" rel=\"noreferrer noopener\">em 27 de junho<\/a>,\u00a0<a href=\"https:\/\/sinasefe.org.br\/site\/sinasefe-explica-situacao-do-decreto-1590-1995-e-das-alteracoes-publicadas-em-03-07\" target=\"_blank\" rel=\"noreferrer noopener\">o Sinasefe vem cobrando<\/a>\u00a0do Governo a altera\u00e7\u00e3o do Decreto 1590\/1995 e acompanhado o andamento do texto, que j\u00e1 passou duas vezes pelo Minist\u00e9rio da Educa\u00e7\u00e3o (MEC), outras duas vezes pelo Minist\u00e9rio da Gest\u00e3o e da Inova\u00e7\u00e3o em Servi\u00e7os P\u00fablicos (MGI) e\u00a0<a href=\"https:\/\/sinasefe.org.br\/site\/confira-o-informe-do-gt-atividade-docente-06-e-07-01\" target=\"_blank\" rel=\"noreferrer noopener\">n\u00e3o tem avan\u00e7ado da maneira que desejamos no Minist\u00e9rio da Casa Civil<\/a>.<\/p>\n\n\n\n<p>Buscando fazer o Governo cumprir o que foi assinado, enviamos o Of\u00edcio 2\/2025 cobrando celeridade e imediatidade na altera\u00e7\u00e3o do Decreto 1590\/1995, para que os docentes da carreira EBTT passem a usufruir da dispensa do controle de frequ\u00eancia o quando antes.<\/p>\n\n\n\n<p><em>Fonte e imagem: Sinasefe Nacional<\/em><\/p>\n","protected":false},"excerpt":{"rendered":"<p>Na quinta-feira (09\/01), o Sinasefe Nacional protocolou o\u00a0Of\u00edcio n\u00ba 2\/2025\u00a0junto ao Minist\u00e9rio da Casa Civil, solicitando a publica\u00e7\u00e3o imediata da altera\u00e7\u00e3o do\u00a0Decreto n\u00ba 1590\/1995, para que seja efetivada a dispensa do controle de frequ\u00eancia para os professores do Ensino B\u00e1sico, T\u00e9cnico e Tecnol\u00f3gico (EBTT). Essa dispensa faz parte do que ficou estabelecido na suspens\u00e3o da&nbsp;greve<\/p>\n","protected":false},"author":7,"featured_media":7014,"comment_status":"closed","ping_status":"closed","sticky":true,"template":"","format":"standard","meta":{"footnotes":""},"categories":[37,41,42,45],"tags":[],"class_list":{"0":"post-7013","1":"post","2":"type-post","3":"status-publish","4":"format-standard","5":"has-post-thumbnail","7":"category-destaque","8":"category-movimento","9":"category-noticia","10":"category-sindicato"},"_links":{"self":[{"href":"https:\/\/sinasefesm.com\/index.php\/wp-json\/wp\/v2\/posts\/7013","targetHints":{"allow":["GET"]}}],"collection":[{"href":"https:\/\/sinasefesm.com\/index.php\/wp-json\/wp\/v2\/posts"}],"about":[{"href":"https:\/\/sinasefesm.com\/index.php\/wp-json\/wp\/v2\/types\/post"}],"author":[{"embeddable":true,"href":"https:\/\/sinasefesm.com\/index.php\/wp-json\/wp\/v2\/users\/7"}],"replies":[{"embeddable":true,"href":"https:\/\/sinasefesm.com\/index.php\/wp-json\/wp\/v2\/comments?post=7013"}],"version-history":[{"count":0,"href":"https:\/\/sinasefesm.com\/index.php\/wp-json\/wp\/v2\/posts\/7013\/revisions"}],"wp:featuredmedia":[{"embeddable":true,"href":"https:\/\/sinasefesm.com\/index.php\/wp-json\/wp\/v2\/media\/7014"}],"wp:attachment":[{"href":"https:\/\/sinasefesm.com\/index.php\/wp-json\/wp\/v2\/media?parent=7013"}],"wp:term":[{"taxonomy":"category","embeddable":true,"href":"https:\/\/sinasefesm.com\/index.php\/wp-json\/wp\/v2\/categories?post=7013"},{"taxonomy":"post_tag","embeddable":true,"href":"https:\/\/sinasefesm.com\/index.php\/wp-json\/wp\/v2\/tags?post=7013"}],"curies":[{"name":"wp","href":"https:\/\/api.w.org\/{rel}","templated":true}]}}