{"id":7036,"date":"2025-02-06T13:19:59","date_gmt":"2025-02-06T13:19:59","guid":{"rendered":"https:\/\/sinasefesm.com\/?p=7036"},"modified":"2025-02-06T13:19:59","modified_gmt":"2025-02-06T13:19:59","slug":"sinasefe-participou-de-mobilizacao-no-senado-pela-loa-2025","status":"publish","type":"post","link":"https:\/\/sinasefesm.com\/index.php\/2025\/02\/06\/sinasefe-participou-de-mobilizacao-no-senado-pela-loa-2025\/","title":{"rendered":"Sinasefe participou de mobiliza\u00e7\u00e3o no Senado pela LOA 2025"},"content":{"rendered":"\n<p>O Sinasefe participou na ter\u00e7a-feira (04\/02), de um ato p\u00fablico exigindo a aprova\u00e7\u00e3o urgente da Lei Or\u00e7ament\u00e1ria Anual (LOA) de 2025. A atividade, convocada pelo F\u00f3rum das Entidades Nacionais de Servidores Federais (<a href=\"https:\/\/fonasefe.org\/\" target=\"_blank\" rel=\"noreferrer noopener\">Fonasefe<\/a>) e pelo\u00a0<a href=\"https:\/\/sindsep-df.com.br\/\" target=\"_blank\" rel=\"noreferrer noopener\">Sindsep-DF<\/a>, aconteceu nas proximidades do Anexo 2 do Senado Federal, em Bras\u00edlia-DF. Al\u00e9m da manifesta\u00e7\u00e3o, foram realizadas conversas com os senadores Randolfe Rodrigues (PT-AP) e Angelo Coronel (PSD-BA), refor\u00e7ando a import\u00e2ncia da celeridade na an\u00e1lise e aprova\u00e7\u00e3o da LOA 2025.<\/p>\n\n\n\n<p>O sindicato nacional destacou,&nbsp;<a href=\"https:\/\/www.instagram.com\/p\/DFpzCkUgswK\/\" target=\"_blank\" rel=\"noreferrer noopener\">durante sua interven\u00e7\u00e3o no ato p\u00fablico<\/a>, que n\u00e3o aceitar\u00e1 a movimenta\u00e7\u00e3o chantagista no Congresso Nacional que provoca excessiva demora na aprova\u00e7\u00e3o do Or\u00e7amento, que deveria ter sido aprovado ainda em 2024. \u201c<em>Estamos em fevereiro, ainda sem a LOA aprovada por este Congresso, que faz chantagem como governo e com o Supremo Tribunal Federal (STF). Essa demora atinge a categoria que fez greve e n\u00e3o obteve os seus ganhos firmados em acordos<\/em>\u201c, ressaltou Elton John (2\u00ba tesoureiro do SINASEFE).<\/p>\n\n\n\n<p>Al\u00e9m de realizar o ato p\u00fablico, uma representa\u00e7\u00e3o de integrantes do Fonasefe esteve conversando com os senadores Randolfe Rodrigues (PT-AP) e \u00c2ngelo Coronel (PSD-BA). Randolfe explicou detalhes regimentais sobre a tramita\u00e7\u00e3o da LOA e afirmou que est\u00e1 trabalhando para agilizar a aprova\u00e7\u00e3o.&nbsp;<em>\u201cHoje, acho que a aprova\u00e7\u00e3o deve acontecer entre 10 e 20 de mar\u00e7o, estamos trabalhando para adiantar, nosso esfor\u00e7o \u00e9 para votar o quanto antes, mas dependemos de todo o tr\u00e2mite de reinstala\u00e7\u00e3o de comiss\u00f5es e constitui\u00e7\u00e3o de blocos parlamentares\u201d<\/em>, destacou Randolfe.<\/p>\n\n\n\n<p>J\u00e1 o senador \u00c2ngelo Coronel (foto abaixo), que \u00e9 o relator da LOA 2025 na Comiss\u00e3o Mista de Or\u00e7amento (CMO), apontou as inconsist\u00eancias na pe\u00e7a or\u00e7ament\u00e1ria estariam gerando lentid\u00e3o na aprecia\u00e7\u00e3o do Or\u00e7amento. O senador se posicionou\u00a0<a href=\"https:\/\/youtu.be\/WzhbAR5VcXU\" target=\"_blank\" rel=\"noreferrer noopener\">publicamente citando pend\u00eancias e apontando a data de 10 de mar\u00e7o para a aprova\u00e7\u00e3o<\/a>. As entidades sindicais n\u00e3o foram autorizadas a fazer o registro audiovisual da breve reuni\u00e3o realizada com o relator.<\/p>\n\n\n\n<figure class=\"wp-block-image size-full is-resized\"><img decoding=\"async\" src=\"https:\/\/sinasefesm.com\/wp-content\/uploads\/2025\/02\/LOA-25-senador-angelo-coronel.jpeg\" alt=\"\" class=\"wp-image-7038\" style=\"width:802px;height:auto\"\/><\/figure>\n\n\n\n<h2 class=\"wp-block-heading\">Mobiliza\u00e7\u00e3o<\/h2>\n\n\n\n<p>O Sinasefe ressalta a import\u00e2ncia da aprova\u00e7\u00e3o urgente da LOA 2025, n\u00e3o somente para garantir a efetiva\u00e7\u00e3o da reestrutura\u00e7\u00e3o de carreira de docentes e t\u00e9cnico-administrativos(as), mas ara assegurar o bom funcionamento das institui\u00e7\u00f5es federais.\u00a0<em>\u201c\u00c9 importante que a gente continue pressionando para que a LOA seja aprovada o quanto antes, seguiremos pressionando o relator, senador \u00c2ngelo Coronel, al\u00e9m de dialogar com a base governista e com a Casa Civil para tentar adiantar esse processo\u201d<\/em>\u00a0comenta Leewertton Marreiro (integrante da CNS-SINASEFE).<\/p>\n\n\n\n<p>O sindicato nacional destaca que a mobiliza\u00e7\u00e3o efetiva nos locais de trabalho, e em Bras\u00edlia, \u00e9 fundamental para avan\u00e7ar nesta demanda. \u201c<em>\u00c9 s\u00f3 com muita for\u00e7a da nossa categoria que conseguiremos ter avan\u00e7os concretos. Teremos na semana que vem a\u00a0<a href=\"https:\/\/sinasefe.org.br\/site\/200a-plenaria-nacional-14-a-16-de-fevereiro-convocatoria-retificada\/\" target=\"_blank\" rel=\"noreferrer noopener\">Plen\u00e1ria Nacional do SINASEFE<\/a>, que ser\u00e1 um momento importante para analisar a\u00a0<a href=\"https:\/\/sinasefe.org.br\/site\/vitoria-da-greve-medida-provisoria-do-reajuste-foi-publicada\/\" target=\"_blank\" rel=\"noreferrer noopener\">MPV 1286\/2024<\/a>\u00a0e discutir nosso plano de lutas para este ano\u201d<\/em>, finaliza Elton John (2\u00ba tesoureiro do SINASEFE).<\/p>\n\n\n\n<p><em>Fonte e imagem: Sinasefe Nacional<br>Edi\u00e7\u00e3o: Fritz Rivail<\/em><\/p>\n","protected":false},"excerpt":{"rendered":"<p>O Sinasefe participou na ter\u00e7a-feira (04\/02), de um ato p\u00fablico exigindo a aprova\u00e7\u00e3o urgente da Lei Or\u00e7ament\u00e1ria Anual (LOA) de 2025. A atividade, convocada pelo F\u00f3rum das Entidades Nacionais de Servidores Federais (Fonasefe) e pelo\u00a0Sindsep-DF, aconteceu nas proximidades do Anexo 2 do Senado Federal, em Bras\u00edlia-DF. Al\u00e9m da manifesta\u00e7\u00e3o, foram realizadas conversas com os senadores<\/p>\n","protected":false},"author":7,"featured_media":7037,"comment_status":"closed","ping_status":"closed","sticky":true,"template":"","format":"standard","meta":{"footnotes":""},"categories":[37,42,45],"tags":[201,213],"class_list":{"0":"post-7036","1":"post","2":"type-post","3":"status-publish","4":"format-standard","5":"has-post-thumbnail","7":"category-destaque","8":"category-noticia","9":"category-sindicato","10":"tag-reajuste-salarial","11":"tag-servico-publico"},"_links":{"self":[{"href":"https:\/\/sinasefesm.com\/index.php\/wp-json\/wp\/v2\/posts\/7036","targetHints":{"allow":["GET"]}}],"collection":[{"href":"https:\/\/sinasefesm.com\/index.php\/wp-json\/wp\/v2\/posts"}],"about":[{"href":"https:\/\/sinasefesm.com\/index.php\/wp-json\/wp\/v2\/types\/post"}],"author":[{"embeddable":true,"href":"https:\/\/sinasefesm.com\/index.php\/wp-json\/wp\/v2\/users\/7"}],"replies":[{"embeddable":true,"href":"https:\/\/sinasefesm.com\/index.php\/wp-json\/wp\/v2\/comments?post=7036"}],"version-history":[{"count":0,"href":"https:\/\/sinasefesm.com\/index.php\/wp-json\/wp\/v2\/posts\/7036\/revisions"}],"wp:featuredmedia":[{"embeddable":true,"href":"https:\/\/sinasefesm.com\/index.php\/wp-json\/wp\/v2\/media\/7037"}],"wp:attachment":[{"href":"https:\/\/sinasefesm.com\/index.php\/wp-json\/wp\/v2\/media?parent=7036"}],"wp:term":[{"taxonomy":"category","embeddable":true,"href":"https:\/\/sinasefesm.com\/index.php\/wp-json\/wp\/v2\/categories?post=7036"},{"taxonomy":"post_tag","embeddable":true,"href":"https:\/\/sinasefesm.com\/index.php\/wp-json\/wp\/v2\/tags?post=7036"}],"curies":[{"name":"wp","href":"https:\/\/api.w.org\/{rel}","templated":true}]}}