{"id":7056,"date":"2023-11-15T19:10:20","date_gmt":"2023-11-15T19:10:20","guid":{"rendered":"https:\/\/sinasefesm.com\/?p=6331"},"modified":"2023-11-15T19:10:20","modified_gmt":"2023-11-15T19:10:20","slug":"sinasefe-santa-maria-estara-presente-do-35o-consinasefe","status":"publish","type":"post","link":"https:\/\/sinasefesm.com\/index.php\/2023\/11\/15\/sinasefe-santa-maria-estara-presente-do-35o-consinasefe\/","title":{"rendered":"Sinasefe Santa Maria estar\u00e1 presente do 35\u00ba Consinasefe"},"content":{"rendered":"\n<p><\/p>\n\n\n\n<p>Entre os dias 15 e 19 de novembro, o Sinasefe Nacional promover\u00e1, em Bras\u00edlia-DF, no San Marco Hotel, a 35\u00aa edi\u00e7\u00e3o do Consinasefe, evento voltado ao fortalecimento dos funcion\u00e1rios p\u00fablicos da educa\u00e7\u00e3o enquanto classe trabalhadora. Em nome da se\u00e7\u00e3o sindical santa-mariense, os Coordenadores Gerais, Jos\u00e9 Ab\u00edlio de Freitas e Hazael de Almeida, participar\u00e3o das atividades programadas.&nbsp;<\/p>\n\n\n\n<p>A Dire\u00e7\u00e3o Nacional informa que o f\u00f3rum ser\u00e1 estatuinte, portanto ser\u00e3o propostas e votadas mudan\u00e7as e atualiza\u00e7\u00f5es ao <a href=\"https:\/\/sinasefe.org.br\/site\/sinasefe\/estatuto-e-regimento\/\">estatuto <\/a>do sindicato. Al\u00e9m disso, haver\u00e1 mesas para dialogar sobre LGBTfobia, pol\u00edticas educacionais e culturais, carreira, dentre outras pautas. Para auxiliar nos debates que devem ocorrer ao longo do 35\u00ba Consinasefe, foram divulgados os cadernos de documentos e de teses atualizados. Confira e baixe-os:&nbsp;<\/p>\n\n\n\n<div data-wp-interactive=\"core\/file\" class=\"wp-block-file\"><object data-wp-bind--hidden=\"!state.hasPdfPreview\" hidden class=\"wp-block-file__embed\" data=\"https:\/\/sinasefesm.com\/wp-content\/uploads\/2023\/11\/35CONSINASEFE_CADERNO_documentos.pdf\" type=\"application\/pdf\" style=\"width:100%;height:600px\" aria-label=\"Incorporado de Cadernodocumentos.\"><\/object><a id=\"wp-block-file--media-5bbaeeb0-35b3-434f-8ce6-5840b05553af\" href=\"https:\/\/sinasefesm.com\/wp-content\/uploads\/2023\/11\/35CONSINASEFE_CADERNO_documentos.pdf\">Cadernodocumentos<\/a><a href=\"https:\/\/sinasefesm.com\/wp-content\/uploads\/2023\/11\/35CONSINASEFE_CADERNO_documentos.pdf\" class=\"wp-block-file__button wp-element-button\" download aria-describedby=\"wp-block-file--media-5bbaeeb0-35b3-434f-8ce6-5840b05553af\">Baixar<\/a><\/div>\n\n\n\n<div data-wp-interactive=\"core\/file\" class=\"wp-block-file\"><object data-wp-bind--hidden=\"!state.hasPdfPreview\" hidden class=\"wp-block-file__embed\" data=\"https:\/\/sinasefesm.com\/wp-content\/uploads\/2023\/11\/20231108CadernoTeses35CONSINASEFEAtualizado.pdf\" type=\"application\/pdf\" style=\"width:100%;height:600px\" aria-label=\"Incorporado de CadernoTeses.\"><\/object><a id=\"wp-block-file--media-a8354344-e370-463c-8a9c-e3fe8c1bd223\" href=\"https:\/\/sinasefesm.com\/wp-content\/uploads\/2023\/11\/20231108CadernoTeses35CONSINASEFEAtualizado.pdf\">CadernoTeses<\/a><a href=\"https:\/\/sinasefesm.com\/wp-content\/uploads\/2023\/11\/20231108CadernoTeses35CONSINASEFEAtualizado.pdf\" class=\"wp-block-file__button wp-element-button\" download aria-describedby=\"wp-block-file--media-a8354344-e370-463c-8a9c-e3fe8c1bd223\">Baixar<\/a><\/div>\n\n\n\n<p>Confira a programa\u00e7\u00e3o completa abaixo:&nbsp;<\/p>\n\n\n\n<p class=\"has-medium-font-size\"><strong>15\/11 (quarta-feira)<\/strong><\/p>\n\n\n\n<p>08h \u2013 17h Credenciamento<\/p>\n\n\n\n<p>09h \u2013 10h Abertura<\/p>\n\n\n\n<p>10h \u2013 11h30 Aprova\u00e7\u00e3o do Regimento Interno<\/p>\n\n\n\n<p>11h30 \u2013 13h00 Almo\u00e7o<\/p>\n\n\n\n<p>13h \u2013 17h Mesa 1: O avan\u00e7o do conservadorismo sobre nossas exist\u00eancias: a LGBTfobia dentro dos espa\u00e7os de constru\u00e7\u00e3o da pol\u00edtica sindical<\/p>\n\n\n\n<p>17h \u2013 17h30 Intervalo<\/p>\n\n\n\n<p>17h30 \u2013 20h Mesa 2: Conjuntura<\/p>\n\n\n\n<p class=\"has-medium-font-size\"><strong>16\/11 (quinta-feira)&nbsp;<\/strong><\/p>\n\n\n\n<p>08h \u2013 9h&nbsp; Apresenta\u00e7\u00e3o da discuss\u00e3o do Documento Base \u201cContribui\u00e7\u00f5es do SINASEFE na constru\u00e7\u00e3o de Pol\u00edticas P\u00fablicas para a Educa\u00e7\u00e3o Profissional e Tecnol\u00f3gica Brasileira: 15 anos da Rede Federal de Educa\u00e7\u00e3o Profissional, Cient\u00edfica e Tecnol\u00f3gica\u201d<\/p>\n\n\n\n<p>09h &#8211; 12h Mesa 3: Pesquisa e P\u00f3s-gradua\u00e7\u00e3o para al\u00e9m da Inova\u00e7\u00e3o<\/p>\n\n\n\n<p>12h \u2013 14h Almo\u00e7o<\/p>\n\n\n\n<p>14h \u2013 17h Pol\u00edticas Educacionais e Culturais \u2013 Discuss\u00e3o do Documento Base<\/p>\n\n\n\n<p>17h \u2013 17h30 Intervalo<\/p>\n\n\n\n<p>17h30 \u2013 20h Pol\u00edticas Educacionais e Culturais \u2013 Discuss\u00e3o do Documento Base<\/p>\n\n\n\n<p class=\"has-medium-font-size\"><strong>17\/11 (sexta-feira)<\/strong><\/p>\n\n\n\n<p>08h \u2013 12h Pol\u00edticas Educacionais e Culturais \u2013 Discuss\u00e3o do Documento Base<\/p>\n\n\n\n<p>12h \u2013 14h Almo\u00e7o<\/p>\n\n\n\n<p>14h \u2013 17h Pol\u00edticas Educacionais e Culturais \u2013 Discuss\u00e3o do Documento Base<\/p>\n\n\n\n<p>17h \u2013 17h30 Intervalo<\/p>\n\n\n\n<p>17h30 \u2013 19h30 Mesa 4: Cultura como dimens\u00e3o da vida humana<\/p>\n\n\n\n<p>19h30 &#8211; 22h Pol\u00edticas Educacionais e Culturais \u2013 Encaminhamentos<\/p>\n\n\n\n<p class=\"has-medium-font-size\"><strong>18\/11 (s\u00e1bado)<\/strong><\/p>\n\n\n\n<p>8h \u2013 12h Teses Estatuintes \u2013 Apresenta\u00e7\u00e3o<\/p>\n\n\n\n<p>12h \u2013 14h Almo\u00e7o<\/p>\n\n\n\n<p>14h \u2013 17h Teses Estatuintes \u2013 Grupos de Trabalho<\/p>\n\n\n\n<p>17h \u2013 17h30 Intervalo<\/p>\n\n\n\n<p>17h30 \u2013 20h Teses Estatuintes \u2013 Vota\u00e7\u00f5es<\/p>\n\n\n\n<p class=\"has-medium-font-size\"><strong>19\/11(domingo)<\/strong><\/p>\n\n\n\n<p>08h \u2013 09h30 Teses Estatuintes \u2013 Vota\u00e7\u00f5es<\/p>\n\n\n\n<p>09h30 \u2013 12h30 Mesa 5: Carreiras (SINASEFE, Andes-SN e Fasubra)<\/p>\n\n\n\n<p>12h30 \u2013 14h00 Almo\u00e7o<\/p>\n\n\n\n<p>14h \u2013 17h Plano de Lutas<\/p>\n\n\n\n<p>Em caso de d\u00favidas, entre em contato com a organiza\u00e7\u00e3o do evento, por meio do e-mail <a href=\"mailto:35consinasefe@sinasefe.org.br\">35consinasefe@sinasefe.org.br<\/a>.&nbsp;<\/p>\n\n\n\n<hr class=\"wp-block-separator has-alpha-channel-opacity\"\/>\n\n\n\n<p><strong><em>Texto: Laurent Keller<\/em><\/strong><\/p>\n\n\n\n<p><strong><em>Imagem: Sinasefe Nacional<\/em><\/strong><\/p>\n\n\n\n<p><strong><em>Revis\u00e3o: Miriane Fonseca<\/em><\/strong><\/p>\n","protected":false},"excerpt":{"rendered":"<p>Entre os dias 15 e 19 de novembro, o Sinasefe Nacional promover\u00e1, em Bras\u00edlia-DF, no San Marco Hotel, a 35\u00aa edi\u00e7\u00e3o do Consinasefe, evento voltado ao fortalecimento dos funcion\u00e1rios p\u00fablicos da educa\u00e7\u00e3o enquanto classe trabalhadora. Em nome da se\u00e7\u00e3o sindical santa-mariense, os Coordenadores Gerais, Jos\u00e9 Ab\u00edlio de Freitas e Hazael de Almeida, participar\u00e3o das atividades<\/p>\n","protected":false},"author":5,"featured_media":6334,"comment_status":"closed","ping_status":"closed","sticky":false,"template":"","format":"standard","meta":{"footnotes":""},"categories":[37,39,42],"tags":[239],"class_list":{"0":"post-7056","1":"post","2":"type-post","3":"status-publish","4":"format-standard","5":"has-post-thumbnail","7":"category-destaque","8":"category-eventos","9":"category-noticia","10":"tag-35-consinasefe"},"_links":{"self":[{"href":"https:\/\/sinasefesm.com\/index.php\/wp-json\/wp\/v2\/posts\/7056","targetHints":{"allow":["GET"]}}],"collection":[{"href":"https:\/\/sinasefesm.com\/index.php\/wp-json\/wp\/v2\/posts"}],"about":[{"href":"https:\/\/sinasefesm.com\/index.php\/wp-json\/wp\/v2\/types\/post"}],"author":[{"embeddable":true,"href":"https:\/\/sinasefesm.com\/index.php\/wp-json\/wp\/v2\/users\/5"}],"replies":[{"embeddable":true,"href":"https:\/\/sinasefesm.com\/index.php\/wp-json\/wp\/v2\/comments?post=7056"}],"version-history":[{"count":0,"href":"https:\/\/sinasefesm.com\/index.php\/wp-json\/wp\/v2\/posts\/7056\/revisions"}],"wp:featuredmedia":[{"embeddable":true,"href":"https:\/\/sinasefesm.com\/index.php\/wp-json\/wp\/v2\/media\/6334"}],"wp:attachment":[{"href":"https:\/\/sinasefesm.com\/index.php\/wp-json\/wp\/v2\/media?parent=7056"}],"wp:term":[{"taxonomy":"category","embeddable":true,"href":"https:\/\/sinasefesm.com\/index.php\/wp-json\/wp\/v2\/categories?post=7056"},{"taxonomy":"post_tag","embeddable":true,"href":"https:\/\/sinasefesm.com\/index.php\/wp-json\/wp\/v2\/tags?post=7056"}],"curies":[{"name":"wp","href":"https:\/\/api.w.org\/{rel}","templated":true}]}}