{"id":7059,"date":"2023-11-24T11:47:38","date_gmt":"2023-11-24T11:47:38","guid":{"rendered":"https:\/\/sinasefesm.com\/?p=6342"},"modified":"2023-11-24T11:47:38","modified_gmt":"2023-11-24T11:47:38","slug":"35o-consinasefe-define-proximas-mobilizacoes-do-sinasefe","status":"publish","type":"post","link":"https:\/\/sinasefesm.com\/index.php\/2023\/11\/24\/35o-consinasefe-define-proximas-mobilizacoes-do-sinasefe\/","title":{"rendered":"35\u00ba Consinasefe define pr\u00f3ximas mobiliza\u00e7\u00f5es do Sinasefe"},"content":{"rendered":"\n<p>Entre os dias 15 e 19 de novembro, os Coordenadores Gerais do Sinasefe Santa Maria, Jos\u00e9 Ab\u00edlio de Freitas e Hazael de Almeida, participaram da 35\u00aa edi\u00e7\u00e3o do Consinasefe, que ocorreu em Bras\u00edlia-DF e contou com a presen\u00e7a de 55 se\u00e7\u00f5es sindicais, totalizando mais de 400 sindicalizados. Ao longo desses quatro dias, houveram mesas voltadas a discutir sobre o preconceito contra a popula\u00e7\u00e3o LGBTQIAPN+ no cen\u00e1rio pol\u00edtico sindical, a pesquisa e a p\u00f3s-gradua\u00e7\u00e3o para al\u00e9m do di\u00e1logo relacionado \u00e0 inova\u00e7\u00e3o, os pr\u00f3ximos passos a serem tomados na luta sindical, dentre outras pautas.<\/p>\n\n\n\n<p>Como encaminhamento, foram definidas novas medidas de mobiliza\u00e7\u00e3o para os pr\u00f3ximos meses:&nbsp;<\/p>\n\n\n\n<ul class=\"wp-block-list\">\n<li>28 de novembro, intitulado Dia Nacional de Luta em Defesa da Recomposi\u00e7\u00e3o Salarial. O Sinasefe Nacional promover\u00e1 uma <em>live <\/em>de avalia\u00e7\u00e3o, \u00e0s 18 horas, e nas se\u00e7\u00f5es devem acontecer manifesta\u00e7\u00f5es regionais, panfletagem e assembleias;<\/li>\n\n\n\n<li>Debates pretendem discutir em torno da constru\u00e7\u00e3o de uma grande marcha dos servidores federais a Bras\u00edlia-DF, para mar\u00e7o ou abril de 2024.<\/li>\n\n\n\n<li>Plen\u00e1ria Nacional dos Servidores P\u00fablicos Federais (SPF), em formato presencial (ainda sem data definida).<\/li>\n<\/ul>\n\n\n\n<p>Para al\u00e9m desses atos, as entidades do Fonasefe devem come\u00e7ar a dialogar com suas bases sobre a possibilidade de realiza\u00e7\u00e3o de uma greve. Contudo, segundo o Coordenador Geral, Ab\u00edlio de Freitas, o indicativo de greve sair\u00e1 apenas para 2024, por isso, uma Plen\u00e1ria voltada \u00e0 organiza\u00e7\u00e3o dessa agenda de mobiliza\u00e7\u00f5es para o pr\u00f3ximo ano ser\u00e1 feita at\u00e9, no m\u00e1ximo, fevereiro de 2024.<\/p>\n\n\n\n<p>Tamb\u00e9m foram aprovadas nas vota\u00e7\u00f5es do Consinasefe altera\u00e7\u00f5es no funcionamento do sindicato, que, agora, passa a ser obrigado a apresentar paridade de g\u00eanero nas delega\u00e7\u00f5es de Plen\u00e1rias, e paridade entre T\u00e9cnico-Administrativos em Educa\u00e7\u00e3o (TAEs) e docentes na composi\u00e7\u00e3o da coordena\u00e7\u00e3o geral e da coordena\u00e7\u00e3o de administra\u00e7\u00e3o e finan\u00e7as da Dire\u00e7\u00e3o Nacional (DN). Outro ponto importante definido por meio de debates diz respeito \u00e0 cria\u00e7\u00e3o de uma comiss\u00e3o dos col\u00e9gios militares. Ainda h\u00e1 poucas informa\u00e7\u00f5es sobre o assunto, mas, assim que mais detalhes forem publicados, eles ser\u00e3o disponibilizados aqui.<\/p>\n\n\n\n<p>A fim de abrir espa\u00e7o para trabalhar demandas relacionadas a minorias sociais, foi determinado que a DN criar\u00e1 duas novas coordena\u00e7\u00f5es: coordena\u00e7\u00e3o de pol\u00edticas \u00e9tnico-raciais antirracistas e coordena\u00e7\u00e3o LGBTQIAPN+.<\/p>\n\n\n\n<figure class=\"wp-block-gallery has-nested-images columns-default is-cropped wp-block-gallery-1 is-layout-flex wp-block-gallery-is-layout-flex\">\n<figure class=\"wp-block-image size-large\"><img decoding=\"async\" data-id=\"6349\" src=\"https:\/\/sinasefesm.com\/wp-content\/uploads\/2023\/11\/WhatsApp-Image-2023-11-16-at-21.08.59.jpeg\" alt=\"\" class=\"wp-image-6349\"\/><\/figure>\n\n\n\n<figure class=\"wp-block-image size-large\"><img decoding=\"async\" data-id=\"6347\" src=\"https:\/\/sinasefesm.com\/wp-content\/uploads\/2023\/11\/WhatsApp-Image-2023-11-19-at-10.07.50.jpeg\" alt=\"\" class=\"wp-image-6347\"\/><\/figure>\n<\/figure>\n\n\n\n<p class=\"has-medium-font-size\"><strong>Luta LGBTQIAPN+ no espa\u00e7o sindical<\/strong><\/p>\n\n\n\n<p>E, justamente para ampliar o di\u00e1logo acerca desta pauta, que o evento promoveu, no <a href=\"https:\/\/sinasefe.org.br\/consinasefe\/2023\/11\/15\/35o-consinasefe-1o-dia-teve-como-destaques-celebracao-pelos-35-anos-e-mesas-lgbtqiapn-e-de-conjuntura\/\">primeiro dia de atividades<\/a>, uma mesa sobre o preconceito sofrido por pessoas LGBTQIAPN+ no contexto pol\u00edtico sindical, contando com a media\u00e7\u00e3o do Secret\u00e1rio-Adjunto de Combate \u00e0s Opress\u00f5es, Jos\u00e9 Ramos, que deu in\u00edcio ao debate com a leitura do <a href=\"https:\/\/sinasefe.org.br\/site\/nao-somos-invisiveis-manifesto-pela-criacao-do-gt-lgbtia\/\">manifesto <em>N\u00e3o Somos Invis\u00edveis<\/em><\/a>, lan\u00e7ado pelo sindicato em 28\/08. Junto a Ramos, compuseram a mesa como palestrantes o docente do IFRJ, Roberta Ribeiro, o docente do CMPA, Gabriel Rodrigues, e o docente do IFCE, Jennifer Karolinny.&nbsp;<\/p>\n\n\n\n<p>Para Jos\u00e9 Ab\u00edlio de Freitas, a iniciativa de tratar desse assunto foi muito importante e constru\u00edda de forma produtiva, com falas relacionadas \u00e0 necessidade dessa popula\u00e7\u00e3o ocupar espa\u00e7os de luta sindical, mostrando que pessoas LGBTQIAPN+ n\u00e3o s\u00e3o invis\u00edveis e precisam ser inclu\u00eddas nas discuss\u00f5es pol\u00edticas. Afinal, suas viv\u00eancias s\u00e3o pol\u00edticas, uma vez que, conforme exp\u00f4s Gabriel Rodrigues, em 2022, foram assassinados 228 indiv\u00edduos pertencentes \u00e0 comunidade, o que, para ele, est\u00e1 diretamente ligado ao avan\u00e7o da direita no Brasil.<em> \u201cTemos o direito de amar quem quisermos e n\u00e3o podemos ser v\u00edtimas de \u00f3dio por isso; n\u00e3o pode haver LGBTQIAPN+fobia nem na sociedade, nem nos locais de trabalho e nem na nossa milit\u00e2ncia, e essa precisa ser a luta do sindicato\u201d<\/em>, refor\u00e7ou.<\/p>\n\n\n\n<p class=\"has-medium-font-size\"><strong>Protestos durante reuni\u00e3o da MNNP<\/strong><\/p>\n\n\n\n<p>No dia 16, tamb\u00e9m na capital brasileira, houve mais uma reuni\u00e3o da Mesa Nacional de Negocia\u00e7\u00e3o Permanente (MNNP) com o governo federal sobre as reivindica\u00e7\u00f5es da Campanha Salarial 2024 (mais informa\u00e7\u00f5es <a href=\"https:\/\/sinasefesm.com\/campanha-salarial-2024-e-pauta-central-da-183a-plenaria-nacional-do-sinasefe\/\">aqui<\/a>). Contudo, assim como nos encontros anteriores, realizados nos dias 10 e 28 de agosto, a gest\u00e3o Lula n\u00e3o apresentou nenhum \u00edndice para a recomposi\u00e7\u00e3o salarial. Devido a esse desrespeito com os funcion\u00e1rios p\u00fablicos, que se prolonga h\u00e1 meses, dentro da programa\u00e7\u00e3o do 35\u00ba Consinasefe foi organizado o ato <em>Chega de Bl\u00e1-Bl\u00e1-Bl\u00e1, Queremos Respostas J\u00e1<\/em>, feito em frente ao local da reuni\u00e3o, como demonstram as imagens abaixo.<\/p>\n\n\n\n<figure class=\"wp-block-gallery has-nested-images columns-default is-cropped wp-block-gallery-2 is-layout-flex wp-block-gallery-is-layout-flex\">\n<figure class=\"wp-block-image size-large\"><img decoding=\"async\" data-id=\"6345\" src=\"https:\/\/sinasefesm.com\/wp-content\/uploads\/2023\/11\/IMG_0281.jpeg\" alt=\"\" class=\"wp-image-6345\"\/><\/figure>\n\n\n\n<figure class=\"wp-block-image size-large\"><img decoding=\"async\" data-id=\"6343\" src=\"https:\/\/sinasefesm.com\/wp-content\/uploads\/2023\/11\/WhatsApp-Image-2023-11-16-at-15.57.54.jpeg\" alt=\"\" class=\"wp-image-6343\"\/><\/figure>\n\n\n\n<figure class=\"wp-block-image size-large\"><img decoding=\"async\" data-id=\"6344\" src=\"https:\/\/sinasefesm.com\/wp-content\/uploads\/2023\/11\/dia21.jpg\" alt=\"\" class=\"wp-image-6344\"\/><\/figure>\n<\/figure>\n\n\n\n<p>Apesar de desgastante, segundo relato do Coordenador Hazael de Almeida, a manifesta\u00e7\u00e3o resultou no firmamento de um compromisso de apresenta\u00e7\u00e3o de um \u00edndice em nova reuni\u00e3o, que acontecer\u00e1 em 15 de dezembro. Confira mais informa\u00e7\u00f5es no v\u00eddeo abaixo:&nbsp;<\/p>\n\n\n\n<figure class=\"wp-block-embed is-type-video is-provider-youtube wp-block-embed-youtube wp-embed-aspect-16-9 wp-has-aspect-ratio\"><div class=\"wp-block-embed__wrapper\">\n<iframe title=\"MNNP: Governo n\u00e3o apresenta proposta mais uma vez\" width=\"768\" height=\"432\" src=\"https:\/\/www.youtube.com\/embed\/8rAjUsGRbZg?feature=oembed\" frameborder=\"0\" allow=\"accelerometer; autoplay; clipboard-write; encrypted-media; gyroscope; picture-in-picture; web-share\" referrerpolicy=\"strict-origin-when-cross-origin\" allowfullscreen><\/iframe>\n<\/div><\/figure>\n\n\n\n<p class=\"has-medium-font-size\"><strong>Pesquisa e p\u00f3s-gradua\u00e7\u00e3o para al\u00e9m da inova\u00e7\u00e3o<\/strong><\/p>\n\n\n\n<p>Este foi o t\u00edtulo da terceira mesa ocorrida no Consinasefe, que contou com a presen\u00e7a dos palestrantes Henrique Novaes (Unesp) e Amanda da Silva (CAP-UFRJ), que questionaram, principalmente, como a universidade p\u00fablica pode atender ao povo depois de permitir seu acesso a ela. Destacou-se tamb\u00e9m a import\u00e2ncia de explorar a pesquisa universit\u00e1ria com fins de solucionar os problemas brasileiros, uma vez que 90% da pesquisa do pa\u00eds \u00e9 produzida dentro de institui\u00e7\u00f5es federais de ensino, segundo conta Amanda.&nbsp;<\/p>\n\n\n\n<p>Para um dos Diretores do Sinasefe Santa Maria, Hazael de Almeida, esta foi uma das melhores mesas do evento, realizada por meio de uma contextualiza\u00e7\u00e3o hist\u00f3rica que analisou os impactos desse contexto na formula\u00e7\u00e3o da pesquisa brasileira hoje em dia. Mais detalhes sobre essa mesa <a href=\"https:\/\/sinasefe.org.br\/consinasefe\/2023\/11\/16\/manifestacao-por-reajuste-salarial-e-debate-de-politicas-educacionais-marcam-segundo-dia-do-35o-consinasefe\/\">aqui<\/a>.<\/p>\n\n\n\n<p class=\"has-medium-font-size\"><strong>D<\/strong><strong>ocumento base ser\u00e1 oficializado<\/strong><\/p>\n\n\n\n<p>Durante o evento, as se\u00e7\u00f5es sindicais conclu\u00edram a vota\u00e7\u00e3o dos destaques do documento base <em>Contribui\u00e7\u00f5es do SINASEFE na constru\u00e7\u00e3o de Pol\u00edticas P\u00fablicas para a Educa\u00e7\u00e3o Profissional e Tecnol\u00f3gica Brasileira: 15 anos da Rede Federal de Educa\u00e7\u00e3o Profissional, Cient\u00edfica e Tecnol\u00f3gica,<\/em> apresentado pelo Grupo de Trabalho (GT) de Pol\u00edticas Educacionais e Culturais no in\u00edcio de setembro. Agora, o texto passar\u00e1 por uma revis\u00e3o e reescrita, para, posteriormente, ser divulgado como um documento oficial do Sinasefe. O material trabalha, ao longo dos 12 eixos tem\u00e1ticos, a defesa de um modelo de ensino b\u00e1sico, profissional e tecnol\u00f3gico p\u00fablico, inclusivo e de qualidade para os filhos e as filhas da classe trabalhadora.<\/p>\n\n\n<div class=\"wp-block-image\">\n<figure class=\"aligncenter size-full\"><img decoding=\"async\" src=\"https:\/\/sinasefesm.com\/wp-content\/uploads\/2023\/11\/19112023024.jpeg\" alt=\"\" class=\"wp-image-6346\"\/><\/figure><\/div>\n\n\n<p class=\"has-medium-font-size\"><strong>35 anos do Sinasefe<\/strong><br>Em celebra\u00e7\u00e3o aos 35 anos de exist\u00eancia do sindicato, foi lido no primeiro dia de evento um editorial especial em homenagem \u00e0 comemora\u00e7\u00e3o. Confira o texto na \u00edntegra:<\/p>\n\n\n\n<p class=\"has-text-align-center\">\u2018\u2019Em 2023 o SINASEFE completa 35 anos de exist\u00eancia e de lutas. Nosso sindicato nacional est\u00e1 entre as 10 primeiras entidades classistas que receberam, ap\u00f3s a promulga\u00e7\u00e3o da Constitui\u00e7\u00e3o de 1988, a sua Carta Sindical. \u00c9 marcadamente uma das organiza\u00e7\u00f5es sindicais que se mant\u00e9m no protagonismo pol\u00edtico, desempenhando um papel importante no contexto educacional e de representa\u00e7\u00e3o aut\u00f4noma dos trabalhadores e das trabalhadoras da educa\u00e7\u00e3o e do servi\u00e7o p\u00fablico federal.<\/p>\n\n\n\n<p class=\"has-text-align-center\">Ao longo de mais de tr\u00eas d\u00e9cadas, travamos longos e necess\u00e1rios enfrentamentos com os governos federais. Nem sempre obtivemos os resultados que gostar\u00edamos, mas sempre fizemos o m\u00e1ximo e o melhor poss\u00edvel para representar de forma coerente e combativa os interesses da categoria. Sem estes embates, talvez n\u00e3o fosse poss\u00edvel possuir ainda uma Rede Federal de Ensino Profissional, Cient\u00edfico e Tecnol\u00f3gico, principalmente no que se refere \u00e0 oferta de cursos gratuitos \u00e0 sociedade.<\/p>\n\n\n\n<p class=\"has-text-align-center\">Realizamos greves, marchas a Bras\u00edlia-DF, acampamentos e atos p\u00fablicos. Participamos da constru\u00e7\u00e3o da Central \u00danica dos Trabalhadores durante o seu momento de maior representatividade; posteriormente constru\u00edmos a CSP-Conlutas, depois de termos tido papel preponderante no surgimento de uma alternativa sindical e popular, na \u00e9poca definida como Conlutas. Fortalecemos a Coordena\u00e7\u00e3o Nacional das Entidades dos Servidores Federais, principal respons\u00e1vel pela organiza\u00e7\u00e3o e articula\u00e7\u00e3o entre os servidores federais durante os governos de Itamar Franco e de Fernando Henrique Cardoso, per\u00edodos em que sofremos ataques muito intensos aos nossos direitos. Tamb\u00e9m fazemos parte da Confedera\u00e7\u00e3o de Educadores Americanos, assim como o conjunto das demais entidades da educa\u00e7\u00e3o federal.<\/p>\n\n\n\n<p class=\"has-text-align-center\">Modernizamos nosso modelo de gest\u00e3o, trocando a verticaliza\u00e7\u00e3o da representa\u00e7\u00e3o e do poder das dire\u00e7\u00f5es por uma estrutura horizontal e colegiada. Promovemos, enquanto instrumentos de organiza\u00e7\u00e3o e mobiliza\u00e7\u00e3o da base, bem como de defini\u00e7\u00e3o da nossa pol\u00edtica, Semin\u00e1rios Nacionais de Educa\u00e7\u00e3o; Semin\u00e1rios Regionais sobre Precariza\u00e7\u00e3o da Expans\u00e3o da Rede; Grupos de Trabalho sobre Carreira, Aposentadoria, Educa\u00e7\u00e3o, G\u00eanero e contra todas as formas de discrimina\u00e7\u00e3o; Encontros Regionais; Encontros Jur\u00eddicos; Encontros de Assuntos de Aposentadoria e Seguridade Social; Cursos de Forma\u00e7\u00e3o; e mais recentemente o Encontro de Comunica\u00e7\u00e3o, o Encontro Nacional de Mulheres e o Encontro de Negras, Negros, Ind\u00edgenas e Quilombolas. Valorizamos nossas inst\u00e2ncias deliberativas, incentivando as presen\u00e7as das bases nos Congressos do SINASEFE e nas Plen\u00e1rias Nacionais: um sindicato s\u00f3 \u00e9 forte quando seus sindicalizados e sindicalizadas est\u00e3o presentes em suas decis\u00f5es! Temos consolidado o fortalecimento pol\u00edtico das companheiras da nossa rede com o Sinasefinho e estamos determinados a construir uma pol\u00edtica sindical democr\u00e1tica, diversa, acess\u00edvel e inclusiva.<\/p>\n\n\n\n<p class=\"has-text-align-center\">Todas as a\u00e7\u00f5es do SINASEFE tiveram, at\u00e9 hoje, o mesmo conjunto de motiva\u00e7\u00f5es: a representa\u00e7\u00e3o dos trabalhadores e trabalhadoras da educa\u00e7\u00e3o e servi\u00e7os p\u00fablicos federais; e os enfrentamentos em defesa do conjunto da classe trabalhadora e suas hist\u00f3ricas bandeiras de luta.<\/p>\n\n\n\n<p class=\"has-text-align-center\">Justamente por isso, nestes 35 anos de trajet\u00f3ria, o SINASEFE revisita a sua hist\u00f3ria com esta exposi\u00e7\u00e3o como forma de rememorar nossas lutas, trazer lembran\u00e7as dos mais antigos e reafirmar a identidade do SINASEFE junto aos mais jovens da nossa Rede.<\/p>\n\n\n\n<p class=\"has-text-align-center\">O SINASEFE sempre foi a sua base e sempre confiou nela para superar as adversidades em seu caminho. E essa confian\u00e7a na base, ano ap\u00f3s ano, apenas se renovou. Agradecemos por voc\u00ea fazer parte dessa jornada. Essa entidade \u00e9 sua e de todos os trabalhadores e trabalhadoras da Rede Federal de Educa\u00e7\u00e3o. Seguiremos na luta por melhorias para a nossa categoria e por um Brasil mais justo e igualit\u00e1rio. Que venham os pr\u00f3ximos 35 anos!\u2019\u2019<\/p>\n\n\n\n<hr class=\"wp-block-separator has-alpha-channel-opacity\"\/>\n\n\n\n<p><strong><em>Texto: Laurent Keller<\/em><\/strong><\/p>\n\n\n\n<p><strong><em>Imagens: arquivo pessoal e divulga\u00e7\u00e3o do Sinasefe Nacional<\/em><\/strong><\/p>\n\n\n\n<p><strong><em>Revis\u00e3o: Miriane Fonseca<\/em><\/strong><\/p>\n","protected":false},"excerpt":{"rendered":"<p>Entre os dias 15 e 19 de novembro, os Coordenadores Gerais do Sinasefe Santa Maria, Jos\u00e9 Ab\u00edlio de Freitas e Hazael de Almeida, participaram da 35\u00aa edi\u00e7\u00e3o do Consinasefe, que ocorreu em Bras\u00edlia-DF e contou com a presen\u00e7a de 55 se\u00e7\u00f5es sindicais, totalizando mais de 400 sindicalizados. Ao longo desses quatro dias, houveram mesas voltadas<\/p>\n","protected":false},"author":5,"featured_media":6351,"comment_status":"closed","ping_status":"closed","sticky":false,"template":"","format":"standard","meta":{"footnotes":""},"categories":[37,39,42],"tags":[240,248],"class_list":{"0":"post-7059","1":"post","2":"type-post","3":"status-publish","4":"format-standard","5":"has-post-thumbnail","7":"category-destaque","8":"category-eventos","9":"category-noticia","10":"tag-35o-consinasefe","11":"tag-consinasefe"},"_links":{"self":[{"href":"https:\/\/sinasefesm.com\/index.php\/wp-json\/wp\/v2\/posts\/7059","targetHints":{"allow":["GET"]}}],"collection":[{"href":"https:\/\/sinasefesm.com\/index.php\/wp-json\/wp\/v2\/posts"}],"about":[{"href":"https:\/\/sinasefesm.com\/index.php\/wp-json\/wp\/v2\/types\/post"}],"author":[{"embeddable":true,"href":"https:\/\/sinasefesm.com\/index.php\/wp-json\/wp\/v2\/users\/5"}],"replies":[{"embeddable":true,"href":"https:\/\/sinasefesm.com\/index.php\/wp-json\/wp\/v2\/comments?post=7059"}],"version-history":[{"count":0,"href":"https:\/\/sinasefesm.com\/index.php\/wp-json\/wp\/v2\/posts\/7059\/revisions"}],"wp:featuredmedia":[{"embeddable":true,"href":"https:\/\/sinasefesm.com\/index.php\/wp-json\/wp\/v2\/media\/6351"}],"wp:attachment":[{"href":"https:\/\/sinasefesm.com\/index.php\/wp-json\/wp\/v2\/media?parent=7059"}],"wp:term":[{"taxonomy":"category","embeddable":true,"href":"https:\/\/sinasefesm.com\/index.php\/wp-json\/wp\/v2\/categories?post=7059"},{"taxonomy":"post_tag","embeddable":true,"href":"https:\/\/sinasefesm.com\/index.php\/wp-json\/wp\/v2\/tags?post=7059"}],"curies":[{"name":"wp","href":"https:\/\/api.w.org\/{rel}","templated":true}]}}