{"id":7060,"date":"2023-12-06T12:33:48","date_gmt":"2023-12-06T12:33:48","guid":{"rendered":"https:\/\/sinasefesm.com\/?p=6354"},"modified":"2023-12-06T12:33:48","modified_gmt":"2023-12-06T12:33:48","slug":"vamos-debater-a-saude-das-e-dos-trabalhadores-em-educacao","status":"publish","type":"post","link":"https:\/\/sinasefesm.com\/index.php\/2023\/12\/06\/vamos-debater-a-saude-das-e-dos-trabalhadores-em-educacao\/","title":{"rendered":"Vamos debater a sa\u00fade das e dos trabalhadores em Educa\u00e7\u00e3o?"},"content":{"rendered":"\n<p>Para encerrar o ano letivo junto \u00e0 sua base, o Sinasefe Santa Maria promove, no dia 15 de dezembro, \u00e0s 14h30, a palestra &#8220;Sa\u00fade mental das e dos trabalhadores em Educa\u00e7\u00e3o: desafios e perspectivas&#8221;. A palestrante ser\u00e1 Qu\u00eania Rosa Gon\u00e7alves, que \u00e9 psic\u00f3loga na UFSM e propor\u00e1 reflex\u00f5es acerca dos impactos que a sobrecarga de trabalho e a baixa valoriza\u00e7\u00e3o profissional t\u00eam sobre a sa\u00fade das e dos trabalhadores em Educa\u00e7\u00e3o. Tudo isso somado aos aspectos individuais j\u00e1 carregados por cada uma e cada um.<br><\/p>\n\n\n\n<p>Ap\u00f3s a palestra, ser\u00e1 realizada roda de debate e posterior coquetel de confraterniza\u00e7\u00e3o pelo ano que se encerra, onde ser\u00e1 lan\u00e7ada a segunda edi\u00e7\u00e3o do boletim do sindicato. Confira a primeira vers\u00e3o lan\u00e7ada <a href=\"https:\/\/sinasefesm.com\/primeiro-informativo-do-sinasefe-santa-maria-e-lancado\/\">aqui<\/a>.<br><\/p>\n\n\n\n<p>A atividade ocorrer\u00e1 no Audit\u00f3rio do Col\u00e9gio Polit\u00e9cnico da UFSM, sendo gratuita, na modalidade estritamente presencial. \u00c9 sugerido realizar inscri\u00e7\u00e3o pr\u00e9via at\u00e9 o dia 11\/12\/2023, pelo e-mail: sinasefesm@gmail.com. <\/p>\n\n\n\n<hr class=\"wp-block-separator has-alpha-channel-opacity\"\/>\n\n\n\n<p><em>Texto: Bruna Homrich<\/em><\/p>\n\n\n\n<p><em>Imagem: Xain\u00e3 Pitaguary<\/em><\/p>\n","protected":false},"excerpt":{"rendered":"<p>Para encerrar o ano letivo junto \u00e0 sua base, o Sinasefe Santa Maria promove, no dia 15 de dezembro, \u00e0s 14h30, a palestra &#8220;Sa\u00fade mental das e dos trabalhadores em Educa\u00e7\u00e3o: desafios e perspectivas&#8221;. A palestrante ser\u00e1 Qu\u00eania Rosa Gon\u00e7alves, que \u00e9 psic\u00f3loga na UFSM e propor\u00e1 reflex\u00f5es acerca dos impactos que a sobrecarga de<\/p>\n","protected":false},"author":3,"featured_media":6355,"comment_status":"closed","ping_status":"closed","sticky":false,"template":"","format":"standard","meta":{"footnotes":""},"categories":[37,39,42],"tags":[245,212],"class_list":{"0":"post-7060","1":"post","2":"type-post","3":"status-publish","4":"format-standard","5":"has-post-thumbnail","7":"category-destaque","8":"category-eventos","9":"category-noticia","10":"tag-boletim-do-sinasefe","11":"tag-saude-mental"},"_links":{"self":[{"href":"https:\/\/sinasefesm.com\/index.php\/wp-json\/wp\/v2\/posts\/7060","targetHints":{"allow":["GET"]}}],"collection":[{"href":"https:\/\/sinasefesm.com\/index.php\/wp-json\/wp\/v2\/posts"}],"about":[{"href":"https:\/\/sinasefesm.com\/index.php\/wp-json\/wp\/v2\/types\/post"}],"author":[{"embeddable":true,"href":"https:\/\/sinasefesm.com\/index.php\/wp-json\/wp\/v2\/users\/3"}],"replies":[{"embeddable":true,"href":"https:\/\/sinasefesm.com\/index.php\/wp-json\/wp\/v2\/comments?post=7060"}],"version-history":[{"count":0,"href":"https:\/\/sinasefesm.com\/index.php\/wp-json\/wp\/v2\/posts\/7060\/revisions"}],"wp:featuredmedia":[{"embeddable":true,"href":"https:\/\/sinasefesm.com\/index.php\/wp-json\/wp\/v2\/media\/6355"}],"wp:attachment":[{"href":"https:\/\/sinasefesm.com\/index.php\/wp-json\/wp\/v2\/media?parent=7060"}],"wp:term":[{"taxonomy":"category","embeddable":true,"href":"https:\/\/sinasefesm.com\/index.php\/wp-json\/wp\/v2\/categories?post=7060"},{"taxonomy":"post_tag","embeddable":true,"href":"https:\/\/sinasefesm.com\/index.php\/wp-json\/wp\/v2\/tags?post=7060"}],"curies":[{"name":"wp","href":"https:\/\/api.w.org\/{rel}","templated":true}]}}