{"id":7061,"date":"2023-12-06T15:23:53","date_gmt":"2023-12-06T15:23:53","guid":{"rendered":"https:\/\/sinasefesm.com\/?p=6357"},"modified":"2023-12-06T15:23:53","modified_gmt":"2023-12-06T15:23:53","slug":"sinasefe-santa-maria-cria-um-dos-primeiros-gts-de-politicas-educacionais-e-culturais-da-regiao","status":"publish","type":"post","link":"https:\/\/sinasefesm.com\/index.php\/2023\/12\/06\/sinasefe-santa-maria-cria-um-dos-primeiros-gts-de-politicas-educacionais-e-culturais-da-regiao\/","title":{"rendered":"Sinasefe Santa Maria cria um dos primeiros GTs de Pol\u00edticas Educacionais e Culturais da regi\u00e3o"},"content":{"rendered":"\n<p><\/p>\n\n\n\n<p>Por meio de Assembleia Geral Extraordin\u00e1ria, realizada dia 24 de novembro, filiados da se\u00e7\u00e3o sindical santa-mariense se reuniram no Col\u00e9gio T\u00e9cnico Industrial de Santa Maria (CTISM) para criar o Grupo de Trabalho (GT) voltado a debater pol\u00edticas educacionais e culturais. No encontro, foi definido que a filiada e professora do Col\u00e9gio Militar de Santa Maria, Jane Flor\u00eancio, e a Secret\u00e1ria de Administra\u00e7\u00e3o do sindicato e professora do CTISM, Mariglei Maraschin, ser\u00e3o as Coordenadoras da iniciativa e devem convidar os demais sindicalizados a serem membros do grupo.<\/p>\n\n\n<div class=\"wp-block-image\">\n<figure class=\"aligncenter size-full\"><img decoding=\"async\" src=\"https:\/\/sinasefesm.com\/wp-content\/uploads\/2023\/12\/WhatsApp-Image-2023-11-27-at-21.59.28.jpeg\" alt=\"\" class=\"wp-image-6360\"\/><figcaption class=\"wp-element-caption\">Da esquerda para direita: Jane Flor\u00eancio, Adriana Bonum\u00e1, Jos\u00e9 Ab\u00edlio de Freitas, Hazael de Almeida e Mariglei Maraschin<\/figcaption><\/figure><\/div>\n\n\n<p>A proposta surgiu a partir da necessidade de fomentar uma rotina de trabalho em torno do Documento Base de Pol\u00edticas Educacionais, elaborado pelo Sinasefe Nacional e discutido, recentemente, no <a href=\"https:\/\/sinasefesm.com\/35o-consinasefe-define-proximas-mobilizacoes-do-sinasefe\/\"><u>35\u00ba Consinasefe<\/u><\/a>. Durante este evento, determinou-se que o documento seria oficializado, ap\u00f3s passar por revis\u00e3o e reescrita. O material trabalha, ao longo de 12 eixos tem\u00e1ticos, a defesa de um modelo de ensino b\u00e1sico, profissional e tecnol\u00f3gico p\u00fablico, inclusivo e de qualidade para os filhos e as filhas da classe trabalhadora.<\/p>\n\n\n\n<p>Confira na \u00edntegra, abaixo, o Documento Base:<\/p>\n\n\n\n<div data-wp-interactive=\"core\/file\" class=\"wp-block-file\"><object data-wp-bind--hidden=\"!state.hasPdfPreview\" hidden class=\"wp-block-file__embed\" data=\"https:\/\/sinasefesm.com\/wp-content\/uploads\/2023\/12\/20230901cadernotextospreliminaresfinalv3.pdf\" type=\"application\/pdf\" style=\"width:100%;height:600px\" aria-label=\"Incorporado de cadernotextospreliminares.\"><\/object><a id=\"wp-block-file--media-0b7998f2-0cfc-4f4a-b97d-d3aa726d58de\" href=\"https:\/\/sinasefesm.com\/wp-content\/uploads\/2023\/12\/20230901cadernotextospreliminaresfinalv3.pdf\">cadernotextospreliminares<\/a><a href=\"https:\/\/sinasefesm.com\/wp-content\/uploads\/2023\/12\/20230901cadernotextospreliminaresfinalv3.pdf\" class=\"wp-block-file__button wp-element-button\" download aria-describedby=\"wp-block-file--media-0b7998f2-0cfc-4f4a-b97d-d3aa726d58de\">Baixar<\/a><\/div>\n\n\n\n<p>A partir desse documento, a se\u00e7\u00e3o local deve estudar cada item, avaliando a necessidade de incluir sugest\u00f5es de acr\u00e9scimos ou supress\u00f5es, uma vez que o texto \u00e9 \u2018\u2019vivo\u2019\u2019, estando sempre aberto a reformula\u00e7\u00f5es, conforme destaca a Diretoria do Sinasefe. Por isso, a ideia \u00e9 que at\u00e9 o final de mar\u00e7o de 2024, haja at\u00e9 quatorze encontros para prepara\u00e7\u00e3o de um futuro semin\u00e1rio presencial sobre o assunto.<\/p>\n\n\n\n<p>Jane Flor\u00eancio comentou sobre os objetivos tra\u00e7ados pela Coordena\u00e7\u00e3o do GT:<em> \u2018\u2019visamos acompanhar os movimentos que pensam a educa\u00e7\u00e3o no Brasil, debater quest\u00f5es no \u00e2mbito do contexto educacional local e nacional, para atuar com sugest\u00f5es de pol\u00edticas educacionais que favore\u00e7am a todos. O que se quer \u00e9 contribuir com a\u00e7\u00f5es educacionais que atendam \u00e0s diferentes demandas dos diversos contextos institucionais, para manter ou alterar a realidade, tornando-a melhor. Sabe-se que a educa\u00e7\u00e3o \u00e9 o caminho para tal\u2019<\/em>\u2019, esclarece a servidora.<\/p>\n\n\n\n<p>O Sinasefe Santa Maria convida a todos sindicalizados e a todas sindicalizadas a participarem deste novo projeto, que \u00e9 um dos primeiros a ser criado dentre as se\u00e7\u00f5es sindicais locais.<\/p>\n\n\n\n<hr class=\"wp-block-separator has-alpha-channel-opacity\"\/>\n\n\n\n<p><em>Texto: Laurent Keller<\/em><\/p>\n\n\n\n<p><em>Imagens: arquivo pessoal<\/em><\/p>\n\n\n\n<p><em>Revis\u00e3o: Miriane Fonseca<\/em><\/p>\n","protected":false},"excerpt":{"rendered":"<p>Por meio de Assembleia Geral Extraordin\u00e1ria, realizada dia 24 de novembro, filiados da se\u00e7\u00e3o sindical santa-mariense se reuniram no Col\u00e9gio T\u00e9cnico Industrial de Santa Maria (CTISM) para criar o Grupo de Trabalho (GT) voltado a debater pol\u00edticas educacionais e culturais. No encontro, foi definido que a filiada e professora do Col\u00e9gio Militar de Santa Maria,<\/p>\n","protected":false},"author":5,"featured_media":6359,"comment_status":"closed","ping_status":"closed","sticky":false,"template":"","format":"standard","meta":{"footnotes":""},"categories":[37,41,42],"tags":[240,145],"class_list":{"0":"post-7061","1":"post","2":"type-post","3":"status-publish","4":"format-standard","5":"has-post-thumbnail","7":"category-destaque","8":"category-movimento","9":"category-noticia","10":"tag-35o-consinasefe","11":"tag-gtpec"},"_links":{"self":[{"href":"https:\/\/sinasefesm.com\/index.php\/wp-json\/wp\/v2\/posts\/7061","targetHints":{"allow":["GET"]}}],"collection":[{"href":"https:\/\/sinasefesm.com\/index.php\/wp-json\/wp\/v2\/posts"}],"about":[{"href":"https:\/\/sinasefesm.com\/index.php\/wp-json\/wp\/v2\/types\/post"}],"author":[{"embeddable":true,"href":"https:\/\/sinasefesm.com\/index.php\/wp-json\/wp\/v2\/users\/5"}],"replies":[{"embeddable":true,"href":"https:\/\/sinasefesm.com\/index.php\/wp-json\/wp\/v2\/comments?post=7061"}],"version-history":[{"count":0,"href":"https:\/\/sinasefesm.com\/index.php\/wp-json\/wp\/v2\/posts\/7061\/revisions"}],"wp:featuredmedia":[{"embeddable":true,"href":"https:\/\/sinasefesm.com\/index.php\/wp-json\/wp\/v2\/media\/6359"}],"wp:attachment":[{"href":"https:\/\/sinasefesm.com\/index.php\/wp-json\/wp\/v2\/media?parent=7061"}],"wp:term":[{"taxonomy":"category","embeddable":true,"href":"https:\/\/sinasefesm.com\/index.php\/wp-json\/wp\/v2\/categories?post=7061"},{"taxonomy":"post_tag","embeddable":true,"href":"https:\/\/sinasefesm.com\/index.php\/wp-json\/wp\/v2\/tags?post=7061"}],"curies":[{"name":"wp","href":"https:\/\/api.w.org\/{rel}","templated":true}]}}