{"id":7062,"date":"2023-12-18T19:32:20","date_gmt":"2023-12-18T19:32:20","guid":{"rendered":"https:\/\/sinasefesm.com\/?p=6366"},"modified":"2023-12-18T19:32:20","modified_gmt":"2023-12-18T19:32:20","slug":"sinasefe-santa-maria-encerra-2023-com-palestra-sobre-saude-mental","status":"publish","type":"post","link":"https:\/\/sinasefesm.com\/index.php\/2023\/12\/18\/sinasefe-santa-maria-encerra-2023-com-palestra-sobre-saude-mental\/","title":{"rendered":"Sinasefe Santa Maria encerra 2023 com palestra sobre sa\u00fade mental"},"content":{"rendered":"\n<p>Na \u00faltima sexta-feira, 15 de dezembro, a se\u00e7\u00e3o sindical santamariense realizou o \u00faltimo evento de 2023, no audit\u00f3rio do Col\u00e9gio Polit\u00e9cnico da UFSM. Com a psic\u00f3loga Qu\u00eania Rosa, os(as) sindicalizados(as) dialogaram sobre a sa\u00fade mental de trabalhadores e trabalhadoras da educa\u00e7\u00e3o, abordando as dificuldades cada vez mais presentes de se manter mentalmente saud\u00e1vel nos ambientes de trabalho. Tamb\u00e9m no evento, que contou com a presen\u00e7a da diretoria do sindicato, do assessor jur\u00eddico Heverton Padilha e do vice-diretor do Col\u00e9gio Polit\u00e9cnico Moacir Bolzan, houve o lan\u00e7amento do segundo informativo do Sinasefe Santa Maria e um coquetel de confraterniza\u00e7\u00e3o entre os(as) participantes da palestra.<\/p>\n\n\n\n<figure class=\"wp-block-gallery has-nested-images columns-default is-cropped wp-block-gallery-1 is-layout-flex wp-block-gallery-is-layout-flex\">\n<figure class=\"wp-block-image size-large\"><img decoding=\"async\" data-id=\"6368\" src=\"https:\/\/sinasefesm.com\/wp-content\/uploads\/2023\/12\/IMG_9227-scaled.jpg\" alt=\"\" class=\"wp-image-6368\"\/><\/figure>\n\n\n\n<figure class=\"wp-block-image size-large\"><img decoding=\"async\" data-id=\"6370\" src=\"https:\/\/sinasefesm.com\/wp-content\/uploads\/2023\/12\/IMG_3308.jpg\" alt=\"\" class=\"wp-image-6370\"\/><\/figure>\n\n\n\n<figure class=\"wp-block-image size-large\"><img decoding=\"async\" data-id=\"6371\" src=\"https:\/\/sinasefesm.com\/wp-content\/uploads\/2023\/12\/IMG_9163-scaled.jpg\" alt=\"\" class=\"wp-image-6371\"\/><\/figure>\n\n\n\n<figure class=\"wp-block-image size-large\"><img decoding=\"async\" data-id=\"6372\" src=\"https:\/\/sinasefesm.com\/wp-content\/uploads\/2023\/12\/IMG_3319-rotated.jpg\" alt=\"\" class=\"wp-image-6372\"\/><\/figure>\n\n\n\n<figure class=\"wp-block-image size-large\"><img decoding=\"async\" data-id=\"6373\" src=\"https:\/\/sinasefesm.com\/wp-content\/uploads\/2023\/12\/IMG_3322-rotated.jpg\" alt=\"\" class=\"wp-image-6373\"\/><\/figure>\n\n\n\n<figure class=\"wp-block-image size-large\"><img decoding=\"async\" data-id=\"6374\" src=\"https:\/\/sinasefesm.com\/wp-content\/uploads\/2023\/12\/IMG_9100-scaled.jpg\" alt=\"\" class=\"wp-image-6374\"\/><\/figure>\n\n\n\n<figure class=\"wp-block-image size-large\"><img decoding=\"async\" data-id=\"6369\" src=\"https:\/\/sinasefesm.com\/wp-content\/uploads\/2023\/12\/IMG_9130-scaled.jpg\" alt=\"\" class=\"wp-image-6369\"\/><\/figure>\n<\/figure>\n\n\n\n<p>Qu\u00eania iniciou a palestra apresentando uma breve contextualiza\u00e7\u00e3o hist\u00f3rica da rela\u00e7\u00e3o entre o homem e o trabalho, analisando as din\u00e2micas sociais ligadas a ela, desenvolvidas no decorrer das d\u00e9cadas. A partir dessa explana\u00e7\u00e3o, os(as) participantes foram indagados(as) a refletir sobre o que \u00e9 trabalho e como a sa\u00fade mental se conecta a ele, por meio dos pontos de vista.<\/p>\n\n\n\n<p>De acordo com a psic\u00f3loga, o mais importante ao se pensar sobre o assunto \u00e9 considerar que o homem \u00e9 um ser social por natureza, que funciona somente em fun\u00e7\u00e3o de seus inter-relacionamentos grupais. Por isso, pensar formas de melhorar a conviv\u00eancia no ambiente de trabalho \u00e9 essencial para que a sa\u00fade mental dos(as) servidores(as) se mantenha saud\u00e1vel.<\/p>\n\n\n\n<p>Nesse sentido, Qu\u00eania destacou algumas sugest\u00f5es para melhorar a sa\u00fade mental no trabalho:<\/p>\n\n\n\n<ul class=\"wp-block-list\">\n<li>realizar reuni\u00f5es peri\u00f3dicas no setor;<\/li>\n\n\n\n<li>compreender que, no trabalho, n\u00e3o se escolhe chefias e colegas;<\/li>\n\n\n\n<li>elaborar regras claras e igualit\u00e1rias, mas compreendendo as diferen\u00e7as de cada servidor;<\/li>\n\n\n\n<li>conhecer o trabalho do colega;<\/li>\n\n\n\n<li>n\u00e3o tomar decis\u00f5es baseadas em estere\u00f3tipos;<\/li>\n\n\n\n<li>compreender que o trabalhador n\u00e3o \u00e9 somente um &#8220;c\u00f3digo de vaga&#8221;, mas um sujeito.<\/li>\n<\/ul>\n\n\n\n<p><strong>Segundo informativo<\/strong><br>A diretoria sindical aproveitou o evento para lan\u00e7ar a segunda edi\u00e7\u00e3o do informativo da se\u00e7\u00e3o sindical, dispon\u00edvel na vers\u00e3o digital abaixo. O informativo faz parte de um dos objetivos da gest\u00e3o atual do Sinasefe, que busca aprimorar a comunica\u00e7\u00e3o com os filiados e com a base. A primeira vers\u00e3o foi lan\u00e7ada em setembro, e pode ser conferida <a href=\"https:\/\/sinasefesm.com\/primeiro-informativo-do-sinasefe-santa-maria-e-lancado\/\">aqui<\/a>.<\/p>\n\n\n\n<div data-wp-interactive=\"core\/file\" class=\"wp-block-file\"><object data-wp-bind--hidden=\"!state.hasPdfPreview\" hidden class=\"wp-block-file__embed\" data=\"https:\/\/sinasefesm.com\/wp-content\/uploads\/2023\/12\/Boletim-Sinasefe-02-FINAL.pdf\" type=\"application\/pdf\" style=\"width:100%;height:600px\" aria-label=\"Incorporado de Boletim-Sinasefe.\"><\/object><a id=\"wp-block-file--media-a1b28445-4a5f-4f8b-a6a8-4405345a8656\" href=\"https:\/\/sinasefesm.com\/wp-content\/uploads\/2023\/12\/Boletim-Sinasefe-02-FINAL.pdf\">Boletim-Sinasefe<\/a><a href=\"https:\/\/sinasefesm.com\/wp-content\/uploads\/2023\/12\/Boletim-Sinasefe-02-FINAL.pdf\" class=\"wp-block-file__button wp-element-button\" download aria-describedby=\"wp-block-file--media-a1b28445-4a5f-4f8b-a6a8-4405345a8656\">Baixar<\/a><\/div>\n\n\n\n<p>Ao final do evento, ocorreu um coquetel de confraterniza\u00e7\u00e3o entre os(as) participantes da palestra, para encerrar as atividades do sindicato em 2023.<\/p>\n\n\n\n<p>O Sinasefe Santa Maria deseja a todos e a todas um feliz natal e um 2024 de muitas conquistas para a classe trabalhadora!<br><\/p>\n\n\n\n<figure class=\"wp-block-gallery has-nested-images columns-default is-cropped wp-block-gallery-2 is-layout-flex wp-block-gallery-is-layout-flex\">\n<figure class=\"wp-block-image size-large\"><img decoding=\"async\" data-id=\"6380\" src=\"https:\/\/sinasefesm.com\/wp-content\/uploads\/2023\/12\/IMG_9249-scaled.jpg\" alt=\"\" class=\"wp-image-6380\"\/><\/figure>\n\n\n\n<figure class=\"wp-block-image size-large\"><img decoding=\"async\" data-id=\"6376\" src=\"https:\/\/sinasefesm.com\/wp-content\/uploads\/2023\/12\/IMG_9277-scaled.jpg\" alt=\"\" class=\"wp-image-6376\"\/><\/figure>\n\n\n\n<figure class=\"wp-block-image size-large\"><img decoding=\"async\" data-id=\"6377\" src=\"https:\/\/sinasefesm.com\/wp-content\/uploads\/2023\/12\/IMG_9256-scaled.jpg\" alt=\"\" class=\"wp-image-6377\"\/><\/figure>\n\n\n\n<figure class=\"wp-block-image size-large\"><img decoding=\"async\" data-id=\"6379\" src=\"https:\/\/sinasefesm.com\/wp-content\/uploads\/2023\/12\/IMG_9262-scaled.jpg\" alt=\"\" class=\"wp-image-6379\"\/><\/figure>\n<\/figure>\n\n\n\n<hr class=\"wp-block-separator has-alpha-channel-opacity\"\/>\n\n\n\n<p><em>Texto: Laurent Keller<\/em><\/p>\n\n\n\n<p><em>Imagens: Laurent Keller e Xain\u00e3 Pitaguary<\/em><\/p>\n\n\n\n<p><em>Revis\u00e3o: Miriane Fonseca<\/em><\/p>\n","protected":false},"excerpt":{"rendered":"<p>Na \u00faltima sexta-feira, 15 de dezembro, a se\u00e7\u00e3o sindical santamariense realizou o \u00faltimo evento de 2023, no audit\u00f3rio do Col\u00e9gio Polit\u00e9cnico da UFSM. Com a psic\u00f3loga Qu\u00eania Rosa, os(as) sindicalizados(as) dialogaram sobre a sa\u00fade mental de trabalhadores e trabalhadoras da educa\u00e7\u00e3o, abordando as dificuldades cada vez mais presentes de se manter mentalmente saud\u00e1vel nos ambientes<\/p>\n","protected":false},"author":5,"featured_media":6367,"comment_status":"closed","ping_status":"closed","sticky":false,"template":"","format":"standard","meta":{"footnotes":""},"categories":[37,39,42],"tags":[153,212],"class_list":{"0":"post-7062","1":"post","2":"type-post","3":"status-publish","4":"format-standard","5":"has-post-thumbnail","7":"category-destaque","8":"category-eventos","9":"category-noticia","10":"tag-informativo","11":"tag-saude-mental"},"_links":{"self":[{"href":"https:\/\/sinasefesm.com\/index.php\/wp-json\/wp\/v2\/posts\/7062","targetHints":{"allow":["GET"]}}],"collection":[{"href":"https:\/\/sinasefesm.com\/index.php\/wp-json\/wp\/v2\/posts"}],"about":[{"href":"https:\/\/sinasefesm.com\/index.php\/wp-json\/wp\/v2\/types\/post"}],"author":[{"embeddable":true,"href":"https:\/\/sinasefesm.com\/index.php\/wp-json\/wp\/v2\/users\/5"}],"replies":[{"embeddable":true,"href":"https:\/\/sinasefesm.com\/index.php\/wp-json\/wp\/v2\/comments?post=7062"}],"version-history":[{"count":0,"href":"https:\/\/sinasefesm.com\/index.php\/wp-json\/wp\/v2\/posts\/7062\/revisions"}],"wp:featuredmedia":[{"embeddable":true,"href":"https:\/\/sinasefesm.com\/index.php\/wp-json\/wp\/v2\/media\/6367"}],"wp:attachment":[{"href":"https:\/\/sinasefesm.com\/index.php\/wp-json\/wp\/v2\/media?parent=7062"}],"wp:term":[{"taxonomy":"category","embeddable":true,"href":"https:\/\/sinasefesm.com\/index.php\/wp-json\/wp\/v2\/categories?post=7062"},{"taxonomy":"post_tag","embeddable":true,"href":"https:\/\/sinasefesm.com\/index.php\/wp-json\/wp\/v2\/tags?post=7062"}],"curies":[{"name":"wp","href":"https:\/\/api.w.org\/{rel}","templated":true}]}}