{"id":7063,"date":"2024-06-25T17:16:27","date_gmt":"2024-06-25T17:16:27","guid":{"rendered":"https:\/\/sinasefesm.com\/?p=6764"},"modified":"2024-06-25T17:16:27","modified_gmt":"2024-06-25T17:16:27","slug":"sinasefe-nacional-suspende-greve","status":"publish","type":"post","link":"https:\/\/sinasefesm.com\/index.php\/2024\/06\/25\/sinasefe-nacional-suspende-greve\/","title":{"rendered":"Sinasefe Nacional suspende greve"},"content":{"rendered":"\n<p style=\"font-size:15px\">No \u00faltimo s\u00e1bado, 22 de junho, durante a 193\u00aa Plen\u00e1ria Nacional, houve vota\u00e7\u00e3o favor\u00e1vel \u00e0 suspens\u00e3o da greve dos filiados ao Sinasefe, ap\u00f3s aceite das propostas do Governo Federal para carreiras dos T\u00e9cnico-Administrativos em Educa\u00e7\u00e3o (TAEs) e dos docentes do Ensino B\u00e1sico, T\u00e9cnico e Tecnol\u00f3gico (EBTT). Realizada de modo h\u00edbrido (em Bras\u00edlia-DF e via Zoom), a Plen\u00e1ria contou com o maior n\u00famero de participantes em 35 anos de hist\u00f3ria sindical: ao todo, 402 sindicalizados acompanharam a reuni\u00e3o, representando 70 se\u00e7\u00f5es. Em nome da se\u00e7\u00e3o santa-mariense, os Coordenadores Gerais, Adriana Bonum\u00e1 e Jos\u00e9 Ab\u00edlio de Freitas, e o Secret\u00e1rio de Carreira e Rela\u00e7\u00e3o de Trabalho, Ad\u00e3o Damasceno, acompanharam o evento virtualmente.<\/p>\n\n\n\n<p>A suspens\u00e3o da greve foi aprovada por 98 votos favor\u00e1veis contra 6 contr\u00e1rios e 9 absten\u00e7\u00f5es, para quando os Termos de Acordo forem assinados junto ao Governo Federal, o que deve ocorrer at\u00e9 o dia 28 deste m\u00eas. J\u00e1 o aceite \u00e0s propostas para os TAEs e docentes EBTT foram aprovadas por 89 votos favor\u00e1veis contra 15 contr\u00e1rios e 6 absten\u00e7\u00f5es. A n\u00edvel local, o Sinasefe de Santa Maria n\u00e3o havia entrado no movimento paredista, apenas em estado de greve, que, no dia 19 de junho, tamb\u00e9m chegou ao fim, por meio de decis\u00e3o tomada em <a href=\"https:\/\/sinasefesm.com\/sinasefe-sm-aprova-fim-do-estado-de-greve\/\">assembleia<\/a>.<\/p>\n\n\n\n<p>Confira a vota\u00e7\u00e3o favor\u00e1vel \u00e0 suspens\u00e3o da greve, que foi iniciada em tr\u00eas de abril.<\/p>\n\n\n\n<figure class=\"wp-block-embed is-type-video is-provider-youtube wp-block-embed-youtube wp-embed-aspect-16-9 wp-has-aspect-ratio\"><div class=\"wp-block-embed__wrapper\">\n<iframe title=\"SINASEFE aceitar\u00e1 propostas do Governo para TAEs e Docentes\" width=\"768\" height=\"432\" src=\"https:\/\/www.youtube.com\/embed\/REo8RRWg3k4?feature=oembed\" frameborder=\"0\" allow=\"accelerometer; autoplay; clipboard-write; encrypted-media; gyroscope; picture-in-picture; web-share\" referrerpolicy=\"strict-origin-when-cross-origin\" allowfullscreen><\/iframe>\n<\/div><\/figure>\n\n\n\n<p>Ab\u00edlio de Freitas destaca que o fim efetivo da greve nacional ser\u00e1 estabelecido apenas quando os Termos de Acordo forem assinados, nesta semana, e a Federa\u00e7\u00e3o de Sindicatos de Trabalhadores T\u00e9cnico-administrativos em Institui\u00e7\u00f5es de Ensino Superior P\u00fablicas do Brasil (<a href=\"https:\/\/fasubra.org.br\/\">Fasubra<\/a>) decretar seu posicionamento, o que deve ocorrer na pr\u00f3xima semana. Por isso, no momento, fala-se em suspens\u00e3o da greve. O Coordenador refor\u00e7a tamb\u00e9m que o sindicato precisa manter as mesas de negocia\u00e7\u00e3o com o Governo, para seguir discutindo propostas de melhorias para os trabalhadores. Isso porque as medidas apresentadas pela gest\u00e3o Lula n\u00e3o contemplam totalmente as reivindica\u00e7\u00f5es do sindicato, como quest\u00f5es relacionadas ao aumento salarial ainda para 2024 e aos aposentados.<\/p>\n\n\n\n<p>Por outro lado, Ab\u00edlio de Freitas comentou sobre os avan\u00e7os conquistados, que, dentre eles, incluem a revoga\u00e7\u00e3o da <a href=\"https:\/\/www.ifsp.edu.br\/images\/pdf\/PORTARIA_N_983_DE_18_DE_NOVEMBRO_DE_2020_-_PORTARIA_N_983_DE_18_DE_NOVEMBRO_DE_2020_-_DOU_-_Imprensa_Nacional.pdf\">Portaria 983<\/a>, que era uma reivindica\u00e7\u00e3o dos servidores desde a gest\u00e3o Bolsonaro, e a n\u00e3o exig\u00eancia do <a href=\"https:\/\/sinasefesm.com\/segue-dialogo-na-ufsm-para-evitar-ponto-eletronico-a-docente-ebtt\/\">ponto eletr\u00f4nico<\/a>, medida que desconsiderava o trabalho desempenhado pelos docentes para al\u00e9m das salas de aula<\/p>\n\n\n\n<p>Abaixo, est\u00e3o dispon\u00edveis na \u00edntegra as propostas para TAEs e docentes.<\/p>\n\n\n\n<div data-wp-interactive=\"core\/file\" class=\"wp-block-file\"><object data-wp-bind--hidden=\"!state.hasPdfPreview\" hidden class=\"wp-block-file__embed\" data=\"https:\/\/sinasefesm.com\/wp-content\/uploads\/2024\/06\/PropostaGovapresentadaTAEs21junho2024.pdf\" type=\"application\/pdf\" style=\"width:100%;height:600px\" aria-label=\"Incorporado de PropostaGovapresentadaTAEs21junho2024.\"><\/object><a id=\"wp-block-file--media-8e00127e-95ef-4785-991b-70f1c833c2d3\" href=\"https:\/\/sinasefesm.com\/wp-content\/uploads\/2024\/06\/PropostaGovapresentadaTAEs21junho2024.pdf\">PropostaGovapresentadaTAEs21junho2024<\/a><a href=\"https:\/\/sinasefesm.com\/wp-content\/uploads\/2024\/06\/PropostaGovapresentadaTAEs21junho2024.pdf\" class=\"wp-block-file__button wp-element-button\" download aria-describedby=\"wp-block-file--media-8e00127e-95ef-4785-991b-70f1c833c2d3\">Baixar<\/a><\/div>\n\n\n\n<div data-wp-interactive=\"core\/file\" class=\"wp-block-file\"><object data-wp-bind--hidden=\"!state.hasPdfPreview\" hidden class=\"wp-block-file__embed\" data=\"https:\/\/sinasefesm.com\/wp-content\/uploads\/2024\/06\/PropostaGovapresentadaDocentes21junho2024.pdf\" type=\"application\/pdf\" style=\"width:100%;height:600px\" aria-label=\"Incorporado de PropostaGovapresentadaDocentes21junho2024.\"><\/object><a id=\"wp-block-file--media-999fe271-133c-4bba-b481-fd5ec54a969c\" href=\"https:\/\/sinasefesm.com\/wp-content\/uploads\/2024\/06\/PropostaGovapresentadaDocentes21junho2024.pdf\">PropostaGovapresentadaDocentes21junho2024<\/a><a href=\"https:\/\/sinasefesm.com\/wp-content\/uploads\/2024\/06\/PropostaGovapresentadaDocentes21junho2024.pdf\" class=\"wp-block-file__button wp-element-button\" download aria-describedby=\"wp-block-file--media-999fe271-133c-4bba-b481-fd5ec54a969c\">Baixar<\/a><\/div>\n\n\n\n<p>Como citado, ainda h\u00e1 avan\u00e7os a serem feitos. Nesse sentido, o diretor da se\u00e7\u00e3o de Santa Maria defende que haja uma uni\u00e3o entre sindicatos em prol do prosseguimento da luta dos trabalhadores, pois \u2018\u2019<em>a gente s\u00f3 vai conseguir resultados quando trabalharmos juntos, como houve nessa greve, com a uni\u00e3o do Andes, da Fasubra e do Sinasefe<\/em>.\u2019\u2019 Ao encontro disso, a 194\u00aa Plen\u00e1ria Nacional, que ainda ser\u00e1 convocada pela Dire\u00e7\u00e3o Nacional (DN), deve discutir a\u00e7\u00f5es para dar continuidade \u00e0 luta, bem como analisar a conjuntura p\u00f3s-greve do sindicato.<\/p>\n\n\n\n<p><em>Texto: Laurent Keller<\/em><\/p>\n\n\n\n<p><em>Imagem: Sinasefe Nacional<\/em><\/p>\n\n\n\n<p><em>Edi\u00e7\u00e3o: Fritz Rivail<\/em><\/p>\n\n\n\n<p><\/p>\n","protected":false},"excerpt":{"rendered":"<p>No \u00faltimo s\u00e1bado, 22 de junho, durante a 193\u00aa Plen\u00e1ria Nacional, houve vota\u00e7\u00e3o favor\u00e1vel \u00e0 suspens\u00e3o da greve dos filiados ao Sinasefe, ap\u00f3s aceite das propostas do Governo Federal para carreiras dos T\u00e9cnico-Administrativos em Educa\u00e7\u00e3o (TAEs) e dos docentes do Ensino B\u00e1sico, T\u00e9cnico e Tecnol\u00f3gico (EBTT). Realizada de modo h\u00edbrido (em Bras\u00edlia-DF e via Zoom),<\/p>\n","protected":false},"author":5,"featured_media":6767,"comment_status":"closed","ping_status":"closed","sticky":true,"template":"","format":"standard","meta":{"footnotes":""},"categories":[37,41,42],"tags":[255,260,183],"class_list":{"0":"post-7063","1":"post","2":"type-post","3":"status-publish","4":"format-standard","5":"has-post-thumbnail","7":"category-destaque","8":"category-movimento","9":"category-noticia","10":"tag-ebtt","11":"tag-greve","12":"tag-pcctae"},"_links":{"self":[{"href":"https:\/\/sinasefesm.com\/index.php\/wp-json\/wp\/v2\/posts\/7063","targetHints":{"allow":["GET"]}}],"collection":[{"href":"https:\/\/sinasefesm.com\/index.php\/wp-json\/wp\/v2\/posts"}],"about":[{"href":"https:\/\/sinasefesm.com\/index.php\/wp-json\/wp\/v2\/types\/post"}],"author":[{"embeddable":true,"href":"https:\/\/sinasefesm.com\/index.php\/wp-json\/wp\/v2\/users\/5"}],"replies":[{"embeddable":true,"href":"https:\/\/sinasefesm.com\/index.php\/wp-json\/wp\/v2\/comments?post=7063"}],"version-history":[{"count":0,"href":"https:\/\/sinasefesm.com\/index.php\/wp-json\/wp\/v2\/posts\/7063\/revisions"}],"wp:featuredmedia":[{"embeddable":true,"href":"https:\/\/sinasefesm.com\/index.php\/wp-json\/wp\/v2\/media\/6767"}],"wp:attachment":[{"href":"https:\/\/sinasefesm.com\/index.php\/wp-json\/wp\/v2\/media?parent=7063"}],"wp:term":[{"taxonomy":"category","embeddable":true,"href":"https:\/\/sinasefesm.com\/index.php\/wp-json\/wp\/v2\/categories?post=7063"},{"taxonomy":"post_tag","embeddable":true,"href":"https:\/\/sinasefesm.com\/index.php\/wp-json\/wp\/v2\/tags?post=7063"}],"curies":[{"name":"wp","href":"https:\/\/api.w.org\/{rel}","templated":true}]}}