{"id":7065,"date":"2024-09-17T21:39:16","date_gmt":"2024-09-17T21:39:16","guid":{"rendered":"https:\/\/sinasefesm.com\/?p=6898"},"modified":"2024-09-17T21:39:16","modified_gmt":"2024-09-17T21:39:16","slug":"sinasefe-cobra-retomada-da-mesa-nacional-de-negociacao","status":"publish","type":"post","link":"https:\/\/sinasefesm.com\/index.php\/2024\/09\/17\/sinasefe-cobra-retomada-da-mesa-nacional-de-negociacao\/","title":{"rendered":"Sinasefe cobra retomada da Mesa Nacional de Negocia\u00e7\u00e3o"},"content":{"rendered":"\n<p>O F\u00f3rum Nacional de Servidoras e Servidores Federais (Fonasefe) tem feito sistematicamente ao Minist\u00e9rio da Gest\u00e3o e da Inova\u00e7\u00e3o em Servi\u00e7os P\u00fablicos (MGI) cobran\u00e7as sobre a Mesa Central de Negocia\u00e7\u00e3o Permanente (MNNP). A \u00faltima reuni\u00e3o ordin\u00e1ria <a href=\"https:\/\/sinasefe.org.br\/site\/em-reuniao-com-governo-spfs-reforcam-que-nao-aceitarao-reajuste-zero-em-2024\/\" target=\"_blank\" rel=\"noreferrer noopener\">ocorreu no dia 28 de fevereiro<\/a>\u00a0de 2024.<br><br>Passados cinco meses, as pautas n\u00e3o remunerat\u00f3rias dos\/as servidores\/as p\u00fablicos\/as federais seguem sem solu\u00e7\u00f5es. Apesar das Mesas Espec\u00edficas estarem acontecendo para algumas categorias, a Mesa Central \u00e9 fundamental para o di\u00e1logo conjunto das categorias com o governo, avalia o Sinasefe.<br><br>A discuss\u00e3o sobre a revoga\u00e7\u00e3o dos ataques ao servi\u00e7o p\u00fablico durante o governo Temer e o governo Bolsonaro, por exemplo, \u00e9 pauta da Mesa Central. O que significa que, se a Mesa n\u00e3o acontece ordinariamente, amargaremos ainda mais tempo com essas medidas reacion\u00e1rias contra o servi\u00e7o p\u00fablico.<br><br>Vale destacar que o\u00a0<a href=\"https:\/\/sinasefe.org.br\/site\/negociacoes-sindicato-assina-protocolo-de-funcionamento-de-negociacoes-com-governo-federal\/\" target=\"_blank\" rel=\"noreferrer noopener\">Regimento prev\u00ea que esse espa\u00e7o<\/a>\u00a0deve acontecer, no m\u00ednimo, quatro vezes por ano.<\/p>\n\n\n\n<p><strong>Protocolo ao MEC e ao MGI<\/strong><\/p>\n\n\n\n<p>O Sinasefe tamb\u00e9m protocolou, na ter\u00e7a-feira (10\/09), of\u00edcios ao Minist\u00e9rio da Educa\u00e7\u00e3o (MEC) e ao Minist\u00e9rio da Gest\u00e3o e da Inova\u00e7\u00e3o em Servi\u00e7os P\u00fablicos (MGI). O sindicato nacional cobrando no documento, o cumprimento dos acordos provenientes da greve de 2024, tanto para docentes quanto para t\u00e9cnico-administrativas(os) em educa\u00e7\u00e3o (TAEs).<\/p>\n\n\n\n<p>No texto encaminhado o sindicato ressalta:<em>\u201cJ\u00e1 reiteramos a necessidade de avan\u00e7o por oito vezes, por\u00e9m, lamentavelmente, a situa\u00e7\u00e3o permanece estagnada. Diante da demora e do desrespeito ao n\u00e3o recebermos respostas, aguardamos provid\u00eancias\u201d,<\/em>&nbsp;destaca os of\u00edcios entregues ao&nbsp;<a href=\"https:\/\/sinasefe.org.br\/site\/download\/oficio-no-123-2024-cobranca-pelo-cumprimento-dos-termos-do-acordo-da-greve-pcctae-e-pccmf\/\" target=\"_blank\" rel=\"noreferrer noopener\">MEC<\/a>&nbsp;e ao&nbsp;<a href=\"https:\/\/sinasefe.org.br\/site\/download\/oficio-no-121-2024-cobranca-pelo-cumprimento-dos-termos-do-acordo-da-greve-pcctae-e-pccmf\/\" target=\"_blank\" rel=\"noreferrer noopener\">MGI<\/a>.<br><br><em>Fonte e imagem: Sinasefe<br>Edi\u00e7\u00e3o: Fritz Rivail<\/em><\/p>\n","protected":false},"excerpt":{"rendered":"<p>O F\u00f3rum Nacional de Servidoras e Servidores Federais (Fonasefe) tem feito sistematicamente ao Minist\u00e9rio da Gest\u00e3o e da Inova\u00e7\u00e3o em Servi\u00e7os P\u00fablicos (MGI) cobran\u00e7as sobre a Mesa Central de Negocia\u00e7\u00e3o Permanente (MNNP). A \u00faltima reuni\u00e3o ordin\u00e1ria ocorreu no dia 28 de fevereiro\u00a0de 2024. Passados cinco meses, as pautas n\u00e3o remunerat\u00f3rias dos\/as servidores\/as p\u00fablicos\/as federais seguem<\/p>\n","protected":false},"author":7,"featured_media":6899,"comment_status":"closed","ping_status":"closed","sticky":true,"template":"","format":"standard","meta":{"footnotes":""},"categories":[41,42,45],"tags":[201,213],"class_list":{"0":"post-7065","1":"post","2":"type-post","3":"status-publish","4":"format-standard","5":"has-post-thumbnail","7":"category-movimento","8":"category-noticia","9":"category-sindicato","10":"tag-reajuste-salarial","11":"tag-servico-publico"},"_links":{"self":[{"href":"https:\/\/sinasefesm.com\/index.php\/wp-json\/wp\/v2\/posts\/7065","targetHints":{"allow":["GET"]}}],"collection":[{"href":"https:\/\/sinasefesm.com\/index.php\/wp-json\/wp\/v2\/posts"}],"about":[{"href":"https:\/\/sinasefesm.com\/index.php\/wp-json\/wp\/v2\/types\/post"}],"author":[{"embeddable":true,"href":"https:\/\/sinasefesm.com\/index.php\/wp-json\/wp\/v2\/users\/7"}],"replies":[{"embeddable":true,"href":"https:\/\/sinasefesm.com\/index.php\/wp-json\/wp\/v2\/comments?post=7065"}],"version-history":[{"count":0,"href":"https:\/\/sinasefesm.com\/index.php\/wp-json\/wp\/v2\/posts\/7065\/revisions"}],"wp:featuredmedia":[{"embeddable":true,"href":"https:\/\/sinasefesm.com\/index.php\/wp-json\/wp\/v2\/menu-items\/6899"}],"wp:attachment":[{"href":"https:\/\/sinasefesm.com\/index.php\/wp-json\/wp\/v2\/media?parent=7065"}],"wp:term":[{"taxonomy":"category","embeddable":true,"href":"https:\/\/sinasefesm.com\/index.php\/wp-json\/wp\/v2\/categories?post=7065"},{"taxonomy":"post_tag","embeddable":true,"href":"https:\/\/sinasefesm.com\/index.php\/wp-json\/wp\/v2\/tags?post=7065"}],"curies":[{"name":"wp","href":"https:\/\/api.w.org\/{rel}","templated":true}]}}