{"id":7066,"date":"2024-09-26T12:49:33","date_gmt":"2024-09-26T12:49:33","guid":{"rendered":"https:\/\/sinasefesm.com\/?p=6902"},"modified":"2024-09-26T12:49:33","modified_gmt":"2024-09-26T12:49:33","slug":"sinasefe-fasubra-e-andes-sn-solicitam-ao-mec-cronograma-da-negociacao","status":"publish","type":"post","link":"https:\/\/sinasefesm.com\/index.php\/2024\/09\/26\/sinasefe-fasubra-e-andes-sn-solicitam-ao-mec-cronograma-da-negociacao\/","title":{"rendered":"Sinasefe, Fasubra e ANDES-SN solicitam ao MEC cronograma da negocia\u00e7\u00e3o"},"content":{"rendered":"\n<p>As entidades da educa\u00e7\u00e3o federal (ANDES-SN, SINASEFE e Fasubra) solicitaram, conjuntamente, ao Minist\u00e9rio da Educa\u00e7\u00e3o (MEC) o cronograma da Mesa Setorial de Negocia\u00e7\u00e3o Permanente. Este espa\u00e7o negocial, que n\u00e3o se re\u00fane h\u00e1 v\u00e1rios meses, tem a atribui\u00e7\u00e3o de encaminhar itens pendentes dos acordos da greve de 2024.<\/p>\n\n\n\n<p><a href=\"https:\/\/sinasefe.org.br\/site\/download\/oficio-conjunto-no-130-2024-solicitacao-de-cronograma-da-mesa-setorial-para-tratar-dos-acordos-de-greve\/\">Baixe aqui o of\u00edcio acima<\/a>&nbsp;com as respectivas assinaturas digitais.<\/p>\n\n\n\n<h3 class=\"wp-block-heading\">Cumprimento dos acordos j\u00e1!<\/h3>\n\n\n\n<p>Passados mais de dois meses da&nbsp;<a href=\"https:\/\/sinasefe.org.br\/site\/sinasefe-assina-acordos-e-categoria-retoma-atividades-ate-03-07\" target=\"_blank\" rel=\"noreferrer noopener\">assinatura dos Termos de Acordo<\/a>&nbsp;<a href=\"https:\/\/sinasefe.org.br\/site\/download\/termo-de-acordo-no-10-greve-2024-reestruturacao-do-pccmf-ebtt\" target=\"_blank\" rel=\"noreferrer noopener\">n\u00ba 10\/2024<\/a>&nbsp;(para docentes) e&nbsp;<a href=\"https:\/\/sinasefe.org.br\/site\/download\/termo-de-acordo-no-11-greve-2024-reestruturacao-do-pcctae\" target=\"_blank\" rel=\"noreferrer noopener\">n\u00ba 11\/2024<\/a>&nbsp;(para t\u00e9cnico-administrativos), o SINASEFE segue&nbsp;<a href=\"https:\/\/sinasefe.org.br\/site\/sinasefe-cobra-cumprimento-dos-termos-de-acordo-da-greve-2024\/\" target=\"_blank\" rel=\"noreferrer noopener\">cobrando que o governo cumpra<\/a>&nbsp;o que foi assinado.<\/p>\n\n\n\n<p>No \u00faltimo dia 5 de setembro, na abertura do 36\u00ba CONSINASEFE, o sindicato nacional&nbsp;<a href=\"https:\/\/www.instagram.com\/p\/C_iTJ9Lpyd5\/\" target=\"_blank\" rel=\"noreferrer noopener\">realizou um ato unificado<\/a>&nbsp;(junto com Andes-SN e Fasubra) \u00e0s portas do MGI, refor\u00e7ando a cobran\u00e7a pelo cumprimento imediato dos acordos de greve.&nbsp;<a href=\"https:\/\/sinasefe.org.br\/site\/ato-unificado-pelo-cumprimento-dos-acordos-de-greve\/\" target=\"_blank\" rel=\"noreferrer noopener\">Veja imagens aqui<\/a>.<\/p>\n\n\n\n<h3 class=\"wp-block-heading\">Sobre a greve 2024<\/h3>\n\n\n\n<p>O SINASEFE esteve em greve nacional entre 3 de abril e 27 de junho, envolvendo servidoras(es) docentes e TAEs da Rede Federal de Educa\u00e7\u00e3o. O movimento paredista reivindicou, dentre suas principais pautas,&nbsp;<strong>reestrutura\u00e7\u00e3o das carreiras, recomposi\u00e7\u00e3o salarial, revoga\u00e7\u00e3o de medidas que prejudicam a educa\u00e7\u00e3o e recomposi\u00e7\u00e3o do or\u00e7amento das institui\u00e7\u00f5es educacionais<\/strong>. A suspens\u00e3o da greve aconteceu&nbsp;<a href=\"https:\/\/sinasefe.org.br\/site\/sinasefe-assina-acordos-e-categoria-retoma-atividades-ate-03-07\/\">ap\u00f3s a assinatura de termos de acordo com o governo<\/a>.<\/p>\n\n\n\n<h4 class=\"wp-block-heading\">Hist\u00f3rico de cobran\u00e7as do SINASEFE<\/h4>\n\n\n\n<ul class=\"wp-block-list\">\n<li><a href=\"https:\/\/sinasefe.org.br\/site\/download\/oficio-no-130-2024-solicitacao-de-cronograma-da-mesa-setorial-para-tratar-dos-acordos-de-greve\/\" target=\"_blank\" rel=\"noreferrer noopener\">Of\u00edcio n\u00ba 130\/2024 \u2013 Solicita\u00e7\u00e3o de cronograma da mesa setorial para tratar dos acordos de greve<\/a><\/li>\n\n\n\n<li><a href=\"https:\/\/sinasefe.org.br\/site\/download\/oficio-no-123-2024-cobranca-pelo-cumprimento-dos-termos-do-acordo-da-greve-pcctae-e-pccmf\/\">Of\u00edcio n\u00ba 123\/2024 \u2013 Cobran\u00e7a pelo cumprimento dos Termos do Acordo da Greve (PCCTAE e PCCMF)<\/a><\/li>\n\n\n\n<li><a href=\"https:\/\/sinasefe.org.br\/site\/download\/oficio-no-117-2024-solicitacao-de-audiencia-urgente-com-mgi\/\">Of\u00edcio n\u00ba 117\/2024 \u2013 Solicita\u00e7\u00e3o de audi\u00eancia urgente com MGI<\/a><\/li>\n\n\n\n<li><a href=\"https:\/\/sinasefe.org.br\/site\/download\/oficio-no-110-2024-solicita-informacoes-sobre-cumprimento-dos-termos-de-acordo\/\">Of\u00edcio n\u00ba 110\/2024 \u2013 Solicita informa\u00e7\u00f5es sobre cumprimento dos Termos de Acordo<\/a><\/li>\n\n\n\n<li><a href=\"https:\/\/sinasefe.org.br\/site\/download\/oficio-no-94-2024-saber-sobre-a-situacao-dos-termos-de-acordo-no-10-2024-e-no-11-2024\/\" target=\"_blank\" rel=\"noreferrer noopener\">Of\u00edcio n\u00ba 94\/2024 \u2013 Saber sobre a situa\u00e7\u00e3o dos Termos de Acordo n\u00ba 10\/2024 e n\u00ba 11\/2024<\/a><\/li>\n\n\n\n<li><a href=\"https:\/\/sinasefe.org.br\/site\/download\/oficio-no-92-2024-saber-sobre-a-situacao-dos-termos-de-acordo-no-10-2024-e-no-11-2024\/\" target=\"_blank\" rel=\"noreferrer noopener\">Of\u00edcio n\u00ba 92\/2024 \u2013 Saber sobre a situa\u00e7\u00e3o dos Termos de Acordo n\u00ba 10\/2024 e n\u00ba 11\/2024<\/a><\/li>\n\n\n\n<li><a href=\"https:\/\/sinasefe.org.br\/site\/download\/oficio-no-90-2024-enquadramento-dasos-docentes-da-classe-ii-nivel-2\/\" target=\"_blank\" rel=\"noreferrer noopener\">Of\u00edcio n\u00ba 90\/2024 \u2013 Enquadramento das(os) Docentes da Classe II, N\u00edvel 2<\/a><\/li>\n\n\n\n<li><a href=\"https:\/\/sinasefe.org.br\/site\/download\/oficio-no-88-2024-cumprimento-dos-termos-de-acordo-no-10-e-no11\/\" target=\"_blank\" rel=\"noreferrer noopener\">Of\u00edcio n\u00ba 88\/2024 \u2013 Cumprimento dos Termos de Acordo n\u00ba 10 e n\u00ba11<\/a><\/li>\n\n\n\n<li><a href=\"https:\/\/sinasefe.org.br\/site\/download\/oficio-no-86-2024-solicita-informacoes-sobre-cumprimento-do-termo-de-acordo-no-10\/\" target=\"_blank\" rel=\"noreferrer noopener\">Of\u00edcio n\u00ba 86\/2024 \u2013 Solicita informa\u00e7\u00f5es sobre cumprimento do Termo de Acordo n\u00ba 10<\/a><\/li>\n\n\n\n<li><a href=\"https:\/\/sinasefe.org.br\/site\/download\/oficio-no-82-2024-reuniao-para-tratar-ajustes-e-esclarecimentos-referentes-aos-termos-de-acordo-no-10-2024-e-no-11-2024\/\" target=\"_blank\" rel=\"noreferrer noopener\">Of\u00edcio n\u00ba 82\/2024 \u2013 Reuni\u00e3o para tratar ajustes e esclarecimentos referentes aos Termos de Acordo n\u00ba 10\/2024 e n\u00ba 11\/2024<\/a><\/li>\n\n\n\n<li><a href=\"https:\/\/sinasefe.org.br\/site\/download\/oficio-no-81-2024-reuniao-para-tratar-ajustes-e-esclarecimentos-referentes-aos-termos-de-acordo-no-10-2024-e-no-11-2024\/\" target=\"_blank\" rel=\"noreferrer noopener\">Of\u00edcio n\u00ba 81\/2024 \u2013 Reuni\u00e3o para tratar ajustes e esclarecimentos referentes aos Termos de Acordo n\u00ba 10\/2024 e n\u00ba 11\/2024<\/a><\/li>\n<\/ul>\n\n\n\n<p><em>Fonte e imagem: SinasefeNacional<br><\/em><\/p>\n","protected":false},"excerpt":{"rendered":"<p>As entidades da educa\u00e7\u00e3o federal (ANDES-SN, SINASEFE e Fasubra) solicitaram, conjuntamente, ao Minist\u00e9rio da Educa\u00e7\u00e3o (MEC) o cronograma da Mesa Setorial de Negocia\u00e7\u00e3o Permanente. Este espa\u00e7o negocial, que n\u00e3o se re\u00fane h\u00e1 v\u00e1rios meses, tem a atribui\u00e7\u00e3o de encaminhar itens pendentes dos acordos da greve de 2024. Baixe aqui o of\u00edcio acima&nbsp;com as respectivas assinaturas<\/p>\n","protected":false},"author":7,"featured_media":6903,"comment_status":"closed","ping_status":"closed","sticky":true,"template":"","format":"standard","meta":{"footnotes":""},"categories":[41,42,45],"tags":[],"class_list":{"0":"post-7066","1":"post","2":"type-post","3":"status-publish","4":"format-standard","5":"has-post-thumbnail","7":"category-movimento","8":"category-noticia","9":"category-sindicato"},"_links":{"self":[{"href":"https:\/\/sinasefesm.com\/index.php\/wp-json\/wp\/v2\/posts\/7066","targetHints":{"allow":["GET"]}}],"collection":[{"href":"https:\/\/sinasefesm.com\/index.php\/wp-json\/wp\/v2\/posts"}],"about":[{"href":"https:\/\/sinasefesm.com\/index.php\/wp-json\/wp\/v2\/types\/post"}],"author":[{"embeddable":true,"href":"https:\/\/sinasefesm.com\/index.php\/wp-json\/wp\/v2\/users\/7"}],"replies":[{"embeddable":true,"href":"https:\/\/sinasefesm.com\/index.php\/wp-json\/wp\/v2\/comments?post=7066"}],"version-history":[{"count":0,"href":"https:\/\/sinasefesm.com\/index.php\/wp-json\/wp\/v2\/posts\/7066\/revisions"}],"wp:featuredmedia":[{"embeddable":true,"href":"https:\/\/sinasefesm.com\/index.php\/wp-json\/wp\/v2\/media\/6903"}],"wp:attachment":[{"href":"https:\/\/sinasefesm.com\/index.php\/wp-json\/wp\/v2\/media?parent=7066"}],"wp:term":[{"taxonomy":"category","embeddable":true,"href":"https:\/\/sinasefesm.com\/index.php\/wp-json\/wp\/v2\/categories?post=7066"},{"taxonomy":"post_tag","embeddable":true,"href":"https:\/\/sinasefesm.com\/index.php\/wp-json\/wp\/v2\/tags?post=7066"}],"curies":[{"name":"wp","href":"https:\/\/api.w.org\/{rel}","templated":true}]}}