{"id":7068,"date":"2024-10-05T22:31:27","date_gmt":"2024-10-05T22:31:27","guid":{"rendered":"https:\/\/sinasefesm.com\/?p=6915"},"modified":"2024-10-05T22:31:27","modified_gmt":"2024-10-05T22:31:27","slug":"sindicato-convoca-assembleia-que-ocorrera-quinta-10-de-outubro","status":"publish","type":"post","link":"https:\/\/sinasefesm.com\/index.php\/2024\/10\/05\/sindicato-convoca-assembleia-que-ocorrera-quinta-10-de-outubro\/","title":{"rendered":"Sindicato convoca assembleia que ocorrer\u00e1 quinta, 10 de outubro"},"content":{"rendered":"\n<p>O Sinasefe Santa Maria est\u00e1 chamando uma assembleia para a pr\u00f3xima quinta, 10 de outubro, \u00e0s 13h45 (primeira chamada) e 14h (segunda chamada), na sala F307 do Col\u00e9gio Polit\u00e9cnico da UFSM. Um dos principais pontos de pauta \u00e9 a elei\u00e7\u00e3o de delegados\/as para a 197\u00aa Plena, que ir\u00e1 ocorrer no formato virtual, no dia 13 de outubro (domingo), dirigida pelo Sinasefe Nacional. Veja abaixo a pauta completa e as demais informa\u00e7\u00f5es.<\/p>\n\n\n\n<p><strong>O qu\u00ea?<\/strong> Assembleia geral<\/p>\n\n\n\n<p><strong>Dia?<\/strong> 10 de outubro (quinta-feira)<\/p>\n\n\n\n<p><strong>Hora?<\/strong> 13h45 (primeira chamada) e 14h (segunda chamada)<\/p>\n\n\n\n<p><strong>Local?<\/strong> Sala F307, Col\u00e9gio Polit\u00e9cnico da UFSM.<\/p>\n\n\n\n<p><strong>Pauta?<\/strong><\/p>\n\n\n\n<ol class=\"wp-block-list\">\n<li>Elei\u00e7\u00e3o de Delegados para 197\u00aa Plena a ocorrer no formato virtual em 13 de outubro de 2024;<\/li>\n\n\n\n<li>\u00a0Participa\u00e7\u00e3o no 16\u00b0ESCIME- Encontro dos Servidores Civis das Institui\u00e7\u00f5es de Ensino Vinculadas ao Minist\u00e9rio da Defesa (15 a 17 de novembro, em Salvador, Bahia);<\/li>\n\n\n\n<li>A\u00e7\u00f5es coletivas;<\/li>\n\n\n\n<li>Assuntos gerais.<\/li>\n<\/ol>\n\n\n\n<p><strong>197\u00aa Plena<\/strong><\/p>\n\n\n\n<p>Em rela\u00e7\u00e3o \u00e0 197\u00aa Plena, que ocorrer\u00e1 dia 13 de outubro, as pautas s\u00e3o:<\/p>\n\n\n\n<p><em>Domingo, 13 de Outubro<\/em><\/p>\n\n\n\n<p>8h \u2013 9h &#8211; Informes dos GT\u2019s das Comiss\u00f5es (CND e CNS);<\/p>\n\n\n\n<p>9h \u2013 12h &#8211; Descumprimento dos termos de acordo de greve;<\/p>\n\n\n\n<p>12h &#8211; 14h00 \u2013 Almo\u00e7o.<\/p>\n\n\n\n<p>14h &#8211; 17h &#8211; Posi\u00e7\u00e3o do SINASEFE sobre a nova RAD (Regulamenta\u00e7\u00e3o de Atividade Docente);<\/p>\n\n\n\n<p>17h \u2013 18h &#8211; Calend\u00e1rio de luta e paralisa\u00e7\u00e3o;<\/p>\n\n\n\n<p>18h &#8211; Encerramento.<\/p>\n\n\n\n<p>Texto: Fritz Rivail<br>Arte: Xain\u00e3 Pitaguary<\/p>\n","protected":false},"excerpt":{"rendered":"<p>O Sinasefe Santa Maria est\u00e1 chamando uma assembleia para a pr\u00f3xima quinta, 10 de outubro, \u00e0s 13h45 (primeira chamada) e 14h (segunda chamada), na sala F307 do Col\u00e9gio Polit\u00e9cnico da UFSM. Um dos principais pontos de pauta \u00e9 a elei\u00e7\u00e3o de delegados\/as para a 197\u00aa Plena, que ir\u00e1 ocorrer no formato virtual, no dia 13<\/p>\n","protected":false},"author":7,"featured_media":6916,"comment_status":"closed","ping_status":"closed","sticky":true,"template":"","format":"standard","meta":{"footnotes":""},"categories":[37,41,42],"tags":[59,213,225],"class_list":{"0":"post-7068","1":"post","2":"type-post","3":"status-publish","4":"format-standard","5":"has-post-thumbnail","7":"category-destaque","8":"category-movimento","9":"category-noticia","10":"tag-assembleia","11":"tag-servico-publico","12":"tag-ufsm"},"_links":{"self":[{"href":"https:\/\/sinasefesm.com\/index.php\/wp-json\/wp\/v2\/posts\/7068","targetHints":{"allow":["GET"]}}],"collection":[{"href":"https:\/\/sinasefesm.com\/index.php\/wp-json\/wp\/v2\/posts"}],"about":[{"href":"https:\/\/sinasefesm.com\/index.php\/wp-json\/wp\/v2\/types\/post"}],"author":[{"embeddable":true,"href":"https:\/\/sinasefesm.com\/index.php\/wp-json\/wp\/v2\/users\/7"}],"replies":[{"embeddable":true,"href":"https:\/\/sinasefesm.com\/index.php\/wp-json\/wp\/v2\/comments?post=7068"}],"version-history":[{"count":0,"href":"https:\/\/sinasefesm.com\/index.php\/wp-json\/wp\/v2\/posts\/7068\/revisions"}],"wp:featuredmedia":[{"embeddable":true,"href":"https:\/\/sinasefesm.com\/index.php\/wp-json\/wp\/v2\/media\/6916"}],"wp:attachment":[{"href":"https:\/\/sinasefesm.com\/index.php\/wp-json\/wp\/v2\/media?parent=7068"}],"wp:term":[{"taxonomy":"category","embeddable":true,"href":"https:\/\/sinasefesm.com\/index.php\/wp-json\/wp\/v2\/categories?post=7068"},{"taxonomy":"post_tag","embeddable":true,"href":"https:\/\/sinasefesm.com\/index.php\/wp-json\/wp\/v2\/tags?post=7068"}],"curies":[{"name":"wp","href":"https:\/\/api.w.org\/{rel}","templated":true}]}}