{"id":7069,"date":"2024-10-12T12:26:00","date_gmt":"2024-10-12T12:26:00","guid":{"rendered":"https:\/\/sinasefesm.com\/?p=6920"},"modified":"2024-10-12T12:26:00","modified_gmt":"2024-10-12T12:26:00","slug":"em-assembleia-sinasefe-define-proximas-acoes-do-sindicato","status":"publish","type":"post","link":"https:\/\/sinasefesm.com\/index.php\/2024\/10\/12\/em-assembleia-sinasefe-define-proximas-acoes-do-sindicato\/","title":{"rendered":"Em Assembleia, Sinasefe define pr\u00f3ximas a\u00e7\u00f5es do sindicato\u00a0"},"content":{"rendered":"\n<p>Na \u00faltima quinta-feira, 10 de outubro, o Sinasefe de Santa Maria realizou uma Assembleia Geral com seus sindicalizados, no Col\u00e9gio Polit\u00e9cnico da UFSM, para definir os nomes da se\u00e7\u00e3o que devem representar o sindicato na 197\u00b0 Plen\u00e1ria Nacional, no 16\u00b0 ESCIME e no XI FNCIS, al\u00e9m de discutir a ades\u00e3o a demais mobiliza\u00e7\u00f5es, previstas para ocorrerem em breve.<\/p>\n\n\n\n<p>Em nome da se\u00e7\u00e3o santa-mariense, o Coordenador Geral, Jos\u00e9 Ab\u00edlio de Freitas, e o Tesoureiro Geral, Claudio Kelling, participar\u00e3o da <a href=\"https:\/\/sinasefe.org.br\/site\/197a-plena-13-10-24-via-zoom\/\">197\u00b0 Plen\u00e1ria Nacional<\/a>, marcada para acontecer no pr\u00f3ximo domingo, 13 de outubro, de forma remota, via Zoom. Dentre as pautas a serem trabalhadas na Plena, est\u00e3o: o descumprimento dos termos de acordo de greve; calend\u00e1rio de luta; e paralisa\u00e7\u00e3o.<\/p>\n\n\n\n<p>Durante a Assembleia, tamb\u00e9m se definiu a participa\u00e7\u00e3o da se\u00e7\u00e3o na pr\u00f3xima edi\u00e7\u00e3o do Encontro dos Servidores Civis das Institui\u00e7\u00f5es de Ensino Vinculadas ao Minist\u00e9rio da Defesa (ESCIME), que ocorrer\u00e1 dos dias 15 a 17 de novembro, em Salvador-BA. Adriana Lorenzoni representar\u00e1 o sindicato no evento. Neste ano, o ESCIME tem como tema \u201cFortalecimento da base do MD na estrutura da Dire\u00e7\u00e3o Nacional do SINASEFE\u201d. Para mais informa\u00e7\u00f5es sobre o 16\u00b0 ESCIME, acesse <a href=\"https:\/\/sinasefe.org.br\/site\/16o-escime-15-a-17-de-novembro-em-salvador-ba\/\">aqui<\/a>.\u00a0<\/p>\n\n\n\n<p>Al\u00e9m disso, o sindicato participar\u00e1 do <a href=\"https:\/\/xifncis.ufrn.br\/2024\/08\/programacao-oficial.html\">XI F\u00f3rum Nacional das Comiss\u00f5es Internas de Supervis\u00e3o (FNCIS)<\/a>, evento promovido pela Universidade Federal do Rio Grande do Norte (UFRN) que visa discutir a reestrutura\u00e7\u00e3o de carreira e o futuro do PCCTAE. . O nome que representar\u00e1 a se\u00e7\u00e3o sindical neste evento \u00e9 o Secret\u00e1rio de Carreira e Rela\u00e7\u00e3o de Trabalho, Ad\u00e3o Damasceno. O F\u00f3rum ocorrer\u00e1 na pr\u00f3pria UFRN, entre os dias 25 e 29 de novembro.<\/p>\n\n\n\n<p><strong>Apoio \u00e0 paralisa\u00e7\u00e3o&nbsp;<\/strong><\/p>\n\n\n\n<p>Al\u00e9m da participa\u00e7\u00e3o nos pr\u00f3ximos eventos do Sinasefe, estabeleceu-se em Assembleia que a se\u00e7\u00e3o de Santa Maria apoiar\u00e1 a <a href=\"https:\/\/sinasefe.org.br\/site\/dn-orienta-categoria-a-debater-paralisacao-de-48h-em-15-e-16-10\/\">paralisa\u00e7\u00e3o<\/a> promovida pela Dire\u00e7\u00e3o Nacional para os dias 15 e 16 de outubro. O intuito desta mobiliza\u00e7\u00e3o de 48h \u00e9 cobrar o cumprimento efetivo dos acordos provenientes da greve 2024, tanto para docentes quanto para t\u00e9cnico-administrativos(as) em educa\u00e7\u00e3o (TAEs).<\/p>\n\n\n\n<hr class=\"wp-block-separator has-alpha-channel-opacity\"\/>\n\n\n\n<p><strong><em>Texto: Laurent Keller<\/em><\/strong><\/p>\n\n\n\n<p><strong><em>Imagem: arquivo pessoal<\/em><\/strong><\/p>\n","protected":false},"excerpt":{"rendered":"<p>Na \u00faltima quinta-feira, 10 de outubro, o Sinasefe de Santa Maria realizou uma Assembleia Geral com seus sindicalizados, no Col\u00e9gio Polit\u00e9cnico da UFSM, para definir os nomes da se\u00e7\u00e3o que devem representar o sindicato na 197\u00b0 Plen\u00e1ria Nacional, no 16\u00b0 ESCIME e no XI FNCIS, al\u00e9m de discutir a ades\u00e3o a demais mobiliza\u00e7\u00f5es, previstas para<\/p>\n","protected":false},"author":5,"featured_media":6924,"comment_status":"closed","ping_status":"closed","sticky":true,"template":"","format":"standard","meta":{"footnotes":""},"categories":[37,39,42],"tags":[236,270,187,282],"class_list":{"0":"post-7069","1":"post","2":"type-post","3":"status-publish","4":"format-standard","5":"has-post-thumbnail","7":"category-destaque","8":"category-eventos","9":"category-noticia","10":"tag-16o-escime","11":"tag-paralisacao","12":"tag-plenaria-nacional","13":"tag-xi-fncis"},"_links":{"self":[{"href":"https:\/\/sinasefesm.com\/index.php\/wp-json\/wp\/v2\/posts\/7069","targetHints":{"allow":["GET"]}}],"collection":[{"href":"https:\/\/sinasefesm.com\/index.php\/wp-json\/wp\/v2\/posts"}],"about":[{"href":"https:\/\/sinasefesm.com\/index.php\/wp-json\/wp\/v2\/types\/post"}],"author":[{"embeddable":true,"href":"https:\/\/sinasefesm.com\/index.php\/wp-json\/wp\/v2\/users\/5"}],"replies":[{"embeddable":true,"href":"https:\/\/sinasefesm.com\/index.php\/wp-json\/wp\/v2\/comments?post=7069"}],"version-history":[{"count":0,"href":"https:\/\/sinasefesm.com\/index.php\/wp-json\/wp\/v2\/posts\/7069\/revisions"}],"wp:featuredmedia":[{"embeddable":true,"href":"https:\/\/sinasefesm.com\/index.php\/wp-json\/"}],"wp:attachment":[{"href":"https:\/\/sinasefesm.com\/index.php\/wp-json\/wp\/v2\/media?parent=7069"}],"wp:term":[{"taxonomy":"category","embeddable":true,"href":"https:\/\/sinasefesm.com\/index.php\/wp-json\/wp\/v2\/categories?post=7069"},{"taxonomy":"post_tag","embeddable":true,"href":"https:\/\/sinasefesm.com\/index.php\/wp-json\/wp\/v2\/tags?post=7069"}],"curies":[{"name":"wp","href":"https:\/\/api.w.org\/{rel}","templated":true}]}}