{"id":7070,"date":"2024-10-13T14:35:19","date_gmt":"2024-10-13T14:35:19","guid":{"rendered":"https:\/\/sinasefesm.com\/?p=6922"},"modified":"2024-10-13T14:35:19","modified_gmt":"2024-10-13T14:35:19","slug":"governo-confirma-pauta-de-reunioes-sobre-acordos-de-greve","status":"publish","type":"post","link":"https:\/\/sinasefesm.com\/index.php\/2024\/10\/13\/governo-confirma-pauta-de-reunioes-sobre-acordos-de-greve\/","title":{"rendered":"Governo confirma pauta de reuni\u00f5es sobre acordos de greve"},"content":{"rendered":"\n<p>Em resposta ao &nbsp;<a href=\"https:\/\/sinasefe.org.br\/site\/download\/oficio-no-165-2024-instalacao-de-gts-pcctae-e-pccmf-ebtt\/\" target=\"_blank\" rel=\"noreferrer noopener\">Of\u00edcio n\u00ba 165\/2024<\/a>, o&nbsp;<a href=\"https:\/\/sinasefe.org.br\/site\/download\/oficio-sei-no-143578-2024-mgi-instalacao-dos-gts-pcctae-e-magisterio-federal\" target=\"_blank\" rel=\"noreferrer noopener\">Governo Federal respondeu <\/a>na sexta&nbsp;(11\/10) quais ser\u00e3o as pautas tratadas nos&nbsp;<a href=\"https:\/\/sinasefe.org.br\/site\/acordos-de-greve-mgi-agenda-instalacao-de-gts-e-sindicato-solicita-detalhes-e-cronograma\/\" target=\"_blank\" rel=\"noreferrer noopener\">Grupos de Trabalho (GTs) que ser\u00e3o abertos<\/a>&nbsp;na ter\u00e7a (15\/10, \u00e0s 15h), para tratar da carreira dos t\u00e9cnico-administrativos e, em 23\/10 (quarta da semana seguinte, \u00e0s 10h), para tratar da carreira das e dos docentes.<\/p>\n\n\n\n<p>Os dois novos GTs ocorrer\u00e3o no \u00e2mbito da Mesa Nacional de Negocia\u00e7\u00e3o Permanente (MNNP) e foram convocados pela Diretoria de Rela\u00e7\u00f5es de Trabalho no Servi\u00e7o P\u00fablico, que faz parte do Minist\u00e9rio da Gest\u00e3o e da Inova\u00e7\u00e3o em Servi\u00e7os P\u00fablicos (MGI), em cumprimento aos\u00a0<a href=\"https:\/\/sinasefe.org.br\/site\/sinasefe-assina-acordos-e-categoria-retoma-atividades-ate-03-07\" target=\"_blank\" rel=\"noreferrer noopener\">Termos de Acordo de Greve<\/a>\u00a0<a href=\"https:\/\/sinasefe.org.br\/site\/download\/termo-de-acordo-no-10-greve-2024-reestruturacao-do-pccmf-ebtt\/\" target=\"_blank\" rel=\"noreferrer noopener\">n\u00ba 10\/2024<\/a>\u00a0(docentes) e\u00a0<a href=\"https:\/\/sinasefe.org.br\/site\/download\/termo-de-acordo-no-11-greve-2024-reestruturacao-do-pcctae\/\" target=\"_blank\" rel=\"noreferrer noopener\">n\u00ba 11\/2024<\/a>\u00a0(TAEs).<\/p>\n\n\n\n<p><strong>GT do PCCTAE \u2013 instala\u00e7\u00e3o em 15\/10<\/strong><\/p>\n\n\n\n<p>Ser\u00e3o objetos de discuss\u00e3o do GT do&nbsp;<a href=\"https:\/\/www.planalto.gov.br\/ccivil_03\/_ato2004-2006\/2005\/lei\/l11091.htm\" target=\"_blank\" rel=\"noreferrer noopener\">PCCTAE<\/a>&nbsp;os temas tratados nas cl\u00e1usulas 8\u00aa, 9\u00aa e 11\u00aa do&nbsp;<a href=\"https:\/\/sinasefe.org.br\/site\/download\/termo-de-acordo-no-11-greve-2024-reestruturacao-do-pcctae\/\" target=\"_blank\" rel=\"noreferrer noopener\">Termo de Acordo n\u00ba 11\/2024<\/a>:<\/p>\n\n\n\n<ul class=\"wp-block-list\">\n<li><strong>Cl\u00e1usula 8\u00aa<\/strong>\u00a0\u2013 No per\u00edodo de agosto a dezembro de 2024 ser\u00e1 criado GT no MGI, com a participa\u00e7\u00e3o do Minist\u00e9rio da Educa\u00e7\u00e3o (MEC) e das entidades sindicais, para an\u00e1lise e levantamento de impactos relativos ao contingente de servidores que permaneceram no\u00a0<a href=\"https:\/\/www.planalto.gov.br\/ccivil_03\/decreto\/antigos\/d94664.htm\" target=\"_blank\" rel=\"noreferrer noopener\">PUCRECE<\/a>\u00a0e que desejam a reabertura de prazo para ades\u00e3o ao PCCTAE. Em se constatando a viabilidade, a medida ser\u00e1 implantada em 2025.<\/li>\n\n\n\n<li><strong>Cl\u00e1usula 9\u00aa<\/strong>\u00a0\u2013 O reposicionamento dos aposentados, por ocasi\u00e3o da cria\u00e7\u00e3o do PCCTAE, e que foram enquadrados considerando o tempo de servi\u00e7o p\u00fablico federal, ser\u00e1 tratado em GT no MGI\/MEC-CNS, com a participa\u00e7\u00e3o das entidades representativas, para an\u00e1lise e levantamento de impacto, no per\u00edodo entre agosto e dezembro de 2024. Em se constatando a viabilidade, a medida ser\u00e1 implantada em 2025.<\/li>\n\n\n\n<li><strong>Cl\u00e1usula 11\u00aa<\/strong>\u00a0\u2013 A proposta de institucionaliza\u00e7\u00e3o do plant\u00e3o de\u00a0<em>12 horas x 60 horas<\/em>\u00a0para servidores dos Hospitais Universit\u00e1rios e vigilantes que trabalham em regime de plant\u00e3o ou escala, ser\u00e1 objeto de tratamento em GT no MGI, com a participa\u00e7\u00e3o das entidades representativas, no per\u00edodo de agosto a dezembro de 2024.<br><br><strong>GT do Magist\u00e9rio Federal \u2013 instala\u00e7\u00e3o em 23\/10<\/strong><br><\/li>\n\n\n\n<li>Ser\u00e3o objetos de discuss\u00e3o do GT do\u00a0<a href=\"https:\/\/www.planalto.gov.br\/ccivil_03\/_ato2011-2014\/2012\/lei\/l12772.htm\" target=\"_blank\" rel=\"noreferrer noopener\">Magist\u00e9rio Federal<\/a>\u00a0(Superior e EBTT) os temas tratados na cl\u00e1usula 5\u00aa, al\u00ednea b, do\u00a0<a href=\"https:\/\/sinasefe.org.br\/site\/download\/termo-de-acordo-no-10-greve-2024-reestruturacao-do-pccmf-ebtt\" target=\"_blank\" rel=\"noreferrer noopener\">Termo de Acordo n\u00ba 10\/2024<\/a>:<\/li>\n\n\n\n<li><strong>Cl\u00e1usula 5\u00aa, al\u00ednea b<\/strong>\u00a0\u2013 cria\u00e7\u00e3o de GT para tratar das demandas apresentadas, quais sejam:\n<ul class=\"wp-block-list\">\n<li>reenquadramento de aposentados;<\/li>\n\n\n\n<li>entrada lateral (entrada e reposicionamento na carreira);<\/li>\n\n\n\n<li>e insalubridade (revoga\u00e7\u00e3o da IN n\u00ba 15).<br><br>Fonte e imagem: Sinasefe Nacional<br><br><\/li>\n<\/ul>\n<\/li>\n<\/ul>\n","protected":false},"excerpt":{"rendered":"<p>Em resposta ao &nbsp;Of\u00edcio n\u00ba 165\/2024, o&nbsp;Governo Federal respondeu na sexta&nbsp;(11\/10) quais ser\u00e3o as pautas tratadas nos&nbsp;Grupos de Trabalho (GTs) que ser\u00e3o abertos&nbsp;na ter\u00e7a (15\/10, \u00e0s 15h), para tratar da carreira dos t\u00e9cnico-administrativos e, em 23\/10 (quarta da semana seguinte, \u00e0s 10h), para tratar da carreira das e dos docentes. Os dois novos GTs ocorrer\u00e3o<\/p>\n","protected":false},"author":7,"featured_media":6927,"comment_status":"closed","ping_status":"closed","sticky":true,"template":"","format":"standard","meta":{"footnotes":""},"categories":[37,41,42],"tags":[],"class_list":{"0":"post-7070","1":"post","2":"type-post","3":"status-publish","4":"format-standard","5":"has-post-thumbnail","7":"category-destaque","8":"category-movimento","9":"category-noticia"},"_links":{"self":[{"href":"https:\/\/sinasefesm.com\/index.php\/wp-json\/wp\/v2\/posts\/7070","targetHints":{"allow":["GET"]}}],"collection":[{"href":"https:\/\/sinasefesm.com\/index.php\/wp-json\/wp\/v2\/posts"}],"about":[{"href":"https:\/\/sinasefesm.com\/index.php\/wp-json\/wp\/v2\/types\/post"}],"author":[{"embeddable":true,"href":"https:\/\/sinasefesm.com\/index.php\/wp-json\/wp\/v2\/users\/7"}],"replies":[{"embeddable":true,"href":"https:\/\/sinasefesm.com\/index.php\/wp-json\/wp\/v2\/comments?post=7070"}],"version-history":[{"count":0,"href":"https:\/\/sinasefesm.com\/index.php\/wp-json\/wp\/v2\/posts\/7070\/revisions"}],"wp:featuredmedia":[{"embeddable":true,"href":"https:\/\/sinasefesm.com\/index.php\/wp-json\/wp\/v2\/media\/6927"}],"wp:attachment":[{"href":"https:\/\/sinasefesm.com\/index.php\/wp-json\/wp\/v2\/media?parent=7070"}],"wp:term":[{"taxonomy":"category","embeddable":true,"href":"https:\/\/sinasefesm.com\/index.php\/wp-json\/wp\/v2\/categories?post=7070"},{"taxonomy":"post_tag","embeddable":true,"href":"https:\/\/sinasefesm.com\/index.php\/wp-json\/wp\/v2\/tags?post=7070"}],"curies":[{"name":"wp","href":"https:\/\/api.w.org\/{rel}","templated":true}]}}