{"id":7074,"date":"2024-10-28T20:10:34","date_gmt":"2024-10-28T20:10:34","guid":{"rendered":"https:\/\/sinasefesm.com\/?p=6945"},"modified":"2024-10-28T20:10:34","modified_gmt":"2024-10-28T20:10:34","slug":"sinasefe-nacional-tratou-temas-importantes-com-o-mec","status":"publish","type":"post","link":"https:\/\/sinasefesm.com\/index.php\/2024\/10\/28\/sinasefe-nacional-tratou-temas-importantes-com-o-mec\/","title":{"rendered":"Sinasefe Nacional tratou temas importantes com o MEC"},"content":{"rendered":"\n<p>Na manh\u00e3 de quinta (24\/10)&nbsp;<a href=\"https:\/\/sinasefe.org.br\/site\/reuniao-com-mec\/\" target=\"_blank\" rel=\"noreferrer noopener\">o SINASEFE se reuniu<\/a>&nbsp;com representantes da Secretaria de Educa\u00e7\u00e3o Profissional e Tecnol\u00f3gica (Setec) do Minist\u00e9rio da Educa\u00e7\u00e3o (MEC).<\/p>\n\n\n\n<p>A reuni\u00e3o aconteceu na sede do MEC, em Bras\u00edlia, e tratou de tr\u00eas pontos espec\u00edficos:<\/p>\n\n\n\n<ol class=\"wp-block-list\" start=\"1\">\n<li>A recomposi\u00e7\u00e3o do&nbsp;<a href=\"https:\/\/sinasefe.org.br\/site\/documentos\/comissoes-e-conselhos\/comissao-nacional-docente\/cprsc\/\" target=\"_blank\" rel=\"noreferrer noopener\">Conselho Permanente para o Reconhecimento de Saberes e Compet\u00eancias<\/a>&nbsp;(CPRSC);<\/li>\n\n\n\n<li>A nova estrutura da carreira EBTT (<a href=\"https:\/\/www.planalto.gov.br\/ccivil_03\/_ato2011-2014\/2012\/lei\/l12772.htm\" target=\"_blank\" rel=\"noreferrer noopener\">lei 12.772\/2012<\/a>);<\/li>\n\n\n\n<li>A racionaliza\u00e7\u00e3o da carreira PCCTAE (<a href=\"https:\/\/www.planalto.gov.br\/ccivil_03\/_ato2004-2006\/2005\/lei\/l11091.htm\" target=\"_blank\" rel=\"noreferrer noopener\">lei n\u00ba 11.091\/2005<\/a>).<br><br>A agenda foi constru\u00edda devido a\u00a0<a href=\"https:\/\/sinasefe.org.br\/site\/atividades-da-semana-confira-resumo-do-plantao-de-07-a-11-10\/\" target=\"_blank\" rel=\"noreferrer noopener\">cobran\u00e7a do SINASEFE<\/a>\u00a0\u00e0 Setec\/MEC, feita no dia 10 de outubro de 2024 por meio do\u00a0<a href=\"https:\/\/sinasefe.org.br\/site\/download\/oficio-no-168-2024-solicita-audiencia-com-mec\/\" target=\"_blank\" rel=\"noreferrer noopener\">Of\u00edcio n\u00ba 168\/2024<\/a>.<br><br><strong>Recomposi\u00e7\u00e3o do CPRSC<\/strong><br><br>Sobre a recomposi\u00e7\u00e3o do CPRSC, a Setec\/MEC estabeleceu prazo de que at\u00e9 quarta-feira (30\/10) enviar\u00e1 documento para a Consultoria Jur\u00eddica (Conjur) do MEC. De l\u00e1, o documento dever\u00e1 partir para o gabinete do Ministro Camilo Santana.<br><br><strong>Estrutura do EBTT<\/strong><br><br>Sobre a nova estrutura da carreira docente, foi tratado o quesito da aglutina\u00e7\u00e3o das classes D1 e D2, que se tiverem (ou forem completar) tr\u00eas anos, ir\u00e3o \u00e0 classe subsequente (hoje seria a classe D3-01).<br><br><strong>Racionaliza\u00e7\u00e3o do PCCTAE<\/strong><br><br>Sobre a racionaliza\u00e7\u00e3o de cargos do PCCTAE, foi debatida a quest\u00e3o do cargo de assistente de aluno. O SINASEFE entregou uma Carta aos Parlamentares (no Senado Federal) ontem (23\/10) tratando sobre o tema. A Setec\/MEC foi questionada e relatou estar ciente, afirmando que este item ser\u00e1 remetido para an\u00e1lise da Comiss\u00e3o Nacional de Supervis\u00e3o (CNS) do PCCTAE.<br><br><em>Fonte e imagem: Sinasefe Nacional<\/em><\/li>\n<\/ol>\n","protected":false},"excerpt":{"rendered":"<p>Na manh\u00e3 de quinta (24\/10)&nbsp;o SINASEFE se reuniu&nbsp;com representantes da Secretaria de Educa\u00e7\u00e3o Profissional e Tecnol\u00f3gica (Setec) do Minist\u00e9rio da Educa\u00e7\u00e3o (MEC). A reuni\u00e3o aconteceu na sede do MEC, em Bras\u00edlia, e tratou de tr\u00eas pontos espec\u00edficos:<\/p>\n","protected":false},"author":7,"featured_media":6946,"comment_status":"closed","ping_status":"closed","sticky":true,"template":"","format":"standard","meta":{"footnotes":""},"categories":[41,42,45],"tags":[],"class_list":{"0":"post-7074","1":"post","2":"type-post","3":"status-publish","4":"format-standard","5":"has-post-thumbnail","7":"category-movimento","8":"category-noticia","9":"category-sindicato"},"_links":{"self":[{"href":"https:\/\/sinasefesm.com\/index.php\/wp-json\/wp\/v2\/posts\/7074","targetHints":{"allow":["GET"]}}],"collection":[{"href":"https:\/\/sinasefesm.com\/index.php\/wp-json\/wp\/v2\/posts"}],"about":[{"href":"https:\/\/sinasefesm.com\/index.php\/wp-json\/wp\/v2\/types\/post"}],"author":[{"embeddable":true,"href":"https:\/\/sinasefesm.com\/index.php\/wp-json\/wp\/v2\/users\/7"}],"replies":[{"embeddable":true,"href":"https:\/\/sinasefesm.com\/index.php\/wp-json\/wp\/v2\/comments?post=7074"}],"version-history":[{"count":0,"href":"https:\/\/sinasefesm.com\/index.php\/wp-json\/wp\/v2\/posts\/7074\/revisions"}],"wp:featuredmedia":[{"embeddable":true,"href":"https:\/\/sinasefesm.com\/index.php\/wp-json\/wp\/v2\/media\/6946"}],"wp:attachment":[{"href":"https:\/\/sinasefesm.com\/index.php\/wp-json\/wp\/v2\/media?parent=7074"}],"wp:term":[{"taxonomy":"category","embeddable":true,"href":"https:\/\/sinasefesm.com\/index.php\/wp-json\/wp\/v2\/categories?post=7074"},{"taxonomy":"post_tag","embeddable":true,"href":"https:\/\/sinasefesm.com\/index.php\/wp-json\/wp\/v2\/tags?post=7074"}],"curies":[{"name":"wp","href":"https:\/\/api.w.org\/{rel}","templated":true}]}}