{"id":7075,"date":"2025-01-14T21:35:09","date_gmt":"2025-01-14T21:35:09","guid":{"rendered":"https:\/\/sinasefesm.com\/?p=7020"},"modified":"2025-01-14T21:35:09","modified_gmt":"2025-01-14T21:35:09","slug":"sinasefe-quer-ajuste-em-mp-para-reajuste-correto-a-medico-e-veterinario","status":"publish","type":"post","link":"https:\/\/sinasefesm.com\/index.php\/2025\/01\/14\/sinasefe-quer-ajuste-em-mp-para-reajuste-correto-a-medico-e-veterinario\/","title":{"rendered":"Sinasefe quer mudan\u00e7a em MP para reajuste certo a m\u00e9dicos e m\u00e9dicos veterin\u00e1rios"},"content":{"rendered":"\n<p>Na quarta-feira, 8 de janeiro, o Sinasefe Nacional protocolou o&nbsp;<a href=\"https:\/\/sinasefe.org.br\/site\/download\/oficio-no-1-2025-retificacao-da-medida-provisoria-no-1286-2024-reajuste-dos-servidores\" target=\"_blank\" rel=\"noreferrer noopener\">Of\u00edcio n\u00ba 1\/2025<\/a>&nbsp;no Minist\u00e9rio da Gest\u00e3o e da Inova\u00e7\u00e3o em Servi\u00e7os P\u00fablicos (MGI). Atrav\u00e9s desse documento, o sindicato solicitou uma retifica\u00e7\u00e3o da&nbsp;<a href=\"https:\/\/sinasefe.org.br\/site\/vitoria-da-greve-medida-provisoria-do-reajuste-foi-publicada\" target=\"_blank\" rel=\"noreferrer noopener\">Medida Provis\u00f3ria n\u00ba 1286\/2024<\/a>,&nbsp;<a href=\"https:\/\/www.planalto.gov.br\/ccivil_03\/_Ato2023-2026\/2024\/Mpv\/mpv1286.htm\" target=\"_blank\" rel=\"noreferrer noopener\">publicada em 31 de dezembro<\/a>, para que seja concedido aos m\u00e9dicos e aos m\u00e9dicos veterin\u00e1rios integrantes do&nbsp;<a href=\"https:\/\/www.planalto.gov.br\/ccivil_03\/_ato2004-2006\/2005\/lei\/l11091.htm\" target=\"_blank\" rel=\"noreferrer noopener\">Plano de Carreiras dos Cargos T\u00e9cnico-Administrativos em Educa\u00e7\u00e3o<\/a>&nbsp;(PCCTAE) o percentual correto de reajuste.<\/p>\n\n\n\n<p>A Medida Provis\u00f3ria prev\u00ea, equivocadamente, um reajuste de apenas 4,5% para as tabelas salariais dos m\u00e9dicos e dos m\u00e9dicos veterin\u00e1rios. No entanto, o que estava firmado entre o Governo Lula e o Sinasefe era um reajuste de 9% em janeiro de 2025 e outro de 5% em abril de 2026.<\/p>\n\n\n\n<p>Esses percentuais foram estabelecidos na suspens\u00e3o da&nbsp;<a href=\"https:\/\/sinasefe.org.br\/site\/greve-2024\" target=\"_blank\" rel=\"noreferrer noopener\">greve 2024<\/a>, quando foi assinado com o Governo Federal o&nbsp;<a href=\"https:\/\/sinasefe.org.br\/site\/download\/termo-de-acordo-no-11-greve-2024-reestruturacao-do-pcctae\" target=\"_blank\" rel=\"noreferrer noopener\">Termo de Acordo n\u00ba 11\/2024<\/a>, que prev\u00ea 9% em janeiro de 2025 e 5% em abril de 2026 na cl\u00e1usula 1\u00aa.<\/p>\n\n\n\n<p>Desde que o Termo de Acordo foi assinado,&nbsp;<a href=\"https:\/\/sinasefe.org.br\/site\/sinasefe-assina-acordos-e-categoria-retoma-atividades-ate-03-07\" target=\"_blank\" rel=\"noreferrer noopener\">em 27 de junho<\/a>,&nbsp;<a href=\"https:\/\/sinasefe.org.br\/site\/reajuste-salarial-mgi-enviou-mp-para-casa-civil-sem-o-rsc-tae\" target=\"_blank\" rel=\"noreferrer noopener\">o SINASEFE vem cobrando<\/a>&nbsp;do Governo o imediato cumprimento dos itens relativos \u00e0 carreira dos t\u00e9cnico-administrativos \u2013 dentre os quais as 30 horas semanais e o Reconhecimento de Saberes e Compet\u00eancias (RSC).<\/p>\n\n\n\n<p>Uma nova reuni\u00e3o do GT PCCTAE, junto ao MGI, est\u00e1&nbsp;<a href=\"https:\/\/sinasefe.org.br\/site\/comunicacao\/agenda\" target=\"_blank\" rel=\"noreferrer noopener\">agendada<\/a>&nbsp;para o&nbsp;<a href=\"https:\/\/sinasefe.org.br\/site\/mgi-agenda-reuniao-do-gt-pcctae-para-23-01-25\" target=\"_blank\" rel=\"noreferrer noopener\">pr\u00f3ximo dia 23 de janeiro<\/a>. Este Grupo de Trabalho, que deveria concluir suas atividades em dezembro de 2024,&nbsp;<a href=\"https:\/\/sinasefe.org.br\/site\/reajuste-salarial-mgi-enviou-mp-para-casa-civil-sem-o-rsc-tae\" target=\"_blank\" rel=\"noreferrer noopener\">foi prorrogado at\u00e9 30 de maio de 2025<\/a>.<\/p>\n\n\n\n<p>Buscando fazer o Governo cumprir o que foi assinado, foi enviado o Of\u00edcio 1\/2025 cobrando a devida retifica\u00e7\u00e3o da Medida Provis\u00f3ria 1286\/2024, para que os m\u00e9dicos e os m\u00e9dicos veterin\u00e1rios do PCCTAE recebam o mesmo reajuste do restante da categoria.<\/p>\n\n\n\n<p>Veja mais <strong><a href=\"https:\/\/sinasefe.org.br\/site\/reajuste-salarial-sindicato-cobra-retificacao-da-medida-provisoria-no-1286-2024-ao-mgi\/\">aqui<\/a><\/strong>.<\/p>\n\n\n\n<p><em>Fonte e imagem: Sinasefe Nacional<\/em><\/p>\n","protected":false},"excerpt":{"rendered":"<p>Na quarta-feira, 8 de janeiro, o Sinasefe Nacional protocolou o&nbsp;Of\u00edcio n\u00ba 1\/2025&nbsp;no Minist\u00e9rio da Gest\u00e3o e da Inova\u00e7\u00e3o em Servi\u00e7os P\u00fablicos (MGI). Atrav\u00e9s desse documento, o sindicato solicitou uma retifica\u00e7\u00e3o da&nbsp;Medida Provis\u00f3ria n\u00ba 1286\/2024,&nbsp;publicada em 31 de dezembro, para que seja concedido aos m\u00e9dicos e aos m\u00e9dicos veterin\u00e1rios integrantes do&nbsp;Plano de Carreiras dos Cargos T\u00e9cnico-Administrativos<\/p>\n","protected":false},"author":7,"featured_media":7021,"comment_status":"closed","ping_status":"closed","sticky":true,"template":"","format":"standard","meta":{"footnotes":""},"categories":[41,42,45],"tags":[260,201,213],"class_list":{"0":"post-7075","1":"post","2":"type-post","3":"status-publish","4":"format-standard","5":"has-post-thumbnail","7":"category-movimento","8":"category-noticia","9":"category-sindicato","10":"tag-greve","11":"tag-reajuste-salarial","12":"tag-servico-publico"},"_links":{"self":[{"href":"https:\/\/sinasefesm.com\/index.php\/wp-json\/wp\/v2\/posts\/7075","targetHints":{"allow":["GET"]}}],"collection":[{"href":"https:\/\/sinasefesm.com\/index.php\/wp-json\/wp\/v2\/posts"}],"about":[{"href":"https:\/\/sinasefesm.com\/index.php\/wp-json\/wp\/v2\/types\/post"}],"author":[{"embeddable":true,"href":"https:\/\/sinasefesm.com\/index.php\/wp-json\/wp\/v2\/users\/7"}],"replies":[{"embeddable":true,"href":"https:\/\/sinasefesm.com\/index.php\/wp-json\/wp\/v2\/comments?post=7075"}],"version-history":[{"count":0,"href":"https:\/\/sinasefesm.com\/index.php\/wp-json\/wp\/v2\/posts\/7075\/revisions"}],"wp:featuredmedia":[{"embeddable":true,"href":"https:\/\/sinasefesm.com\/index.php\/wp-json\/"}],"wp:attachment":[{"href":"https:\/\/sinasefesm.com\/index.php\/wp-json\/wp\/v2\/media?parent=7075"}],"wp:term":[{"taxonomy":"category","embeddable":true,"href":"https:\/\/sinasefesm.com\/index.php\/wp-json\/wp\/v2\/categories?post=7075"},{"taxonomy":"post_tag","embeddable":true,"href":"https:\/\/sinasefesm.com\/index.php\/wp-json\/wp\/v2\/tags?post=7075"}],"curies":[{"name":"wp","href":"https:\/\/api.w.org\/{rel}","templated":true}]}}