{"id":7076,"date":"2025-02-05T12:46:54","date_gmt":"2025-02-05T12:46:54","guid":{"rendered":"https:\/\/sinasefesm.com\/?p=7028"},"modified":"2025-02-05T12:46:54","modified_gmt":"2025-02-05T12:46:54","slug":"sindicato-nacional-faz-reuniao-com-ministerio-da-defesa","status":"publish","type":"post","link":"https:\/\/sinasefesm.com\/index.php\/2025\/02\/05\/sindicato-nacional-faz-reuniao-com-ministerio-da-defesa\/","title":{"rendered":"Sindicato nacional faz reuni\u00e3o com Minist\u00e9rio da Defesa"},"content":{"rendered":"\n<p>O Sinasefe&nbsp;<a href=\"https:\/\/www.instagram.com\/p\/DFayCbfpv0Z\" target=\"_blank\" rel=\"noreferrer noopener\">se reuniu<\/a>&nbsp;com a&nbsp;<a href=\"https:\/\/www.gov.br\/defesa\/pt-br\/composicao\/secretaria-geral\/secretaria-de-pessoal-ensino-saude-e-desporto-sepesd\" target=\"_blank\" rel=\"noreferrer noopener\">Secretaria de Pessoal, Sa\u00fade, Desporto e Projetos Sociais<\/a>&nbsp;(Sepesd) do&nbsp;<a href=\"https:\/\/www.gov.br\/defesa\/pt-br\" target=\"_blank\" rel=\"noreferrer noopener\">Minist\u00e9rio da Defesa<\/a>&nbsp;(MD).<\/p>\n\n\n\n<p>O encontro foi fruto dos Of\u00edcios do SINASEFE&nbsp;<a href=\"https:\/\/sinasefe.org.br\/site\/download\/oficio-no-210-2024-solicitacao-de-reuniao-para-apresentacao-de-representantes-do-sinasefe\" target=\"_blank\" rel=\"noreferrer noopener\">n\u00ba 210\/2024<\/a>,&nbsp;<a href=\"https:\/\/sinasefe.org.br\/site\/download\/oficio-221-2024-solicitacao-de-agendamento-de-reuniao\" target=\"_blank\" rel=\"noreferrer noopener\">n\u00ba 221\/2024<\/a>&nbsp;e&nbsp;<a href=\"https:\/\/sinasefe.org.br\/site\/download\/oficio-no-008-2025-nova-solicitacao-de-agendamento-de-reuniao-com-os-representantes-da-coordenacao-de-politicas-para-as-instituicoes-de-ensino-subordinadas-e-vinculadas-ao-ministerio-da-defesa-do\" target=\"_blank\" rel=\"noreferrer noopener\">n\u00ba 8\/2025<\/a>, que solicitaram de forma reiterada o agendamento do espa\u00e7o negocial entre o Minist\u00e9rio e o sindicato.<\/p>\n\n\n\n<p>A reuni\u00e3o aconteceu na sede do MD, em Bras\u00edlia-DF,&nbsp;no dia 29\/01, tendo como pautas:<\/p>\n\n\n\n<ol class=\"wp-block-list\">\n<li>a apresenta\u00e7\u00e3o da&nbsp;<a href=\"https:\/\/sinasefe.org.br\/site\/documentos\/direcao-nacional\/?coordenacao-de-politica-para-as-instituicoes-de-ensino-subordinadas-ou-vinculadas-ao-ministerio-da-defesa\" target=\"_blank\" rel=\"noreferrer noopener\">Coordena\u00e7\u00e3o do SINASEFE de Pol\u00edticas para as Institui\u00e7\u00f5es de Ensino Vinculadas ou Subordinadas ao MD<\/a>;<\/li>\n\n\n\n<li>a abertura de um canal de di\u00e1logo permanente entre o Minist\u00e9rio e o sindicato;<\/li>\n\n\n\n<li>e a apresenta\u00e7\u00e3o das demandas dos servidores das Institui\u00e7\u00f5es Federais de Ensino (IFEs) da base do SINASEFE que est\u00e3o ligadas ao MD, com destaques para:\n<ul class=\"wp-block-list\">\n<li>a men\u00e7\u00e3o do&nbsp;<a href=\"https:\/\/sinasefe.org.br\/site\/sinasefe-se-reune-com-ministerio-da-defesa-e-entrega-dossie-que-resume-denuncias-de-ies-vinculadas-ao-md\" target=\"_blank\" rel=\"noreferrer noopener\">dossi\u00ea j\u00e1 protocolado<\/a>&nbsp;pelo sindicato com den\u00fancias de ass\u00e9dios e abusos nos locais de trabalho;<\/li>\n\n\n\n<li>a transposi\u00e7\u00e3o dos t\u00e9cnico-administrativos que est\u00e3o no&nbsp;<a href=\"https:\/\/www.planalto.gov.br\/ccivil_03\/_ato2004-2006\/2006\/lei\/l11357.htm\" target=\"_blank\" rel=\"noreferrer noopener\">Plano Geral de Cargos do Poder Executivo<\/a>&nbsp;(PGPE) para o&nbsp;<a href=\"https:\/\/www.planalto.gov.br\/ccivil_03\/_ato2004-2006\/2005\/lei\/l11091.htm\" target=\"_blank\" rel=\"noreferrer noopener\">Plano de Carreira dos Cargos T\u00e9cnico-Administrativos em Educa\u00e7\u00e3o<\/a>&nbsp;(PCCTAE);<\/li>\n\n\n\n<li>o pedido de readmiss\u00e3o do professor Gustavo Corn\u00e9lio, que foi&nbsp;<a href=\"https:\/\/sinasefe.org.br\/site\/basta-de-perseguicao-pela-reintegracao-imediata-do-professor-gustavo-cornelio\" target=\"_blank\" rel=\"noreferrer noopener\">demitido de forma arbitr\u00e1ria e ilegal<\/a>&nbsp;do&nbsp;<a href=\"https:\/\/www2.fab.mil.br\/cbnb\" target=\"_blank\" rel=\"noreferrer noopener\">Col\u00e9gio Brigadeiro Newton Braga<\/a>.<\/li>\n<\/ul>\n<\/li>\n<\/ol>\n\n\n\n<h3 class=\"wp-block-heading\">Representa\u00e7\u00e3o do SINASEFE<\/h3>\n\n\n\n<p>O Sinasefe foi representado no espa\u00e7o por Amaury Garcia (secret\u00e1rio-adjunto de pol\u00edticas para as Institui\u00e7\u00f5es de Ensino ligadas ao Minist\u00e9rio da Defesa) e Lissa Fontenele (secret\u00e1ria de pol\u00edticas para as Institui\u00e7\u00f5es de Ensino ligadas ao Minist\u00e9rio da Defesa).<\/p>\n\n\n\n<p>Confira <a href=\"https:\/\/www.youtube.com\/watch?v=8JoTsG4pH3U\">aqui <\/a>mais informa\u00e7\u00f5es.<\/p>\n\n\n\n<p>Fonte e imagem: Sinasefe Nacional<br>Edi\u00e7\u00e3o: Fritz Rivail<\/p>\n","protected":false},"excerpt":{"rendered":"<p>O Sinasefe&nbsp;se reuniu&nbsp;com a&nbsp;Secretaria de Pessoal, Sa\u00fade, Desporto e Projetos Sociais&nbsp;(Sepesd) do&nbsp;Minist\u00e9rio da Defesa&nbsp;(MD). O encontro foi fruto dos Of\u00edcios do SINASEFE&nbsp;n\u00ba 210\/2024,&nbsp;n\u00ba 221\/2024&nbsp;e&nbsp;n\u00ba 8\/2025, que solicitaram de forma reiterada o agendamento do espa\u00e7o negocial entre o Minist\u00e9rio e o sindicato. A reuni\u00e3o aconteceu na sede do MD, em Bras\u00edlia-DF,&nbsp;no dia 29\/01, tendo como pautas:<\/p>\n","protected":false},"author":7,"featured_media":7029,"comment_status":"closed","ping_status":"closed","sticky":true,"template":"","format":"standard","meta":{"footnotes":""},"categories":[41,42,45],"tags":[201,213],"class_list":{"0":"post-7076","1":"post","2":"type-post","3":"status-publish","4":"format-standard","5":"has-post-thumbnail","7":"category-movimento","8":"category-noticia","9":"category-sindicato","10":"tag-reajuste-salarial","11":"tag-servico-publico"},"_links":{"self":[{"href":"https:\/\/sinasefesm.com\/index.php\/wp-json\/wp\/v2\/posts\/7076","targetHints":{"allow":["GET"]}}],"collection":[{"href":"https:\/\/sinasefesm.com\/index.php\/wp-json\/wp\/v2\/posts"}],"about":[{"href":"https:\/\/sinasefesm.com\/index.php\/wp-json\/wp\/v2\/types\/post"}],"author":[{"embeddable":true,"href":"https:\/\/sinasefesm.com\/index.php\/wp-json\/wp\/v2\/users\/7"}],"replies":[{"embeddable":true,"href":"https:\/\/sinasefesm.com\/index.php\/wp-json\/wp\/v2\/comments?post=7076"}],"version-history":[{"count":0,"href":"https:\/\/sinasefesm.com\/index.php\/wp-json\/wp\/v2\/posts\/7076\/revisions"}],"wp:featuredmedia":[{"embeddable":true,"href":"https:\/\/sinasefesm.com\/index.php\/wp-json\/wp\/v2\/media\/7029"}],"wp:attachment":[{"href":"https:\/\/sinasefesm.com\/index.php\/wp-json\/wp\/v2\/media?parent=7076"}],"wp:term":[{"taxonomy":"category","embeddable":true,"href":"https:\/\/sinasefesm.com\/index.php\/wp-json\/wp\/v2\/categories?post=7076"},{"taxonomy":"post_tag","embeddable":true,"href":"https:\/\/sinasefesm.com\/index.php\/wp-json\/wp\/v2\/tags?post=7076"}],"curies":[{"name":"wp","href":"https:\/\/api.w.org\/{rel}","templated":true}]}}