{"id":7081,"date":"2025-02-14T13:58:19","date_gmt":"2025-02-14T13:58:19","guid":{"rendered":"https:\/\/sinasefesm.com\/?p=7053"},"modified":"2025-02-14T13:58:19","modified_gmt":"2025-02-14T13:58:19","slug":"tae-propostas-que-regulamentam-e-modificam-mpv-1286-24","status":"publish","type":"post","link":"https:\/\/sinasefesm.com\/index.php\/2025\/02\/14\/tae-propostas-que-regulamentam-e-modificam-mpv-1286-24\/","title":{"rendered":"TAEs: propostas que regulamentam e modificam  MPV 1286\/24"},"content":{"rendered":"\n<p>O Sinasefe divulgou na quarta-feira (12\/02) o conte\u00fado de dois of\u00edcios enviados pelo Minist\u00e9rio da Educa\u00e7\u00e3o (MEC) ao Minist\u00e9rio da Gest\u00e3o e da Inova\u00e7\u00e3o em Servi\u00e7os P\u00fablicos (MGI). Os documentos t\u00eam dois objetivos b\u00e1sicos: regulamentar detalhes da\u00a0<a href=\"https:\/\/www.planalto.gov.br\/ccivil_03\/_Ato2023-2026\/2024\/Mpv\/mpv1286.htm\" target=\"_blank\" rel=\"noreferrer noopener\">Medida Provis\u00f3ria (MPV) n\u00ba 1286\/2024<\/a>\u00a0(como regras de transi\u00e7\u00e3o, por exemplo) e incluir na Medida itens importantes que n\u00e3o constaram originalmente. Os materiais foram elaborados coletivamente na Comiss\u00e3o Nacional de Supervis\u00e3o da Carreira dos Cargos T\u00e9cnico-Administrativos em Educa\u00e7\u00e3o (CNSCCTAE).<\/p>\n\n\n\n<h3 class=\"wp-block-heading\">Regras de transi\u00e7\u00e3o e progress\u00f5es<\/h3>\n\n\n\n<p>Fruto da\u00a0<a href=\"https:\/\/sinasefe.org.br\/site\/vitoria-da-greve-medida-provisoria-do-reajuste-foi-publicada\/\" target=\"_blank\" rel=\"noreferrer noopener\">mobiliza\u00e7\u00e3o da categoria na greve de 2024<\/a>, a MPV 1286\/2024 reestruturou a carreira de t\u00e9cnico-administrativos(as) em educa\u00e7\u00e3o, alterando itens relativos \u00e0s progress\u00f5es, por exemplo. O of\u00edcio n\u00ba 99\/2025, do MEC (Nota T\u00e9cnica n\u00ba 1\/2025\/CNS) re\u00fane todos entendimentos da CNSCCTAE sobre a medida, destacando itens relativos \u00e0 progress\u00e3o por m\u00e9rito e a acelera\u00e7\u00e3o da progress\u00e3o por capacita\u00e7\u00e3o.<\/p>\n\n\n\n<p><em>\u201cElaboramos esse documento para que haja uma unicidade no tratamento dessas quest\u00f5es em n\u00edvel nacional, por todas institui\u00e7\u00f5es. A constru\u00e7\u00e3o e o debate desta Nota T\u00e9cnica j\u00e1 foram finalizadas na Comiss\u00e3o (MEC) e este documento agora est\u00e1 com o MGI para poss\u00edveis sugest\u00f5es, superada essa etapa, o MEC vai repassar o documento final para todas as institui\u00e7\u00f5es\u201d,<\/em>\u00a0explica o coordenador de pessoal TAE do Sinasefe, Roni Rodrigues, que tamb\u00e9m integra a CNSCCTAE.<\/p>\n\n\n\n<h3 class=\"wp-block-heading\">Adequa\u00e7\u00f5es e inclus\u00f5es na MPV<\/h3>\n\n\n\n<p>Ainda sobre o teor da MPV 1286\/2024, a CNSCCTAE destacou pontos que foram suprimidos e incompreendidos na medida, enumerando dez itens com apontamentos detalhados, al\u00e9m de apresentar a minuta do texto legal j\u00e1 adequado ao PCCTAE.<\/p>\n\n\n\n<p><em>\u201cDetalhamos todos pontos que estavam previstos no Relat\u00f3rio de Aprimoramento do PCCTAE, entregue ao MGI ainda em abril de 2024, e que\u00a0<a href=\"https:\/\/sinasefe.org.br\/site\/carreira-tae-governo-modifica-minuta-de-projeto-de-lei-e-retira-itens-previstos-no-acordo-de-greve\/\" target=\"_blank\" rel=\"noreferrer noopener\">n\u00e3o constaram na MPV<\/a>, como por exemplo o Reconhecimento de Saberes e Compet\u00eancias (RSC-TAE). Refor\u00e7amos a import\u00e2ncia da cria\u00e7\u00e3o formal do RSC-TAE, para que ele possa ser regulamentado o quanto antes\u201d<\/em>, explica Roni.<\/p>\n\n\n\n<h3 class=\"wp-block-heading\">Presen\u00e7a do Sinasefe na CNSCCTAE<\/h3>\n\n\n\n<p>Atualmente,\u00a0<a href=\"https:\/\/sinasefe.org.br\/site\/carreira-tae-portaria-atualiza-representantes-do-sinasefe-na-cnscctae\/\" target=\"_blank\" rel=\"noreferrer noopener\">integram a CNSCCTAE pelo SINASEFE<\/a>\u00a0os titulares: Roni Rodrigues da Silva, William do Nascimento Carvalho e Leewertton de Souza Marreiro. Na supl\u00eancia est\u00e3o: Eliz\u00e2ngela Maria Esteves de Barros e Daniela Zanotti da Silva.<\/p>\n\n\n\n<p>Mais detalhes <a href=\"https:\/\/sinasefe.org.br\/site\/carreira-tae-confira-as-propostas-quem-podem-regulamentar-e-modificar-a-mpv-1286-2024\/\">aqui<\/a>.<\/p>\n\n\n\n<p><em>Fonte e imagem: Sinasefe Nacional<br>Edi\u00e7\u00e3o: Fritz Rivail<\/em><\/p>\n\n\n\n<p><\/p>\n","protected":false},"excerpt":{"rendered":"<p>O Sinasefe divulgou na quarta-feira (12\/02) o conte\u00fado de dois of\u00edcios enviados pelo Minist\u00e9rio da Educa\u00e7\u00e3o (MEC) ao Minist\u00e9rio da Gest\u00e3o e da Inova\u00e7\u00e3o em Servi\u00e7os P\u00fablicos (MGI). Os documentos t\u00eam dois objetivos b\u00e1sicos: regulamentar detalhes da\u00a0Medida Provis\u00f3ria (MPV) n\u00ba 1286\/2024\u00a0(como regras de transi\u00e7\u00e3o, por exemplo) e incluir na Medida itens importantes que n\u00e3o constaram<\/p>\n","protected":false},"author":7,"featured_media":0,"comment_status":"closed","ping_status":"closed","sticky":true,"template":"","format":"standard","meta":{"footnotes":""},"categories":[37,42,45],"tags":[201,213],"class_list":{"0":"post-7081","1":"post","2":"type-post","3":"status-publish","4":"format-standard","6":"category-destaque","7":"category-noticia","8":"category-sindicato","9":"tag-reajuste-salarial","10":"tag-servico-publico"},"_links":{"self":[{"href":"https:\/\/sinasefesm.com\/index.php\/wp-json\/wp\/v2\/posts\/7081","targetHints":{"allow":["GET"]}}],"collection":[{"href":"https:\/\/sinasefesm.com\/index.php\/wp-json\/wp\/v2\/posts"}],"about":[{"href":"https:\/\/sinasefesm.com\/index.php\/wp-json\/wp\/v2\/types\/post"}],"author":[{"embeddable":true,"href":"https:\/\/sinasefesm.com\/index.php\/wp-json\/wp\/v2\/users\/7"}],"replies":[{"embeddable":true,"href":"https:\/\/sinasefesm.com\/index.php\/wp-json\/wp\/v2\/comments?post=7081"}],"version-history":[{"count":0,"href":"https:\/\/sinasefesm.com\/index.php\/wp-json\/wp\/v2\/posts\/7081\/revisions"}],"wp:attachment":[{"href":"https:\/\/sinasefesm.com\/index.php\/wp-json\/wp\/v2\/media?parent=7081"}],"wp:term":[{"taxonomy":"category","embeddable":true,"href":"https:\/\/sinasefesm.com\/index.php\/wp-json\/wp\/v2\/categories?post=7081"},{"taxonomy":"post_tag","embeddable":true,"href":"https:\/\/sinasefesm.com\/index.php\/wp-json\/wp\/v2\/tags?post=7081"}],"curies":[{"name":"wp","href":"https:\/\/api.w.org\/{rel}","templated":true}]}}