{"id":7082,"date":"2025-02-14T14:25:05","date_gmt":"2025-02-14T14:25:05","guid":{"rendered":"https:\/\/sinasefesm.com\/?p=7057"},"modified":"2025-02-14T14:25:05","modified_gmt":"2025-02-14T14:25:05","slug":"sinasefe-cobra-urgencia-na-criacao-do-rsc-tae","status":"publish","type":"post","link":"https:\/\/sinasefesm.com\/index.php\/2025\/02\/14\/sinasefe-cobra-urgencia-na-criacao-do-rsc-tae\/","title":{"rendered":"Sinasefe cobra urg\u00eancia na cria\u00e7\u00e3o do RSC-TAE"},"content":{"rendered":"\n<p>Seguindo na movimenta\u00e7\u00e3o para a cobran\u00e7a do cumprimento dos acordos de greve, o Sinasefe oficiou o Minist\u00e9rio da Gest\u00e3o e da Inova\u00e7\u00e3o em Servi\u00e7os P\u00fablicos (MGI) para a cria\u00e7\u00e3o urgente do Reconhecimento de Saberes e Compet\u00eancias de T\u00e9cnico-Administrativos em Educa\u00e7\u00e3o (RSC-TAE). O sindicato ressaltou que a cria\u00e7\u00e3o do RSC, j\u00e1 no primeiro trimestre ou quadrimestre de 2025, permitir\u00e1 ao governo a inclus\u00e3o natural desse instrumento na previs\u00e3o do Projeto de Lei Or\u00e7ament\u00e1ria (PLOA).<\/p>\n\n\n\n<p><em>\u201cO SINASEFE deseja que tudo ocorra conforme o esperado, pois a proposta original que levou ao acordo partiu,\u00a0<a href=\"https:\/\/sinasefe.org.br\/site\/carreira-tae-sindicato-protocola-sua-minuta-de-rsc-para-tecnicasos\/\" target=\"_blank\" rel=\"noreferrer noopener\">embrionariamente, de nossa entidade<\/a>, tendo contado com o apoio de todos os setores que comp\u00f5em a CNSC-MEC (MEC, Andifes, Conif e Fasubra) e, posteriormente, com o aceite do governo, o que gerou o compromisso do Termo de Acordo da \u00faltima greve dos T\u00e9cnico-Administrativos em Educa\u00e7\u00e3o\u201d<\/em>, explica o sindicato no of\u00edcio entregue ao governo.<\/p>\n\n\n\n<h3 class=\"wp-block-heading\">Hist\u00f3rico<\/h3>\n\n\n\n<p>O Sinasefe defende a concess\u00e3o de RSC para servidoras(es) t\u00e9cnico-administrativas(os) h\u00e1 mais de dez anos. Aprovada nos f\u00f3runs do sindicato em dezembro de 2014, durante a 128\u00aa PLENA, a defesa do RSC-TAE foi pauta de v\u00e1rias greves na Rede Federal. O tema tamb\u00e9m foi abordado em diversos GTs de Carreira do sindicato e em plen\u00e1rias nacionais.<\/p>\n\n\n\n<p>Uma consulta p\u00fablica para este tema foi aberta pelo Senado e recebeu mais de 20 mil apoios, mas a proposta, infelizmente, n\u00e3o avan\u00e7ou por causa da restri\u00e7\u00e3o para este tipo de medida legislativa, que precisaria partir do Executivo.<\/p>\n\n\n\n<p>Durante a\u00a0<a href=\"https:\/\/sinasefe.org.br\/site\/greve-2024\/\" target=\"_blank\" rel=\"noreferrer noopener\">Greve de 2024<\/a>, diante de intensa mobiliza\u00e7\u00e3o da categoria, a reivindica\u00e7\u00e3o hist\u00f3rica foi finalmente recebida pelo governo e formalizada no\u00a0<a href=\"https:\/\/sinasefe.org.br\/site\/sinasefe-assina-acordos-e-categoria-retoma-atividades-ate-03-07\/\" target=\"_blank\" rel=\"noreferrer noopener\">Termo de Acordo n\u00ba11\/2024 (cl\u00e1usula quarta)<\/a>.<\/p>\n\n\n\n<p>Confira mais detalhes <em><a href=\"https:\/\/sinasefe.org.br\/site\/sinasefe-cobra-criacao-do-rsc-tae-com-urgencia\/\">aqui<\/a><\/em>.<\/p>\n\n\n\n<p><em>Fonte e imagem: Sinasefe Nacional<br>Edi\u00e7\u00e3o: Fritz Rivail<\/em><\/p>\n","protected":false},"excerpt":{"rendered":"<p>Seguindo na movimenta\u00e7\u00e3o para a cobran\u00e7a do cumprimento dos acordos de greve, o Sinasefe oficiou o Minist\u00e9rio da Gest\u00e3o e da Inova\u00e7\u00e3o em Servi\u00e7os P\u00fablicos (MGI) para a cria\u00e7\u00e3o urgente do Reconhecimento de Saberes e Compet\u00eancias de T\u00e9cnico-Administrativos em Educa\u00e7\u00e3o (RSC-TAE). O sindicato ressaltou que a cria\u00e7\u00e3o do RSC, j\u00e1 no primeiro trimestre ou quadrimestre<\/p>\n","protected":false},"author":7,"featured_media":7058,"comment_status":"closed","ping_status":"closed","sticky":true,"template":"","format":"standard","meta":{"footnotes":""},"categories":[41,42,45],"tags":[201,213],"class_list":{"0":"post-7082","1":"post","2":"type-post","3":"status-publish","4":"format-standard","5":"has-post-thumbnail","7":"category-movimento","8":"category-noticia","9":"category-sindicato","10":"tag-reajuste-salarial","11":"tag-servico-publico"},"_links":{"self":[{"href":"https:\/\/sinasefesm.com\/index.php\/wp-json\/wp\/v2\/posts\/7082","targetHints":{"allow":["GET"]}}],"collection":[{"href":"https:\/\/sinasefesm.com\/index.php\/wp-json\/wp\/v2\/posts"}],"about":[{"href":"https:\/\/sinasefesm.com\/index.php\/wp-json\/wp\/v2\/types\/post"}],"author":[{"embeddable":true,"href":"https:\/\/sinasefesm.com\/index.php\/wp-json\/wp\/v2\/users\/7"}],"replies":[{"embeddable":true,"href":"https:\/\/sinasefesm.com\/index.php\/wp-json\/wp\/v2\/comments?post=7082"}],"version-history":[{"count":0,"href":"https:\/\/sinasefesm.com\/index.php\/wp-json\/wp\/v2\/posts\/7082\/revisions"}],"wp:featuredmedia":[{"embeddable":true,"href":"https:\/\/sinasefesm.com\/index.php\/wp-json\/wp\/v2\/posts\/7058"}],"wp:attachment":[{"href":"https:\/\/sinasefesm.com\/index.php\/wp-json\/wp\/v2\/media?parent=7082"}],"wp:term":[{"taxonomy":"category","embeddable":true,"href":"https:\/\/sinasefesm.com\/index.php\/wp-json\/wp\/v2\/categories?post=7082"},{"taxonomy":"post_tag","embeddable":true,"href":"https:\/\/sinasefesm.com\/index.php\/wp-json\/wp\/v2\/tags?post=7082"}],"curies":[{"name":"wp","href":"https:\/\/api.w.org\/{rel}","templated":true}]}}