{"id":7083,"date":"2025-02-17T11:55:44","date_gmt":"2025-02-17T11:55:44","guid":{"rendered":"https:\/\/sinasefesm.com\/?p=7060"},"modified":"2025-02-17T11:55:44","modified_gmt":"2025-02-17T11:55:44","slug":"sindicato-debate-decreto-que-centraliza-aposentadoria-no-inss","status":"publish","type":"post","link":"https:\/\/sinasefesm.com\/index.php\/2025\/02\/17\/sindicato-debate-decreto-que-centraliza-aposentadoria-no-inss\/","title":{"rendered":"Sindicato debate decreto que centraliza aposentadoria no INSS"},"content":{"rendered":"\n<p>O Sinasefe Nacional\u00a0<a href=\"https:\/\/www.facebook.com\/sinasefe.nacional\/posts\/pfbid02XyFh7AtjtA8cNxgUd9SzE32Gns1Zr41LzKH4ndK4yAT2LFnjXy942n1uSM88pjMPl\" target=\"_blank\" rel=\"noreferrer noopener\">participou<\/a>\u00a0na tarde de quarta-feira (12\/02), em Bras\u00edlia-DF, de uma reuni\u00e3o com o Instituto Nacional do Seguro Social (INSS).<\/p>\n\n\n\n<p>A reuni\u00e3o debateu o\u00a0<a href=\"https:\/\/sinasefe.org.br\/site\/inconstitucional-ilegal-incerto-e-incongruente-ajn-divulga-analise-preliminar-do-decreto-no-10-620-21\" target=\"_blank\" rel=\"noreferrer noopener\">Decreto 10.620\/2021<\/a>, do ent\u00e3o governo Bolsonaro, que estabeleceu a norma de centralizar as aposentadorias dos servidores p\u00fablicos no INSS, proposta que o sindicato \u00e9 radicalmente contr\u00e1rio.<\/p>\n\n\n\n<p>O foco do debate, em especial, foram as aposentadorias de servidores\/as do Instituto Federal de Alagoas (IFAL) e do Instituto Federal de Rond\u00f4nia (IFRO), contando com as presen\u00e7as dos reitores dos dois IFs \u2013 Carlos Guedes (IFAL) e Mois\u00e9s Jos\u00e9 (IFRO).<\/p>\n\n\n\n<p>As aposentadorias do IFAL e do IFRO foram retiradas das duas autarquias e repassadas ao INSS, o que tem gerado in\u00fameros problemas para servidores\/as.<\/p>\n\n\n\n<p>A luta contra o Decreto 10.620\/2021 e a\u00e7\u00f5es relativas \u00e0 defesa da aposentadoria dos servidores e servidoras e \u00e0 defesa da previd\u00eancia social foram pauta na\u00a0<a href=\"https:\/\/sinasefe.org.br\/site\/200a-plena-resumo-do-1o-dia\" target=\"_blank\" rel=\"noreferrer noopener\">200\u00aa Plen\u00e1ria Nacional do SINASEFE<\/a>.<\/p>\n\n\n\n<h3 class=\"wp-block-heading\">Representa\u00e7\u00e3o do SINASEFE<\/h3>\n\n\n\n<p>Nosso sindicato foi representado no espa\u00e7o por Andr\u00e9ia Pinsan (<a href=\"https:\/\/sinasefe.org.br\/site\/documentos\/direcao-nacional\/coordenacao-de-comunicacao\" target=\"_blank\" rel=\"noreferrer noopener\">secret\u00e1ria-adjunta de comunica\u00e7\u00e3o<\/a>) e Manoel Porto J\u00fanior (<a href=\"https:\/\/sinasefe.org.br\/site\/documentos\/direcao-nacional\/coordenacao-geral\" target=\"_blank\" rel=\"noreferrer noopener\">coordenador geral<\/a>). Yuri Buarque (presidente do\u00a0<a href=\"https:\/\/www.sintietfal.org.br\/\" target=\"_blank\" rel=\"noreferrer noopener\">Sintietfal-AL<\/a>) tamb\u00e9m esteve presente na reuni\u00e3o.<\/p>\n\n\n\n<p><em>Fonte e imagem: Sinasefe Nacional<br>Edi\u00e7\u00e3o: Fritz Rivail<\/em><\/p>\n","protected":false},"excerpt":{"rendered":"<p>O Sinasefe Nacional\u00a0participou\u00a0na tarde de quarta-feira (12\/02), em Bras\u00edlia-DF, de uma reuni\u00e3o com o Instituto Nacional do Seguro Social (INSS). A reuni\u00e3o debateu o\u00a0Decreto 10.620\/2021, do ent\u00e3o governo Bolsonaro, que estabeleceu a norma de centralizar as aposentadorias dos servidores p\u00fablicos no INSS, proposta que o sindicato \u00e9 radicalmente contr\u00e1rio. O foco do debate, em especial,<\/p>\n","protected":false},"author":7,"featured_media":7061,"comment_status":"closed","ping_status":"closed","sticky":true,"template":"","format":"standard","meta":{"footnotes":""},"categories":[42,45],"tags":[201,213],"class_list":{"0":"post-7083","1":"post","2":"type-post","3":"status-publish","4":"format-standard","5":"has-post-thumbnail","7":"category-noticia","8":"category-sindicato","9":"tag-reajuste-salarial","10":"tag-servico-publico"},"_links":{"self":[{"href":"https:\/\/sinasefesm.com\/index.php\/wp-json\/wp\/v2\/posts\/7083","targetHints":{"allow":["GET"]}}],"collection":[{"href":"https:\/\/sinasefesm.com\/index.php\/wp-json\/wp\/v2\/posts"}],"about":[{"href":"https:\/\/sinasefesm.com\/index.php\/wp-json\/wp\/v2\/types\/post"}],"author":[{"embeddable":true,"href":"https:\/\/sinasefesm.com\/index.php\/wp-json\/wp\/v2\/users\/7"}],"replies":[{"embeddable":true,"href":"https:\/\/sinasefesm.com\/index.php\/wp-json\/wp\/v2\/comments?post=7083"}],"version-history":[{"count":0,"href":"https:\/\/sinasefesm.com\/index.php\/wp-json\/wp\/v2\/posts\/7083\/revisions"}],"wp:featuredmedia":[{"embeddable":true,"href":"https:\/\/sinasefesm.com\/index.php\/wp-json\/wp\/v2\/posts\/7061"}],"wp:attachment":[{"href":"https:\/\/sinasefesm.com\/index.php\/wp-json\/wp\/v2\/media?parent=7083"}],"wp:term":[{"taxonomy":"category","embeddable":true,"href":"https:\/\/sinasefesm.com\/index.php\/wp-json\/wp\/v2\/categories?post=7083"},{"taxonomy":"post_tag","embeddable":true,"href":"https:\/\/sinasefesm.com\/index.php\/wp-json\/wp\/v2\/tags?post=7083"}],"curies":[{"name":"wp","href":"https:\/\/api.w.org\/{rel}","templated":true}]}}