{"id":7085,"date":"2025-02-18T13:19:06","date_gmt":"2025-02-18T13:19:06","guid":{"rendered":"https:\/\/sinasefesm.com\/?p=7066"},"modified":"2025-02-18T13:19:06","modified_gmt":"2025-02-18T13:19:06","slug":"200a-plena-do-sinasefe-aprova-plano-de-lutas","status":"publish","type":"post","link":"https:\/\/sinasefesm.com\/index.php\/2025\/02\/18\/200a-plena-do-sinasefe-aprova-plano-de-lutas\/","title":{"rendered":"200\u00aa Plena do Sinasefe aprova plano de lutas"},"content":{"rendered":"\n<p>De 14 a 16 de fevereiro ocorreu a 200\u00aa Reuni\u00e3o Plena do Sinasefe. Ap\u00f3s esses tr\u00eas dias de debates foi aprovado o plano de lutas do Sindicato Nacional. Ao todo, s\u00e3o quase 50 itens que tra\u00e7am as estrat\u00e9gias de a\u00e7\u00f5es do Sinasefe para o ano de 2025.<\/p>\n\n\n\n<p>Dentre os diversos pontos que foram deliberados est\u00e3o:<\/p>\n\n\n\n<p>&#8211; participar em 20 de fevereiro do dia nacional de luta pela aprova\u00e7\u00e3o da LOA e do cumprimento dos acordos de greve;<\/p>\n\n\n\n<p>&#8211; defender a aprova\u00e7\u00e3o do PL 5010\/2024 (transfer\u00eancia das escolas administradas pelo MD para MEC);<\/p>\n\n\n\n<p>&#8211; participar da Jornada de Lutas pela aprova\u00e7\u00e3o da LOA, com paralisa\u00e7\u00e3o nos dias 11 e 12 de mar\u00e7o com caravanas a Bras\u00edlia com o mote principal: Congresso Aprova a LOA J\u00e1! Tentar realizar a reuni\u00e3o ampliada com parlamentares da base do governo, audi\u00eancia com MGI, Casa Civil e MEC para atendimento de itens do Termo de Acordo;<\/p>\n\n\n\n<p>&#8211; reuni\u00e3o ampliada com a AJN e dire\u00e7\u00f5es de base e os jur\u00eddicos das se\u00e7\u00f5es, para forma\u00e7\u00e3o espec\u00edfica sobre inclus\u00e3o e direitos para PCDs e neurodivergentes;<\/p>\n\n\n\n<p>&#8211; atividades do m\u00eas da Mulher: audi\u00eancia p\u00fablica no Congresso Nacional (semana de 17 a 21 de mar\u00e7o);<\/p>\n\n\n\n<p>&#8211; reuni\u00e3o ampliada entre a pasta de Pol\u00edtica para Mulheres e as se\u00e7\u00f5es, garantida a participa\u00e7\u00e3o virtual (semana de 17 a 21 de mar\u00e7o);<\/p>\n\n\n\n<p>&#8211; realiza\u00e7\u00e3o de Encontros Regionais de Mulheres em 2025;<\/p>\n\n\n\n<p>&#8211; solicita\u00e7\u00e3o de participa\u00e7\u00e3o do Sinasefe Nacional na mesa setorial sobre os ex &#8211; territ\u00f3rios federais;<\/p>\n\n\n\n<p>&#8211; realizar, em conjunto com o CONIF, campanha pela realiza\u00e7\u00e3o de Concurso P\u00fablico para a Rede Federal;<\/p>\n\n\n\n<p>&#8211; constru\u00e7\u00e3o de protocolos de preven\u00e7\u00e3o e combate ao ass\u00e9dio, a partir das pastas de Pol\u00edticas para as Institui\u00e7\u00f5es de Ensino ligadas ao MD, Pol\u00edticas para Mulheres, Pol\u00edticas \u00c9tnico-raciais, Inclus\u00e3o e Acessibilidade, Pol\u00edticas para LGBTQIAPN+;<\/p>\n\n\n\n<p>&#8211; constru\u00e7\u00e3o de agenda conjunta com Andes e Fasubra, para organiza\u00e7\u00e3o das pol\u00edticas de combate \u00e0s opress\u00f5es, como tamb\u00e9m, de assuntos de aposentadoria.<\/p>\n\n\n\n<p>Confira <a href=\"https:\/\/sinasefe.org.br\/site\/200a-plena-resumo-do-3o-dia\/\">aqui<\/a> mais informa\u00e7\u00f5es sobre a 200\u00aa Plena.<\/p>\n\n\n\n<figure class=\"wp-block-image size-full\"><img decoding=\"async\" src=\"https:\/\/sinasefesm.com\/wp-content\/uploads\/2025\/02\/print-plena-de-14-a-16.02.jpg\" alt=\"\" class=\"wp-image-7069\"\/><\/figure>\n\n\n\n<p><em>Fonte e imagem: Sinasefe Nacional<br>Edi\u00e7\u00e3o: Fritz Rivail<\/em><\/p>\n","protected":false},"excerpt":{"rendered":"<p>De 14 a 16 de fevereiro ocorreu a 200\u00aa Reuni\u00e3o Plena do Sinasefe. Ap\u00f3s esses tr\u00eas dias de debates foi aprovado o plano de lutas do Sindicato Nacional. Ao todo, s\u00e3o quase 50 itens que tra\u00e7am as estrat\u00e9gias de a\u00e7\u00f5es do Sinasefe para o ano de 2025. Dentre os diversos pontos que foram deliberados est\u00e3o:<\/p>\n","protected":false},"author":7,"featured_media":7067,"comment_status":"closed","ping_status":"closed","sticky":true,"template":"","format":"standard","meta":{"footnotes":""},"categories":[41,42,45],"tags":[187,201,213],"class_list":{"0":"post-7085","1":"post","2":"type-post","3":"status-publish","4":"format-standard","5":"has-post-thumbnail","7":"category-movimento","8":"category-noticia","9":"category-sindicato","10":"tag-plenaria-nacional","11":"tag-reajuste-salarial","12":"tag-servico-publico"},"_links":{"self":[{"href":"https:\/\/sinasefesm.com\/index.php\/wp-json\/wp\/v2\/posts\/7085","targetHints":{"allow":["GET"]}}],"collection":[{"href":"https:\/\/sinasefesm.com\/index.php\/wp-json\/wp\/v2\/posts"}],"about":[{"href":"https:\/\/sinasefesm.com\/index.php\/wp-json\/wp\/v2\/types\/post"}],"author":[{"embeddable":true,"href":"https:\/\/sinasefesm.com\/index.php\/wp-json\/wp\/v2\/users\/7"}],"replies":[{"embeddable":true,"href":"https:\/\/sinasefesm.com\/index.php\/wp-json\/wp\/v2\/comments?post=7085"}],"version-history":[{"count":0,"href":"https:\/\/sinasefesm.com\/index.php\/wp-json\/wp\/v2\/posts\/7085\/revisions"}],"wp:featuredmedia":[{"embeddable":true,"href":"https:\/\/sinasefesm.com\/index.php\/wp-json\/wp\/v2\/posts\/7067"}],"wp:attachment":[{"href":"https:\/\/sinasefesm.com\/index.php\/wp-json\/wp\/v2\/media?parent=7085"}],"wp:term":[{"taxonomy":"category","embeddable":true,"href":"https:\/\/sinasefesm.com\/index.php\/wp-json\/wp\/v2\/categories?post=7085"},{"taxonomy":"post_tag","embeddable":true,"href":"https:\/\/sinasefesm.com\/index.php\/wp-json\/wp\/v2\/tags?post=7085"}],"curies":[{"name":"wp","href":"https:\/\/api.w.org\/{rel}","templated":true}]}}