{"id":7086,"date":"2025-02-19T14:45:51","date_gmt":"2025-02-19T14:45:51","guid":{"rendered":"https:\/\/sinasefesm.com\/?p=7074"},"modified":"2025-02-19T14:45:51","modified_gmt":"2025-02-19T14:45:51","slug":"carreiras-participe-da-enquete-do-senado-sobre-mpv-1286-24","status":"publish","type":"post","link":"https:\/\/sinasefesm.com\/index.php\/2025\/02\/19\/carreiras-participe-da-enquete-do-senado-sobre-mpv-1286-24\/","title":{"rendered":"Carreiras: participe da enquete do Senado sobre MPV 1286\/24"},"content":{"rendered":"\n<p>O Senado Federal submeteu \u00e0\u00a0<a href=\"https:\/\/www12.senado.leg.br\/ecidadania\/visualizacaomateria?id=166962\">consulta p\u00fablica<\/a>\u00a0a\u00a0<a href=\"https:\/\/www.planalto.gov.br\/ccivil_03\/_Ato2023-2026\/2024\/Mpv\/mpv1286.htm\" target=\"_blank\" rel=\"noreferrer noopener\">Medida Provis\u00f3ria (MPV) n\u00ba 1.286\/2024<\/a>, que reestruturou as carreiras de docentes e t\u00e9cnico-administrativos(as) em Educa\u00e7\u00e3o. Fruto da\u00a0<a href=\"https:\/\/sinasefe.org.br\/site\/greve-2024\/\" target=\"_blank\" rel=\"noreferrer noopener\">Greve de 2024<\/a>, essa reestrutura\u00e7\u00e3o de carreira ainda depende da aprova\u00e7\u00e3o desta MPV e da aprova\u00e7\u00e3o da\u00a0<a href=\"https:\/\/sinasefe.org.br\/site\/sem-orcamento-sem-futuro-aprova-a-loa-ja\/\" target=\"_blank\" rel=\"noreferrer noopener\">Lei Or\u00e7ament\u00e1ria Anual (LOA)<\/a>\u00a0para entrar em vigor definitivamente.\u00a0<strong><a href=\"https:\/\/www12.senado.leg.br\/ecidadania\/visualizacaomateria?id=166962\" target=\"_blank\" rel=\"noreferrer noopener\">Vote SIM<\/a><\/strong>\u00a0e demonstre seu o apoio a essa medida!<\/p>\n\n\n\n<p>Embora essa consulta n\u00e3o vincule os votos dos congressistas, ela tem o prop\u00f3sito de sinalizar a opini\u00e3o do p\u00fablico que participou da vota\u00e7\u00e3o, podendo contribuir com a opini\u00e3o de cada senador.<\/p>\n\n\n\n<p>Participe!\u00a0<strong><a href=\"https:\/\/www12.senado.leg.br\/ecidadania\/visualizacaomateria?id=166962\" target=\"_blank\" rel=\"noreferrer noopener\">Vote SIM<\/a><\/strong>\u00a0e demonstre seu o apoio \u00e0 essa medida!<\/p>\n\n\n\n<p><em>Fonte e imagem: Sinasefe Nacional<br>Edi\u00e7\u00e3o: Fritz Rivail<\/em><\/p>\n","protected":false},"excerpt":{"rendered":"<p>O Senado Federal submeteu \u00e0\u00a0consulta p\u00fablica\u00a0a\u00a0Medida Provis\u00f3ria (MPV) n\u00ba 1.286\/2024, que reestruturou as carreiras de docentes e t\u00e9cnico-administrativos(as) em Educa\u00e7\u00e3o. Fruto da\u00a0Greve de 2024, essa reestrutura\u00e7\u00e3o de carreira ainda depende da aprova\u00e7\u00e3o desta MPV e da aprova\u00e7\u00e3o da\u00a0Lei Or\u00e7ament\u00e1ria Anual (LOA)\u00a0para entrar em vigor definitivamente.\u00a0Vote SIM\u00a0e demonstre seu o apoio a essa medida! Embora essa<\/p>\n","protected":false},"author":7,"featured_media":7075,"comment_status":"closed","ping_status":"closed","sticky":true,"template":"","format":"standard","meta":{"footnotes":""},"categories":[41,42,45],"tags":[201,213],"class_list":{"0":"post-7086","1":"post","2":"type-post","3":"status-publish","4":"format-standard","5":"has-post-thumbnail","7":"category-movimento","8":"category-noticia","9":"category-sindicato","10":"tag-reajuste-salarial","11":"tag-servico-publico"},"_links":{"self":[{"href":"https:\/\/sinasefesm.com\/index.php\/wp-json\/wp\/v2\/posts\/7086","targetHints":{"allow":["GET"]}}],"collection":[{"href":"https:\/\/sinasefesm.com\/index.php\/wp-json\/wp\/v2\/posts"}],"about":[{"href":"https:\/\/sinasefesm.com\/index.php\/wp-json\/wp\/v2\/types\/post"}],"author":[{"embeddable":true,"href":"https:\/\/sinasefesm.com\/index.php\/wp-json\/wp\/v2\/users\/7"}],"replies":[{"embeddable":true,"href":"https:\/\/sinasefesm.com\/index.php\/wp-json\/wp\/v2\/comments?post=7086"}],"version-history":[{"count":0,"href":"https:\/\/sinasefesm.com\/index.php\/wp-json\/wp\/v2\/posts\/7086\/revisions"}],"wp:featuredmedia":[{"embeddable":true,"href":"https:\/\/sinasefesm.com\/index.php\/wp-json\/wp\/v2\/posts\/7075"}],"wp:attachment":[{"href":"https:\/\/sinasefesm.com\/index.php\/wp-json\/wp\/v2\/media?parent=7086"}],"wp:term":[{"taxonomy":"category","embeddable":true,"href":"https:\/\/sinasefesm.com\/index.php\/wp-json\/wp\/v2\/categories?post=7086"},{"taxonomy":"post_tag","embeddable":true,"href":"https:\/\/sinasefesm.com\/index.php\/wp-json\/wp\/v2\/tags?post=7086"}],"curies":[{"name":"wp","href":"https:\/\/api.w.org\/{rel}","templated":true}]}}