{"id":7088,"date":"2025-02-21T11:05:04","date_gmt":"2025-02-21T11:05:04","guid":{"rendered":"https:\/\/sinasefesm.com\/?p=7080"},"modified":"2025-02-21T11:05:04","modified_gmt":"2025-02-21T11:05:04","slug":"veja-como-foi-a-reuniao-da-mesa-de-negociacao-de-quinta-20-02","status":"publish","type":"post","link":"https:\/\/sinasefesm.com\/index.php\/2025\/02\/21\/veja-como-foi-a-reuniao-da-mesa-de-negociacao-de-quinta-20-02\/","title":{"rendered":"Veja como foi a reuni\u00e3o de Negocia\u00e7\u00e3o de quinta, 20\/02"},"content":{"rendered":"\n<p>Foi\u00a0<a href=\"https:\/\/web.facebook.com\/sinasefe.nacional\/posts\/pfbid0rfEZJWo6kbSF3ecFEenH2GtF1VtrjGEnRLgvn6LosdSWfPaBiM2ZpeK5HsptaY4l\" target=\"_blank\" rel=\"noreferrer noopener\">realizada<\/a>\u00a0na\u00a0<a href=\"https:\/\/sinasefe.org.br\/site\/reuniao-da-mesa-nacional-de-negociacao-permanente-15\" target=\"_blank\" rel=\"noreferrer noopener\">tarde desta quinta<\/a>\u00a0(20\/02) a\u00a0<a href=\"https:\/\/sinasefe.org.br\/site\/mgi-convoca-reuniao-da-mesa-central-da-mnnp-para-20-02\" target=\"_blank\" rel=\"noreferrer noopener\">10\u00aa reuni\u00e3o da Mesa Central<\/a>\u00a0da\u00a0<a href=\"https:\/\/sinasefe.org.br\/site\/negociacoes-sindicato-assina-protocolo-de-funcionamento-de-negociacoes-com-governo-federal\" target=\"_blank\" rel=\"noreferrer noopener\">Mesa Nacional de Negocia\u00e7\u00e3o Permanente<\/a>\u00a0(MNNP), que ocorreu presencialmente em Bras\u00edlia-DF, no anexo do bloco F da Esplanada dos Minist\u00e9rios. Durante o encontro, que durou mais de cinco horas, o governo se comprometeu a cumprir integralmente os acordos de greve que foram assinados ano passado. Contudo, a press\u00e3o do movimento sindical ir\u00e1 continuar, pois no Congresso, a vota\u00e7\u00e3o da Lei Or\u00e7ament\u00e1ria (LOA), com reajustes salariais e outros itens, pode atrasar.<\/p>\n\n\n\n<p>A reuni\u00e3o contou com a participa\u00e7\u00e3o de entidades do&nbsp;<a href=\"https:\/\/fonasefe.org\/\" target=\"_blank\" rel=\"noreferrer noopener\">Fonasefe<\/a>, de entidades do&nbsp;<a href=\"https:\/\/fonacate.org.br\/\" target=\"_blank\" rel=\"noreferrer noopener\">Fonacate<\/a>&nbsp;e de Centrais Sindicais, que foram recebidas pelos representantes do Minist\u00e9rio da Gest\u00e3o e da Inova\u00e7\u00e3o em Servi\u00e7os P\u00fablicos (MGI).<\/p>\n\n\n\n<p>Durante o debate, que durou quase cinco horas, o Governo apresentou suas pol\u00edticas para os Servidores P\u00fablicos Federais (SPFs), como a pol\u00edtica de sa\u00fade e a&nbsp;<a href=\"https:\/\/www.in.gov.br\/en\/web\/dou\/-\/instrucao-normativa-srt\/mgi-n-71-de-19-de-fevereiro-de-2025-613687478\" target=\"_blank\" rel=\"noreferrer noopener\">IN do MGI n\u00ba 71\/2025<\/a>, que trata do&nbsp;<a href=\"https:\/\/ne9.com.br\/governo-regulamenta-auxilio-transporte-a-servidores-publicos\" target=\"_blank\" rel=\"noreferrer noopener\">aux\u00edlio transporte<\/a>&nbsp;e&nbsp;<a href=\"https:\/\/www.in.gov.br\/en\/web\/dou\/-\/instrucao-normativa-srt\/mgi-n-71-de-19-de-fevereiro-de-2025-613687478\" target=\"_blank\" rel=\"noreferrer noopener\">j\u00e1 foi publicada no Di\u00e1rio Oficial da Uni\u00e3o<\/a>&nbsp;(DOU).<\/p>\n\n\n\n<p>Sobre os&nbsp;<a href=\"https:\/\/sinasefe.org.br\/site\/sinasefe-assina-acordos-e-categoria-retoma-atividades-ate-03-07\" target=\"_blank\" rel=\"noreferrer noopener\">Termos de Acordo<\/a>&nbsp;da&nbsp;<a href=\"https:\/\/sinasefe.org.br\/site\/greve-2024\" target=\"_blank\" rel=\"noreferrer noopener\">Greve 2024<\/a>&nbsp;para docentes (<a href=\"https:\/\/sinasefe.org.br\/site\/download\/termo-de-acordo-no-10-greve-2024-reestruturacao-do-pccmf-ebtt\" target=\"_blank\" rel=\"noreferrer noopener\">n\u00ba 10<\/a>) e para t\u00e9cnico-administrativos (<a href=\"https:\/\/sinasefe.org.br\/site\/download\/termo-de-acordo-no-11-greve-2024-reestruturacao-do-pcctae\" target=\"_blank\" rel=\"noreferrer noopener\">n\u00ba 11<\/a>), o Governo se comprometeu a cumprir todos os itens dos dois documentos.<\/p>\n\n\n\n<p>Enfatizamos a&nbsp;<a href=\"https:\/\/sinasefe.org.br\/site\/controle-de-frequencia-para-ebtt-sindicato-cobra-alteracao-do-decreto-no-1590-1995-a-casa-civil\" target=\"_blank\" rel=\"noreferrer noopener\">cobran\u00e7a pela reedi\u00e7\u00e3o<\/a>&nbsp;do&nbsp;<a href=\"https:\/\/www.planalto.gov.br\/ccivil_03\/decreto\/D1590.htm\" target=\"_blank\" rel=\"noreferrer noopener\">Decreto n\u00ba 1590\/1995<\/a>, que trata da dispensa do controle de frequ\u00eancia para docentes da carreira EBTT, questionando a demora no atendimento desta demanda.<\/p>\n\n\n\n<p>O Governo tentou justificar com a afirma\u00e7\u00e3o de que a Consultoria Jur\u00eddica da Casa Civil ainda n\u00e3o conseguiu avaliar o texto, mas garantiu que o ponto ser\u00e1 atendido.<\/p>\n\n\n\n<p>Houve tamb\u00e9m a alega\u00e7\u00e3o de que as mais de 500 emendas na&nbsp;<a href=\"https:\/\/sinasefe.org.br\/site\/vitoria-da-greve-medida-provisoria-do-reajuste-foi-publicada\" target=\"_blank\" rel=\"noreferrer noopener\">Medida Provis\u00f3ria n\u00ba 1286\/2024<\/a>&nbsp;podem atrasar a aprova\u00e7\u00e3o do texto no Congresso Nacional. Por conta disso, as entidades sindicais cobraram uma nova reuni\u00e3o com o MGI para uma an\u00e1lise do m\u00e9rito dessas emendas.<\/p>\n\n\n\n<p>Nosso sindicato foi representado na atividade por Antonildo Pereira (<a href=\"https:\/\/sinasefe.org.br\/site\/documentos\/direcao-nacional\/coordenacao-geral\" target=\"_blank\" rel=\"noreferrer noopener\">coordenador geral<\/a>), que participou de uma&nbsp;<a href=\"https:\/\/youtu.be\/3cY4DxGRD1I\" target=\"_blank\" rel=\"noreferrer noopener\"><em>live<\/em>&nbsp;de informe<\/a>&nbsp;<a href=\"https:\/\/www.instagram.com\/p\/DGT7UgJgiHI\" target=\"_blank\" rel=\"noreferrer noopener\">transmitida logo ap\u00f3s a reuni\u00e3o<\/a>. Confira ao final do texto. <\/p>\n\n\n\n<h3 class=\"wp-block-heading\">Jornada de Lutas<\/h3>\n\n\n\n<p>Antonildo tamb\u00e9m convocou as bases e&nbsp;<a href=\"https:\/\/sinasefe.org.br\/site\/secoes-sindicais\" target=\"_blank\" rel=\"noreferrer noopener\">se\u00e7\u00f5es sindicais<\/a>&nbsp;do SINASEFE para constru\u00e7\u00e3o da&nbsp;<a href=\"https:\/\/sinasefe.org.br\/site\/10-a-12-03-jornada-de-lutas-pela-aprovacao-da-loa\" target=\"_blank\" rel=\"noreferrer noopener\">Jornada de Lutas pela Aprova\u00e7\u00e3o da Lei Or\u00e7ament\u00e1ria Anual<\/a>&nbsp;(LOA), que&nbsp;<a href=\"https:\/\/sinasefe.org.br\/site\/comunicacao\/agenda\" target=\"_blank\" rel=\"noreferrer noopener\">acontecer\u00e1<\/a>&nbsp;de 10 a 12 de mar\u00e7o, com caravanas a Bras\u00edlia-DF e paralisa\u00e7\u00e3o de 48 horas nos dias 11 e 12 de mar\u00e7o.<\/p>\n\n\n\n<h3 class=\"wp-block-heading\">Pela aprova\u00e7\u00e3o da LOA, j\u00e1!<\/h3>\n\n\n\n<p>A&nbsp;<a href=\"https:\/\/www.planalto.gov.br\/ccivil_03\/_Ato2023-2026\/2024\/Mpv\/mpv1286.htm\" target=\"_blank\" rel=\"noreferrer noopener\">Medida Provis\u00f3ria n\u00ba 1286\/2024<\/a>, com os reajustes e as reestrutura\u00e7\u00f5es para servidores federais de 38 categorias (incluindo as carreiras do&nbsp;<a href=\"https:\/\/www.planalto.gov.br\/ccivil_03\/_ato2011-2014\/2012\/lei\/l12772.htm\" target=\"_blank\" rel=\"noreferrer noopener\">EBTT<\/a>&nbsp;e do&nbsp;<a href=\"https:\/\/www.planalto.gov.br\/ccivil_03\/_ato2004-2006\/2005\/lei\/l11091.htm\" target=\"_blank\" rel=\"noreferrer noopener\">PCCTAE<\/a>), garante efeitos de aumento salarial a partir de janeiro de 2025,&nbsp;<strong>mas \u00e9 importante frisar que o pagamento efetivo nos contracheques dos servidores s\u00f3 ocorrer\u00e1 ap\u00f3s a san\u00e7\u00e3o da LOA de 2025 \u2013 que est\u00e1 sendo objeto de chantagem por parlamentares do centr\u00e3o e da direita contra o Executivo<\/strong>.<\/p>\n\n\n\n<p>Ou seja, ap\u00f3s a LOA de 2025 ser aprovada e sancionada, o reajuste ser\u00e1 pago no contracheque seguinte, contemplando de forma retroativa os meses que n\u00e3o foram pagos a partir de janeiro de 2025.<\/p>\n\n\n\n<p>O Brasil e os servidores p\u00fablicos&nbsp;<a href=\"https:\/\/sinasefe.org.br\/site\/sem-orcamento-sem-futuro-aprova-a-loa-ja\" target=\"_blank\" rel=\"noreferrer noopener\">n\u00e3o podem ficar ref\u00e9ns de interesses escusos<\/a>: vamos \u00e0 luta pela aprova\u00e7\u00e3o da LOA, j\u00e1!<\/p>\n\n\n\n<p>Confira abaixo as fotos da reuni\u00e3o da Mesa Central da MNNP que ocorreu em 20\/02 e est\u00e3o dispon\u00edveis em&nbsp;<a href=\"https:\/\/sinasefe.org.br\/site\/reuniao-da-mesa-nacional-de-negociacao-permanente-15\" target=\"_blank\" rel=\"noreferrer noopener\">nossa galeria<\/a>.<\/p>\n\n\n\n<p>Confira a<a href=\"https:\/\/www.youtube.com\/watch?v=3cY4DxGRD1I\"> <strong>live<\/strong> <\/a>sobre a reuni\u00e3o.<\/p>\n\n\n\n<p><em>Fonte e imagem: Sinasefe Nacional<br>Edi\u00e7\u00e3o: Fritz Rivail<\/em><\/p>\n","protected":false},"excerpt":{"rendered":"<p>Foi\u00a0realizada\u00a0na\u00a0tarde desta quinta\u00a0(20\/02) a\u00a010\u00aa reuni\u00e3o da Mesa Central\u00a0da\u00a0Mesa Nacional de Negocia\u00e7\u00e3o Permanente\u00a0(MNNP), que ocorreu presencialmente em Bras\u00edlia-DF, no anexo do bloco F da Esplanada dos Minist\u00e9rios. Durante o encontro, que durou mais de cinco horas, o governo se comprometeu a cumprir integralmente os acordos de greve que foram assinados ano passado. Contudo, a press\u00e3o do<\/p>\n","protected":false},"author":7,"featured_media":7081,"comment_status":"closed","ping_status":"closed","sticky":true,"template":"","format":"standard","meta":{"footnotes":""},"categories":[37,42,45],"tags":[201,213],"class_list":{"0":"post-7088","1":"post","2":"type-post","3":"status-publish","4":"format-standard","5":"has-post-thumbnail","7":"category-destaque","8":"category-noticia","9":"category-sindicato","10":"tag-reajuste-salarial","11":"tag-servico-publico"},"_links":{"self":[{"href":"https:\/\/sinasefesm.com\/index.php\/wp-json\/wp\/v2\/posts\/7088","targetHints":{"allow":["GET"]}}],"collection":[{"href":"https:\/\/sinasefesm.com\/index.php\/wp-json\/wp\/v2\/posts"}],"about":[{"href":"https:\/\/sinasefesm.com\/index.php\/wp-json\/wp\/v2\/types\/post"}],"author":[{"embeddable":true,"href":"https:\/\/sinasefesm.com\/index.php\/wp-json\/wp\/v2\/users\/7"}],"replies":[{"embeddable":true,"href":"https:\/\/sinasefesm.com\/index.php\/wp-json\/wp\/v2\/comments?post=7088"}],"version-history":[{"count":0,"href":"https:\/\/sinasefesm.com\/index.php\/wp-json\/wp\/v2\/posts\/7088\/revisions"}],"wp:featuredmedia":[{"embeddable":true,"href":"https:\/\/sinasefesm.com\/index.php\/wp-json\/wp\/v2\/posts\/7081"}],"wp:attachment":[{"href":"https:\/\/sinasefesm.com\/index.php\/wp-json\/wp\/v2\/media?parent=7088"}],"wp:term":[{"taxonomy":"category","embeddable":true,"href":"https:\/\/sinasefesm.com\/index.php\/wp-json\/wp\/v2\/categories?post=7088"},{"taxonomy":"post_tag","embeddable":true,"href":"https:\/\/sinasefesm.com\/index.php\/wp-json\/wp\/v2\/tags?post=7088"}],"curies":[{"name":"wp","href":"https:\/\/api.w.org\/{rel}","templated":true}]}}